{"id":20612,"date":"2020-05-12T22:55:47","date_gmt":"2020-05-12T22:55:47","guid":{"rendered":"https:\/\/redsemlac.com\/semmexico\/?p=20612"},"modified":"2023-07-21T16:19:18","modified_gmt":"2023-07-21T21:19:18","slug":"italia-no-quiere-a-sus-expertas-para-salir-de-la-crisis","status":"publish","type":"post","link":"https:\/\/redsemlac.com\/semmexico\/italia-no-quiere-a-sus-expertas-para-salir-de-la-crisis\/","title":{"rendered":"Italia no quiere a sus expertas para salir de la crisis"},"content":{"rendered":"\n<p class=\"wp-block-paragraph\"><strong>Por Luc\u00eda Cort\u00e9s<\/strong><\/p>\n\n\n\n<p class=\"wp-block-paragraph\">SemM\u00e9xico\/AmecoPress. Madrid, 12 mayo 2020.&nbsp;&nbsp;\u2013 Un grupo de diecisiete senadoras italianas ha dirigido una carta abierta al primer ministro, Giuseppe Conte reclamando mayor presencia de expertas. Bajo el hastag #Datecivoce (dadnos voz) miles de mujeres reclaman que se las tenga en cuenta en la elaboraci\u00f3n de los comit\u00e9s asesores que est\u00e1n gestionando la salida de la crisis sanitaria en Italia.<\/p>\n\n\n\n<p class=\"wp-block-paragraph\">A d\u00eda de hoy la reconstrucci\u00f3n de Italia est\u00e1 en manos de un hombre: Vittorio Colao. A \u00e9l le ha encargado Giuseppe Conte la gesti\u00f3n de la fase 2 de la salida del pa\u00eds de la crisis, despu\u00e9s de haberse encargado \u00e9l mismo de la fase 1. Pero en uno de los pa\u00edses m\u00e1s golpeados a nivel mundial por la pandemia, las expertas no cuentan. En la primera fase, los rostros que ve\u00eda el pueblo italiano en las conferencias de prensa eran todos de hombres: el de Conte, sus ministros y los quince expertos. Colao ten\u00eda entre sus responsabilidades la creaci\u00f3n de los grupos de trabajo que analizar\u00edan la situaci\u00f3n y asesorar\u00edan en la toma de decisiones. En esta segunda fase de 17 personas expertas, solo cuatro eran mujeres. Llegadas a este punto la pregunta es irrenunciable, \u00bfes que no hay cient\u00edficas en Italia? La respuesta es s\u00ed y muy buenas. Y quieren que las tengan en cuenta.<\/p>\n\n\n\n<p class=\"wp-block-paragraph\">La buena noticia es que el premier Conte ha mostrado prop\u00f3sito de enmienda. Tras la aparici\u00f3n de la carta firmada por un grupo de 17 senadoras se hizo p\u00fablico un comunicado de Giuseppe Conte en el que se\u00f1alaba que: \u201choy mismo llamar\u00e9 a Vittorio Colao y del mismo modo en las pr\u00f3ximas horas, pedir\u00e9 al jefe de Protecci\u00f3n Civil, Angelo Borrelli, que el Comit\u00e9 t\u00e9cnico cient\u00edfico est\u00e9 conformado con una presencia femenina adecuada\u201d. Adem\u00e1s invita al resto de ministros del ejecutivo a que tengan presente el equilibrio de g\u00e9nero en los grupos de trabajo de sus respectivas \u00e1reas.<\/p>\n\n\n\n<p class=\"wp-block-paragraph\">La carta abierta, publicada el 12 de abril, dec\u00eda: \u201cpedimos por tanto que desde ahora, en las comisiones y grupos de trabajo constituidos y por constituirse, se valore el talento femenino y que se incluya un n\u00famero adecuado de mujeres capaces equiparable a la representaci\u00f3n femenina en el pa\u00eds, que es la mitad de la poblaci\u00f3n. Cuatro mujeres de diecisiete, en efecto, no es solo una falta de reconocimiento al patrimonio y competencias femeninas, sino que no ofrece ni si quiera una representaci\u00f3n de nuestra Italia\u201d.<\/p>\n\n\n\n<p class=\"wp-block-paragraph\">El movimiento #Datecivoce naci\u00f3 del descontento y la indignaci\u00f3n de las mujeres italianas que sent\u00edan que no se las estaba teniendo en cuenta, que la mitad de la poblaci\u00f3n no estaba participando en las decisiones que determinar\u00e1n el rumbo del pa\u00eds. #Datecivoce ha crecido imparable con adhesiones de organizaciones que representan a m\u00e1s de 200.000 mujeres en su recogida de firmas. Adem\u00e1s el 2 de mayo organizaron un flashmob online en el que ped\u00edan a quienes apoyaran la iniciativa que se tomaran un selfie con su mascarilla y el hastag. Su planteamiento est\u00e1 claro: la reconstrucci\u00f3n del pa\u00eds no puede quedar en manos \u00fanicamente del 50% de la poblaci\u00f3n, pues inevitablemente tomar\u00e1n las decisiones a su medida. La participaci\u00f3n de las mujeres es fundamental para alcanzar una sociedad m\u00e1s justa e igualitaria.<\/p>\n","protected":false},"excerpt":{"rendered":"<p>El movimiento #Datecivoce naci\u00f3 del descontento y la indignaci\u00f3n de las mujeres italianas que sent\u00edan que no se las estaba teniendo en cuenta, que la mitad de la poblaci\u00f3n no estaba participando en las decisiones que determinar\u00e1n el rumbo del pa\u00eds. <\/p>\n","protected":false},"author":3,"featured_media":20613,"comment_status":"open","ping_status":"open","sticky":false,"template":"","format":"standard","meta":{"_monsterinsights_skip_tracking":false,"footnotes":""},"categories":[691,53],"tags":[],"class_list":["post-20612","post","type-post","status-publish","format-standard","has-post-thumbnail","category-691","category-internacional"],"_links":{"self":[{"href":"https:\/\/redsemlac.com\/semmexico\/wp-json\/wp\/v2\/posts\/20612","targetHints":{"allow":["GET"]}}],"collection":[{"href":"https:\/\/redsemlac.com\/semmexico\/wp-json\/wp\/v2\/posts"}],"about":[{"href":"https:\/\/redsemlac.com\/semmexico\/wp-json\/wp\/v2\/types\/post"}],"author":[{"embeddable":true,"href":"https:\/\/redsemlac.com\/semmexico\/wp-json\/wp\/v2\/users\/3"}],"replies":[{"embeddable":true,"href":"https:\/\/redsemlac.com\/semmexico\/wp-json\/wp\/v2\/comments?post=20612"}],"version-history":[{"count":0,"href":"https:\/\/redsemlac.com\/semmexico\/wp-json\/wp\/v2\/posts\/20612\/revisions"}],"wp:featuredmedia":[{"embeddable":true,"href":"https:\/\/redsemlac.com\/semmexico\/wp-json\/wp\/v2\/media\/20613"}],"wp:attachment":[{"href":"https:\/\/redsemlac.com\/semmexico\/wp-json\/wp\/v2\/media?parent=20612"}],"wp:term":[{"taxonomy":"category","embeddable":true,"href":"https:\/\/redsemlac.com\/semmexico\/wp-json\/wp\/v2\/categories?post=20612"},{"taxonomy":"post_tag","embeddable":true,"href":"https:\/\/redsemlac.com\/semmexico\/wp-json\/wp\/v2\/tags?post=20612"}],"curies":[{"name":"wp","href":"https:\/\/api.w.org\/{rel}","templated":true}]}}