{"id":20609,"date":"2020-05-12T22:52:31","date_gmt":"2020-05-12T22:52:31","guid":{"rendered":"https:\/\/redsemlac.com\/semmexico\/?p=20609"},"modified":"2023-07-21T16:19:18","modified_gmt":"2023-07-21T21:19:18","slug":"hermana-jornalera-nosotras-si-te-creemos","status":"publish","type":"post","link":"https:\/\/redsemlac.com\/semmexico\/hermana-jornalera-nosotras-si-te-creemos\/","title":{"rendered":"\u201cHermana jornalera: nosotras s\u00ed te creemos\u201d"},"content":{"rendered":"\n<ul class=\"wp-block-list\"><li> <strong>Una temporera migrante denuncia abusos sexuales y despu\u00e9s \u201ccambia su relato\u201d. Un nuevo ejemplo que evidencia la invalidez de los procedimientos existentes para estos casos y refuerza la revictimizaci\u00f3n y la estigmatizaci\u00f3n que enfrentan las jornaleras <\/strong><\/li><\/ul>\n\n\n\n<p class=\"wp-block-paragraph\"><strong>Por Gloria L\u00f3pez<\/strong><\/p>\n\n\n\n<p class=\"wp-block-paragraph\">SemM\u00e9xico\/AmecoPress. Madrid, 12 mayo. 2020. No es la primera vez que sucede. Una jornalera migrante denuncia abusos sexuales por parte de los encargados o due\u00f1os de las fincas en las que trabajan y despu\u00e9s \u201ccambian su relato\u201d. En esta ocasi\u00f3n, la noticia surgi\u00f3 el pasado jueves, 7 de mayo, cuando se hac\u00eda p\u00fablica la denuncia de una presunta agresi\u00f3n sexual sucedida en la empresa Frutas Los Vuelos SL, propiedad del agricultor Crist\u00f3bal Pic\u00f3n, un conocido empresario local, presidente de la Cooperativa \u2018Costa de Huelva\u2019 (Coophuelva) y vicepresidente del lobby patronal Interfresa. La v\u00edctima de la agresi\u00f3n, una jornalera con contrato de origen marroqu\u00ed que estaba en su tercer a\u00f1o de campa\u00f1a de recolecci\u00f3n de la fresa en Huelva, decidi\u00f3 finalmente modificar su testimonio, por algo que tal vez solo ella sabe y que hay que respetar. Pero este nuevo caso evidencia la invalidez de ciertos procedimientos, como han denunciado reiteradamente diversas organizaciones.<\/p>\n\n\n\n<p class=\"wp-block-paragraph\">\u201cHace unos 3 meses, en las jornadas sobre las temporeras que se celebraron en Sevilla, le preguntamos directamente al responsable del PRELSI -Plan de Responsabilidad \u00c9tica, Laboral y Social de la Interprofesional de la Fresa y los Frutos Rojos de Andaluc\u00eda (Interfresa)- por su protocolo de actuaci\u00f3n. Resulta cuanto menos sospechoso que el procedimiento despu\u00e9s de que una mujer denuncie una agresi\u00f3n sea trasladar esta denuncia a Interfresa, el \u00f3rgano m\u00e1s fuerte de la patronal, para despu\u00e9s informar al empresario de la finca donde ocurren los hechos y ya luego, si eso, se denuncia ante las autoridades lo ocurrido\u201d. As\u00ed resume Ana Pinto, de Jornaleras de Huelva en Lucha, un proceso cargado de impedimentos y sin protecci\u00f3n para las mujeres, trabajadoras que ya de por s\u00ed se encuentran en una situaci\u00f3n de vulnerabilidad.<\/p>\n\n\n\n<p class=\"wp-block-paragraph\">Tras la denuncia y los cambios posteriores que se sucedieron el pasado jueves, desde la Plataforma #RegularizacionYa, se ha hecho p\u00fablico un comunicado en apoyo a las compa\u00f1eras jornaleras del campo en Andaluc\u00eda, donde se enfatiza en un mensaje principal: \u201cHermana jornalera: Nosotras s\u00ed te creemos.\u201d El texto denuncia que Espa\u00f1a, estado que enaltece su pacto por la \u201cigualdad\u201d y contra la violencia de g\u00e9nero, demuestra nuevamente c\u00f3mo, \u201cdesde su racismo estructural, unas vidas valen m\u00e1s que otras; las mujeres, migrantes, empobrecidas y dedicadas a un sector productivo infravalorado como el primario, quedan relegadas al \u00faltimo plano\u201d. Y puntualiza que la mayor dificultad en la lucha contra el racismo, la violencia sexual y los tratos inhumanos hacia las compa\u00f1eras trabajadoras jornaleras marroqu\u00edes de los frutos rojos del sur de Espa\u00f1a, es demostrar que est\u00e1n sujetas de forma constante a estos patrones de violencia.<\/p>\n\n\n\n<p class=\"wp-block-paragraph\"><strong>\u00bfSi tocan a una, nos tocan realmente a todas?<\/strong><\/p>\n\n\n\n<p class=\"wp-block-paragraph\">\u201cEsto favorece un clima para la revictimizaci\u00f3n y la estigmatizaci\u00f3n permanente de las mujeres que los sufren, derivando en intimidaci\u00f3n, silenciamiento e impunidad, desacreditando constantemente sus voces\u201d, advierte el texto. \u201cEsto nos hace preguntarnos por el lema popular del feminismo blanco hegem\u00f3nico: \u00bfsi tocan a una, nos tocan realmente a todas?\u201d<\/p>\n\n\n\n<p class=\"wp-block-paragraph\">El comunicado insiste en los \u201cmuchos casos de denuncias que no se llevan a t\u00e9rmino, porque los pasos para interponerlas son muy dif\u00edciles de concretar\u201d. Denunciar ante las violencias m\u00faltiples implica, por lo tanto, \u201cbarreras burocr\u00e1ticas interminables, pensadas para que tanto ellas como cualquiera de nosotras, desistamos a lo largo de estos procesos. Se trata de laberintos procedimentales que nos condenan, parad\u00f3jicamente, a la indefensi\u00f3n\u201d. Y enfatizan: \u201cEstos casos y pr\u00e1cticas llevan denunciando al menos desde 2006 sin haberse erradicado ni perseguido activamente\u201d.<\/p>\n\n\n\n<p class=\"wp-block-paragraph\"><strong>El intento de dividir y de enfrentar<\/strong><\/p>\n\n\n\n<p class=\"wp-block-paragraph\">\u201c\u00bfPara qu\u00e9 sirve realmente este plan \u00e9tico socio laboral que lleva a cabo el \u00f3rgano principal de la patronal del fruto rojo? \u00bfPara defender los derechos y la integridad de estas mujeres o para detectar los posibles casos de agresiones, intentar callar bocas y salvaguardar la imagen del sector?\u201d, explican desde Jornaleras de Huelva en Lucha. Ana Pinto recuerda que la jornalera que denunci\u00f3 una agresi\u00f3n el pasado jueves, trabaja en la finca del expresidente de Freshuelva y de Interfresa, y actual presidente de Coop Huelva, qui\u00e9n asegura que la mujer se ha autolesionado. Este se\u00f1or ha hecho declaraciones como esta: \u00abSin los inmigrantes, no podr\u00edamos generar riqueza. Los necesitamos. Con el paro agr\u00edcola, los de aqu\u00ed no quieren trabajar: prefieren cobrar las ayudas que venir a recolectar al campo\u00bb.<\/p>\n\n\n\n<p class=\"wp-block-paragraph\">Son, dice Ana Pinto, \u201clas t\u00edpicas declaraciones que lanzan una y otra vez poni\u00e9ndonos de flojos y haciendo ver que vivimos del cuento, con las que generan discursos de odio de la poblaci\u00f3n aut\u00f3ctona hacia la poblaci\u00f3n migrante. El divide y vencer\u00e1s del que hablamos en tantas ocasiones, y que incluso se propaga produciendo enfrentamientos entre comunidades de migrantes, africanos que acusan a las mujeres marroqu\u00edes de ser responsables de las malas condiciones de trabajo por todo lo que aceptan&#8230;\u201d. Sin embargo, Pinto tambi\u00e9n destaca que la labor que est\u00e1n realizando sindicatos y organizaciones, visibilizando injusticias, tratando de ayudar a los trabajadores y las trabajadoras, \u201cest\u00e1n dando frutos\u201d. \u201cLas jornaleras y los jornaleros se atreven cada vez m\u00e1s a hacernos llegar sus denuncias y agradecimientos; en algunas cosas, vamos consiguiendo peque\u00f1os logros que demuestran que si nos unimos y desde las bases luchamos y denunciamos, podemos conseguir beneficios\u201d.<br><\/p>\n","protected":false},"excerpt":{"rendered":"<p>Una temporera migrante denuncia abusos sexuales y despu\u00e9s \u201ccambia su relato\u201d. Un nuevo ejemplo que evidencia la invalidez de los procedimientos existentes para estos casos y refuerza la revictimizaci\u00f3n y la estigmatizaci\u00f3n que enfrentan las jornaleras <\/p>\n","protected":false},"author":3,"featured_media":20610,"comment_status":"open","ping_status":"open","sticky":false,"template":"","format":"standard","meta":{"_monsterinsights_skip_tracking":false,"footnotes":""},"categories":[691,53],"tags":[],"class_list":["post-20609","post","type-post","status-publish","format-standard","has-post-thumbnail","category-691","category-internacional"],"_links":{"self":[{"href":"https:\/\/redsemlac.com\/semmexico\/wp-json\/wp\/v2\/posts\/20609","targetHints":{"allow":["GET"]}}],"collection":[{"href":"https:\/\/redsemlac.com\/semmexico\/wp-json\/wp\/v2\/posts"}],"about":[{"href":"https:\/\/redsemlac.com\/semmexico\/wp-json\/wp\/v2\/types\/post"}],"author":[{"embeddable":true,"href":"https:\/\/redsemlac.com\/semmexico\/wp-json\/wp\/v2\/users\/3"}],"replies":[{"embeddable":true,"href":"https:\/\/redsemlac.com\/semmexico\/wp-json\/wp\/v2\/comments?post=20609"}],"version-history":[{"count":0,"href":"https:\/\/redsemlac.com\/semmexico\/wp-json\/wp\/v2\/posts\/20609\/revisions"}],"wp:featuredmedia":[{"embeddable":true,"href":"https:\/\/redsemlac.com\/semmexico\/wp-json\/wp\/v2\/media\/20610"}],"wp:attachment":[{"href":"https:\/\/redsemlac.com\/semmexico\/wp-json\/wp\/v2\/media?parent=20609"}],"wp:term":[{"taxonomy":"category","embeddable":true,"href":"https:\/\/redsemlac.com\/semmexico\/wp-json\/wp\/v2\/categories?post=20609"},{"taxonomy":"post_tag","embeddable":true,"href":"https:\/\/redsemlac.com\/semmexico\/wp-json\/wp\/v2\/tags?post=20609"}],"curies":[{"name":"wp","href":"https:\/\/api.w.org\/{rel}","templated":true}]}}