{"id":20606,"date":"2020-05-12T22:50:07","date_gmt":"2020-05-12T22:50:07","guid":{"rendered":"https:\/\/redsemlac.com\/semmexico\/?p=20606"},"modified":"2023-07-21T16:19:18","modified_gmt":"2023-07-21T21:19:18","slug":"los-datos-evidencian-la-necesidad-de-perspectiva-de-genero-en-la-respuesta-a-la-pandemia-para-evitar-mas-desigualdades","status":"publish","type":"post","link":"https:\/\/redsemlac.com\/semmexico\/los-datos-evidencian-la-necesidad-de-perspectiva-de-genero-en-la-respuesta-a-la-pandemia-para-evitar-mas-desigualdades\/","title":{"rendered":"Los datos evidencian la necesidad de perspectiva de g\u00e9nero en la respuesta a la pandemia para evitar m\u00e1s desigualdades"},"content":{"rendered":"\n<ul class=\"wp-block-list\"><li><strong>La sobrecarga del trabajo sanitario y servicios esenciales, la mayor responsabilidad en las tareas dom\u00e9sticas y de cuidados, la mayor pobreza y precariedad laboral y el aumento del riesgo de sufrir violencia de g\u00e9nero son los principales factores que incrementan el impacto de la crisis sobre las mujeres <\/strong><\/li><\/ul>\n\n\n\n<p class=\"wp-block-paragraph\"><strong>Por Redacci\u00f3n AmecoPress<\/strong><\/p>\n\n\n\n<p class=\"wp-block-paragraph\">SemM\u00e9xico\/AmecoPress. Madrid. 12 de mayo de 2020.- Un informe realizado por el Instituto de la Mujer y para la Igualdad de Oportunidades, del Ministerio de Igualdad, pone de manifiesto el diferente impacto que la pandemia de la COVID-19 tiene sobre hombres y mujeres, as\u00ed como las consecuencias tanto econ\u00f3micas como sociales y familiares que tambi\u00e9n difieren considerablemente entre un g\u00e9nero y otro. Es por eso que la perspectiva de g\u00e9nero en la respuesta ante la crisis es ineludible y la \u00fanica forma de que no aumenten a\u00fan m\u00e1s las desigualdades.<\/p>\n\n\n\n<p class=\"wp-block-paragraph\">El mayor impacto del virus sobre las mujeres, que est\u00e1n en primera l\u00ednea de respuesta a la enfermedad, se debe principalmente a tres aspectos:<\/p>\n\n\n\n<p class=\"wp-block-paragraph\">&#8211; La sobrecarga del trabajo sanitario y de servicios esenciales. En Espa\u00f1a, seg\u00fan la EPA, las mujeres representan el 66% del personal sanitario. Concretamente, el porcentaje de mujeres es de 84 % en enfermer\u00eda, el 72 % en farmacia, el 82 % en psicolog\u00eda y el 84 % del personal de residencias para mayores y personas dependientes, donde se han dado los casos m\u00e1s graves y mayor n\u00famero de fallecimientos. Adem\u00e1s, son mayor\u00eda en sectores del comercio de alimentaci\u00f3n y de los servicios de limpieza hospitalaria y de residencias que son esenciales para el mantenimiento de las poblaciones. A estos colectivos profesionales se suman las empleadas de hogar y cuidadoras, que asumen una importante parte de los cuidados de las personas dependientes.<\/p>\n\n\n\n<p class=\"wp-block-paragraph\">&#8211; La responsabilidad de las tareas de cuidados. En el \u00e1mbito privado, las mujeres asumen la mayor parte del trabajo dom\u00e9stico y el 70 % de las tareas de cuidados. A la desigualdad y dificultad habitual en conciliaci\u00f3n y falta de corresponsabilidad, se ha unido el cierre de centros educativos y el teletrabajo, aumentando la sobrecarga en este \u00e1mbito. Especialmente afectadas se han visto las familias monoparentales, de las que 8 de cada 10 est\u00e1n encabezadas por mujeres<\/p>\n\n\n\n<p class=\"wp-block-paragraph\">&#8211; La mayor pobreza y precariedad laboral que sufren las mujeres. Esto las sit\u00faa en peor situaci\u00f3n para afrontar una nueva crisis y un nuevo mercado de trabajo. Adem\u00e1s de que algunos de los sectores m\u00e1s afectados, como el comercio, turismo y hosteler\u00eda, est\u00e1n altamente feminizados, a esta perspectiva hay que sumarle el factor de desempleo en Espa\u00f1a, que tambi\u00e9n afecta en mayor medida a las mujeres, as\u00ed como las condiciones de precariedad laboral con respecto a los hombres.<\/p>\n\n\n\n<p class=\"wp-block-paragraph\">En cuanto a las trabajadoras del hogar, uno de los grupos m\u00e1s precarizados y desprotegidos, la existencia del despido por desistimiento, la falta de acceso a la prestaci\u00f3n por desempleo y tambi\u00e9n su elevado nivel de exposici\u00f3n al contagio las convierte en uno de los colectivos m\u00e1s vulnerables, sobre todo considerando el elevado porcentaje de ellas que permanecen en la econom\u00eda informal. Adem\u00e1s, en este \u00faltimo mes se han producido un 3\u20193 % menos de altas en la Seguridad Social, y en general, el paro femenino ha aumentado un 6,5%, y contin\u00faa siendo considerablemente superior que el masculino.<\/p>\n\n\n\n<p class=\"wp-block-paragraph\">En cuanto a la implantaci\u00f3n del teletrabajo, el informe apunta a que \u00e9ste tambi\u00e9n debe establecerse teniendo en cuenta el enfoque de g\u00e9nero y atendiendo al principio de corresponsabilidad, ya que si no todo el peso de los cuidados recaer\u00e1, sin ninguna duda, sobre las mujeres, que deber\u00e1n compaginarlo todo en el mismo espacio y al mismo tiempo.<\/p>\n\n\n\n<p class=\"wp-block-paragraph\">Pero uno de los datos que, seg\u00fan ha recogido el informe, m\u00e1s preocupan- y gravemente &#8211; en relaci\u00f3n con la situaci\u00f3n de las mujeres, ha sido el aumento del riesgo de violencia de g\u00e9nero y otros tipos de violencia contra las mujeres derivado de la situaci\u00f3n de reclusi\u00f3n en los hogares. Los datos de llamadas y consultas online al 016 durante el confinamiento muestran este impacto al aumentar las demandas considerablemente: seg\u00fan los datos de la Delegaci\u00f3n de Gobierno contra la Violencia de G\u00e9nero, durante la primera quincena del mes de abril con respecto a la primera quincena del mes de marzo, en 2020, en el caso de las llamadas se ha producido un incremento del 48 %, que asciende hasta el 733,3 % en el caso de las consultas online. Comparando el periodo del 14 de marzo al 15 de abril de 2020 y 2019, los incrementos han sido del 31 % en el n\u00famero de llamadas y del 443,5 % en el de consultas online, lo que demuestra un claro aumento de situaciones de violencia en muchas casas.<\/p>\n\n\n\n<p class=\"wp-block-paragraph\"><strong>Familias monomarentales: necesidad de pol\u00edticas p\u00fablicas que protejan los cuidados y la conciliaci\u00f3n<\/strong><\/p>\n\n\n\n<p class=\"wp-block-paragraph\">Como se se\u00f1al\u00f3 anteriormente, las familias monoparentales se han visto gravemente afectadas durante esta crisis, con el cierre de centros educativos y la habitual dificultad en materia de cuidados y corresponsabilidad a las que estas familias est\u00e1n expuestas. En Espa\u00f1a, existen algo m\u00e1s de 1.887.00 familias monoparentales, de las que casi un 82% est\u00e1n encabezadas por mujeres.<\/p>\n\n\n\n<p class=\"wp-block-paragraph\">PNGEstas familias monomarentales cuentan con una plataforma de representaci\u00f3n de sus demandas que se ha reunido con el Instituto de la Mujer y la ministra de Igualdad, Irene Montero, para visibilizar las necesidades y problemas espec\u00edficos que estas familias tienen. As\u00ed, la Plataforma de Familias Monomarentales (FAMS) expresaba a la directora del Instituto de la Mujer, Beatriz Gimeno, y a la ministra de Igualdad, Irene Montero, su preocupaci\u00f3n ante los efectos de la crisis socioecon\u00f3mica venida con la pandemia de la COVID-19, cuya incidencia es a\u00fan m\u00e1s grave en estas familias monomarentales.<\/p>\n\n\n\n<p class=\"wp-block-paragraph\">La ministra de Igualdad, a su vez, ha reconocido que \u201cahora m\u00e1s que nunca son necesarias las pol\u00edticas p\u00fablicas que protejan los cuidados y la conciliaci\u00f3n\u201d. En este sentido, Beatriz Gimeno ha expresado \u201cel compromiso del Instituto de la Mujer con estas familias y con la diversidad en el modelo familiar, pues somos conscientes de su precariedad, de su pobreza y del mayor impacto de la crisis en ellas\u201d.<\/p>\n\n\n\n<p class=\"wp-block-paragraph\">Una de las mayores preocupaciones de este colectivo es la conciliaci\u00f3n de la vida familiar y laboral, expresamente en un contexto de cierre de centros educativos y teletrabajo, que se hace enormemente dif\u00edcil. Por ello, reivindican una mayor corresponsabilidad institucional con respecto a los cuidados, teniendo especialmente en cuenta su situaci\u00f3n. Ambas responsables del ministerio han asegurado que estudiar\u00e1n de forma espec\u00edfica sus circunstancias.<\/p>\n","protected":false},"excerpt":{"rendered":"<p>La sobrecarga del trabajo sanitario y servicios esenciales, la mayor responsabilidad en las tareas dom\u00e9sticas y de cuidados, la mayor pobreza y precariedad laboral y el aumento del riesgo de sufrir violencia de g\u00e9nero<\/p>\n","protected":false},"author":3,"featured_media":20607,"comment_status":"open","ping_status":"open","sticky":false,"template":"","format":"standard","meta":{"_monsterinsights_skip_tracking":false,"footnotes":""},"categories":[691,53],"tags":[],"class_list":["post-20606","post","type-post","status-publish","format-standard","has-post-thumbnail","category-691","category-internacional"],"_links":{"self":[{"href":"https:\/\/redsemlac.com\/semmexico\/wp-json\/wp\/v2\/posts\/20606","targetHints":{"allow":["GET"]}}],"collection":[{"href":"https:\/\/redsemlac.com\/semmexico\/wp-json\/wp\/v2\/posts"}],"about":[{"href":"https:\/\/redsemlac.com\/semmexico\/wp-json\/wp\/v2\/types\/post"}],"author":[{"embeddable":true,"href":"https:\/\/redsemlac.com\/semmexico\/wp-json\/wp\/v2\/users\/3"}],"replies":[{"embeddable":true,"href":"https:\/\/redsemlac.com\/semmexico\/wp-json\/wp\/v2\/comments?post=20606"}],"version-history":[{"count":0,"href":"https:\/\/redsemlac.com\/semmexico\/wp-json\/wp\/v2\/posts\/20606\/revisions"}],"wp:featuredmedia":[{"embeddable":true,"href":"https:\/\/redsemlac.com\/semmexico\/wp-json\/wp\/v2\/media\/20607"}],"wp:attachment":[{"href":"https:\/\/redsemlac.com\/semmexico\/wp-json\/wp\/v2\/media?parent=20606"}],"wp:term":[{"taxonomy":"category","embeddable":true,"href":"https:\/\/redsemlac.com\/semmexico\/wp-json\/wp\/v2\/categories?post=20606"},{"taxonomy":"post_tag","embeddable":true,"href":"https:\/\/redsemlac.com\/semmexico\/wp-json\/wp\/v2\/tags?post=20606"}],"curies":[{"name":"wp","href":"https:\/\/api.w.org\/{rel}","templated":true}]}}