{"id":20602,"date":"2020-05-12T22:42:42","date_gmt":"2020-05-12T22:42:42","guid":{"rendered":"https:\/\/redsemlac.com\/semmexico\/?p=20602"},"modified":"2023-07-21T16:19:18","modified_gmt":"2023-07-21T21:19:18","slug":"opinion-502","status":"publish","type":"post","link":"https:\/\/redsemlac.com\/semmexico\/opinion-502\/","title":{"rendered":"Mujer y Poder"},"content":{"rendered":"\n<h2 class=\"wp-block-heading\"><strong>Amenazas \u00a0del Gobierno de Bonilla <\/strong><\/h2>\n\n\n\n<p class=\"wp-block-paragraph\"><strong>Natalia Vidales Rodr\u00edguez<\/strong><\/p>\n\n\n\n<p class=\"wp-block-paragraph\">SemM\u00e9xico. 12 de mayo de 2020.- Solo en dos estados del pa\u00eds (Baja California y la Ciudad de M\u00e9xico) se ha amenazado expresamente \u00a0a los patrones con sancionarlos en caso de dejar de pagarle los salarios a sus trabajadores, as\u00ed sea que no tengan con qu\u00e9\u00a0 hacerlo si los negocios est\u00e1n cerrados o \u00a0no se tienen ingresos. \u00a0Es decir que est\u00e1n obligados a lo imposible y lo cual, desde luego, es absurdo. <\/p>\n\n\n\n<p class=\"wp-block-paragraph\">En la mayor\u00eda de los estados, por el\ncontrario, se&nbsp; est\u00e1n encontrando f\u00f3rmulas\n(de manera tripartita&nbsp; entre los\ngobiernos, los trabajadores y los empresarios) para sortear la crisis econ\u00f3mica\ndevenida por la pandemia del Covid-19, pero sin&nbsp;\nintentar empeorar la situaci\u00f3n con amagos de multas iguales de\nimposibles de cubrir. <\/p>\n\n\n\n<p class=\"wp-block-paragraph\">Particularmente en Baja California se\nest\u00e1 divulgando un cartel donde se advierte a los empleadores, &nbsp;que dejar de pagar los salarios les puede\nmerecer una multa hasta de 434 mil pesos, con fundamento, dice el cartel\u00f3n, &nbsp;en diversos art\u00edculos de la Ley Federal del\nTrabajo. <\/p>\n\n\n\n<figure class=\"wp-block-image size-large\"><img loading=\"lazy\" decoding=\"async\" width=\"612\" height=\"960\" src=\"https:\/\/redsemlac.com\/semmexico\/wp-content\/uploads\/2020\/05\/MUJER-Y-PODER.jpg\" alt=\"\" class=\"wp-image-20604\"\/><figcaption><em>En vez de intentar armonizar los intereses de los trabajadores y de los patrones para sortear la actual\u00a0\u00a0 crisis econ\u00f3mica, el gobierno de Baja California, le atiza al conflicto amenazando con multas a los patrones que dejen\u00a0 &#8212; como si fuera su intenci\u00f3n&#8211;\u00a0 de pagar los salarios a sus empleados. \u00a0Ante la ausencia de apoyos federales, la soluci\u00f3n obrero-patronal debe ser consensuada, no unilateral y, menos a\u00fan, con distorsi\u00f3n de la ley para ajustarla a lo imposible por parte del gobierno de Jaime Bonilla.\u00a0\u00a0\u00a0\u00a8Si no ayuda\u2026que no estorbe\u00a8, dicen los bajacalifornianos.<\/em><\/figcaption><\/figure>\n\n\n\n<p class=\"wp-block-paragraph\">Pero si alguien se toma la molestia de\nleer esos art\u00edculos no encontrar\u00e1 el motivo para aplicar esas sanciones y, por\nel contrario, advertir\u00e1 <strong>que lo que la ley s\u00ed dice<\/strong> es que el salario \u201ces\nla cantidad que el patr\u00f3n le paga&nbsp; al\ntrabajador por hacer su trabajo\u201d. &nbsp;Y ante\nuna circunstancia en que el trabajo no puede realizarse, ni el salario\ncubrirse&nbsp; por causa de fuerza mayor,\nentonces nadie, ni uno ni otro incurre en responsabilidad. <\/p>\n\n\n\n<p class=\"wp-block-paragraph\">Los art\u00edculos en que pretende\nfundamentarse la amenaza de multas se refieren a situaciones distintas a las\nque hoy ocurren por la emergencia sanitaria. Por ejemplo, &nbsp;cuando el patr\u00f3n no le paga el aguinaldo, o\nles niega las vacaciones a sus trabajadores, no los inscribe en el IMSS, &nbsp;etc\u00e9tera, pero &nbsp;para todos los casos&nbsp; <strong>se requiere de dolo o mala intencionalidad\nde los patrones<\/strong>, lo cual, desde luego, no ocurre&nbsp; en la situaci\u00f3n actual donde,&nbsp; por el contrario, trabajadores y empleadores\nse est\u00e1n solidarizando y haciendo un frente com\u00fan contra el gobierno que\npretende mantenerse al margen de la crisis y\u2026 actuar solo para perjudicar a\u00fan\nm\u00e1s.<\/p>\n\n\n\n<p class=\"wp-block-paragraph\">Al pie del cartel\u00f3n a que nos referims\n-y que incluimos en este mismo espacio-&nbsp; se\nlee el eslogan de <em>Gobierno en Marcha<\/em>, <em>Una forma nueva de gobernar,<\/em>\npero con esos desaf\u00edos del mandatario Jaime&nbsp;\nBonilla, solo puede haber retroceso. Lo correcto es, como en un\npeque\u00f1o&nbsp; rengl\u00f3n del propio cartel dice,\n\u201cimpulsar acuerdos salom\u00f3nicos con sus trabajadores\u201d, lo cual significa,\nprecisamente, que la soluci\u00f3n debe ser consensuada, no unilateral y, menos a\u00fan,\ncon distorsionar la ley para ajustarla a lo imposible por parte del gobierno. <\/p>\n\n\n\n<p class=\"wp-block-paragraph\">Afortunadamente la &nbsp;\u201canti-ley Bonilla\u201d que le permitir\u00eda al\nGobernador mantenerse en el cargo por cinco a\u00f1os en vez de por un a\u00f1o ocho\nmeses, por los que fue votado, fue declarada esta semana inconstitucional por\nla <em>Suprema Corte de Justicia de la Naci\u00f3n,<\/em>\nas\u00ed que esa \u201cnueva forma de gobernar\u201d (con cartelones amenazantes y ajena\na&nbsp; la lamentable&nbsp; situaci\u00f3n actual de los trabajadores y de las\nempresas) no lleg\u00f3 para quedarse. <\/p>\n","protected":false},"excerpt":{"rendered":"<p>Amenazas  del Gobierno de Bonilla <\/p>\n","protected":false},"author":3,"featured_media":20603,"comment_status":"open","ping_status":"open","sticky":false,"template":"","format":"standard","meta":{"_monsterinsights_skip_tracking":false,"footnotes":""},"categories":[691,100,72],"tags":[],"class_list":["post-20602","post","type-post","status-publish","format-standard","has-post-thumbnail","category-691","category-mujer-y-poder","category-natalia-vidales"],"_links":{"self":[{"href":"https:\/\/redsemlac.com\/semmexico\/wp-json\/wp\/v2\/posts\/20602","targetHints":{"allow":["GET"]}}],"collection":[{"href":"https:\/\/redsemlac.com\/semmexico\/wp-json\/wp\/v2\/posts"}],"about":[{"href":"https:\/\/redsemlac.com\/semmexico\/wp-json\/wp\/v2\/types\/post"}],"author":[{"embeddable":true,"href":"https:\/\/redsemlac.com\/semmexico\/wp-json\/wp\/v2\/users\/3"}],"replies":[{"embeddable":true,"href":"https:\/\/redsemlac.com\/semmexico\/wp-json\/wp\/v2\/comments?post=20602"}],"version-history":[{"count":0,"href":"https:\/\/redsemlac.com\/semmexico\/wp-json\/wp\/v2\/posts\/20602\/revisions"}],"wp:featuredmedia":[{"embeddable":true,"href":"https:\/\/redsemlac.com\/semmexico\/wp-json\/wp\/v2\/media\/20603"}],"wp:attachment":[{"href":"https:\/\/redsemlac.com\/semmexico\/wp-json\/wp\/v2\/media?parent=20602"}],"wp:term":[{"taxonomy":"category","embeddable":true,"href":"https:\/\/redsemlac.com\/semmexico\/wp-json\/wp\/v2\/categories?post=20602"},{"taxonomy":"post_tag","embeddable":true,"href":"https:\/\/redsemlac.com\/semmexico\/wp-json\/wp\/v2\/tags?post=20602"}],"curies":[{"name":"wp","href":"https:\/\/api.w.org\/{rel}","templated":true}]}}