{"id":20588,"date":"2020-05-12T18:17:22","date_gmt":"2020-05-12T18:17:22","guid":{"rendered":"https:\/\/redsemlac.com\/semmexico\/?p=20588"},"modified":"2023-07-21T16:19:18","modified_gmt":"2023-07-21T21:19:18","slug":"el-premio-breach-valdez-de-periodismo-y-derechos-humanos-2020-va-a-los-periodistas-mexicanos-alejandra-crail-y-jesus-bustamante","status":"publish","type":"post","link":"https:\/\/redsemlac.com\/semmexico\/el-premio-breach-valdez-de-periodismo-y-derechos-humanos-2020-va-a-los-periodistas-mexicanos-alejandra-crail-y-jesus-bustamante\/","title":{"rendered":"El Premio Breach \/ Valdez de Periodismo y Derechos Humanos 2020 va a los periodistas mexicanos Alejandra Crail y Jes\u00fas Bustamante"},"content":{"rendered":"\n<p class=\"wp-block-paragraph\"><strong>Redacci\u00f3n\u00a0<\/strong><\/p>\n\n\n\n<p class=\"wp-block-paragraph\">SemM\u00e9xico. Cd de M\u00e9xico. 12 de mayo de 2020.- La investigaci\u00f3n \u201cMatar a un hijo\u201d realizada por Alejandra Crail recibi\u00f3 hoy el Premio Breach \/ Valdez de Periodismo y Derechos Humanos en su tercera edici\u00f3n. El segundo lugar fue para Jes\u00fas Bustamante, por \u201cEl tortuoso camino de reportar y localizar a un desaparecido en Sinaloa\u201d, publicado en el blog Desaparecidos en Sinaloa.<\/p>\n\n\n\n<p class=\"wp-block-paragraph\">No soltar temas como \u201cMatar a un hijo\u201d porque ignorarlos implica perder vidas.<\/p>\n\n\n\n<p class=\"wp-block-paragraph\">\u201cMatar a un hijo\u201d, publicado en Emeequis el 15 de octubre de 2019, revela que cada dos d\u00edas un menor de 15 a\u00f1os muere asesinado a manos de su familia en sus hogares o directamente por maltrato en M\u00e9xico.<\/p>\n\n\n\n<p class=\"wp-block-paragraph\">\u201cMe inspira saber que el compromiso que tenemos con la profesi\u00f3n y con la sociedad es reconocido y valorado, m\u00e1s en un pa\u00eds como M\u00e9xico en donde una labor fundamental para el desarrollo de una democracia se desprecia. Es tambi\u00e9n un motor para no soltar temas como el asesinato de un hijo que parece que a nadie le importa, pero que s\u00ed importa porque ignorar este tipo de temas implica, literalmente, perder vidas\u201d, dijo Alejandra Crail en entrevista con el Centro de Informaci\u00f3n de las Naciones Unidas para M\u00e9xico (CINU).<\/p>\n\n\n\n<p class=\"wp-block-paragraph\">\u201cSeguimos porque el compromiso es m\u00e1s grande, porque tenemos la certeza de que el periodismo es necesario y es \u00fatil\u201d, asever\u00f3 Crail.<\/p>\n\n\n\n<p class=\"wp-block-paragraph\">\u201cLa violencia familiar contra la infancia\u2013 de enorme importancia por sus consecuencias de extrema gravedad- a menudo es invisibilizada, no s\u00f3lo por el Estado sino por los medios de comunicaci\u00f3n\u201d, expres\u00f3 el jurado independiente del premio, conformado por Nacho Alvarado, Ismael Boj\u00f3rquez, Ioan Grillo, Marcela Turati, Mariclaire Acosta, Narce Santiba\u00f1ez y Yaiza Santos.<\/p>\n\n\n\n<p class=\"wp-block-paragraph\"><strong>\u201cNo existe un estado que pueda defendernos\u201d<\/strong><\/p>\n\n\n\n<p class=\"wp-block-paragraph\">El jurado expres\u00f3 tambi\u00e9n que el reportaje \u201cEl tortuoso camino de reportar y localizar a un desaparecido en Sinaloa\u201d de Jes\u00fas Bustamante destaca por una inmersi\u00f3n que permiti\u00f3 planos de intimidad, y logra describir no solo la fuerza y dolor de madres en busca de sus hijos e hijas, sino tambi\u00e9n la corrupci\u00f3n del sistema de justicia y los mecanismos de la impunidad que operan en los casos de desapariciones de personas\u201d.<\/p>\n\n\n\n<p class=\"wp-block-paragraph\">\u201cCoincide, adem\u00e1s, con los valores del periodismo de riesgo en los estados y la visibilizaci\u00f3n de v\u00edctimas que caracterizaron el trabajo de Miroslava Breach y Javier Valdez.\u201d&nbsp;&nbsp;&nbsp;&nbsp;&nbsp;&nbsp;&nbsp;&nbsp;&nbsp;&nbsp;&nbsp;&nbsp;&nbsp;&nbsp;&nbsp;&nbsp;<\/p>\n\n\n\n<p class=\"wp-block-paragraph\">\u201cEs un gran honor recibir este premio. En especial, uno que recuerda el trabajo de Miroslava y de Javier, a quienes conoc\u00ed de cerca. El objetivo siempre fue dar voz a las v\u00edctimas, c\u00f3mo lo hicieron ellos\u201d, expres\u00f3 Jes\u00fas Bustamante en entrevista.<\/p>\n\n\n\n<p class=\"wp-block-paragraph\">\u201cHacer periodismo en este momento es bastante complicado. Me ha tocado vivir de cerca sus riesgos y da impotencia saber que no existe un estado que pueda defendernos\u201d, dijo.<\/p>\n\n\n\n<p class=\"wp-block-paragraph\">El jurado del premio determin\u00f3 otorgar tambi\u00e9n una menci\u00f3n especial debido a la calidad period\u00edstica del trabajo a \u201cEligen morir o matar\u201d, de Jonathan Lomel\u00ed, Evelyn Hyleann Olvera, H\u00e9ctor Pi\u00f1a, Federico Monclova, Carlos Lemus y Fabricio Atilano, publicado el 26 de enero de 2020 en Informador.mx.<\/p>\n\n\n\n<p class=\"wp-block-paragraph\"><strong>Contribuir al avance hacia la justicia y la verdad en los casos de periodistas asesinados<\/strong><\/p>\n\n\n\n<p class=\"wp-block-paragraph\">Los convocantes* del Premio Breach \/ Valdez de Periodismo y Derechos Humanos instaron en un comunicado a las autoridades, las empresas medi\u00e1ticas y a la sociedad en su conjunto a garantizar la seguridad y condiciones de trabajo dignas para los periodistas.<\/p>\n\n\n\n<p class=\"wp-block-paragraph\">Asimismo, en el contexto de la pandemia de COVID-19, expresaron su reconocimiento \u201ca los periodistas que trabajan en condiciones de riesgo (\u2026) para asegurarse de que las historias de la gente sean escuchadas\u201d.<\/p>\n\n\n\n<p class=\"wp-block-paragraph\">Recordaron tambi\u00e9n que, a tres a\u00f1os de los asesinatos de Miroslava Breach (el 23 de marzo de 2017) y de Javier Valdez (el 15 de mayo del mismo a\u00f1o), quienes dan nombre a este premio, sus familias y la sociedad mexicana siguen reclamando verdad y justicia.<\/p>\n\n\n\n<p class=\"wp-block-paragraph\">\u201cEsperamos que este premio contribuya al avance hacia estas dos exigencias inalienables\u201d, aseveraron.<\/p>\n\n\n\n<p class=\"wp-block-paragraph\">*Los convocantes del Premio Breach \/ Valdez de Periodismo y Derechos Humanos 2020 son el Centro de Informaci\u00f3n de las Naciones Unidas para M\u00e9xico, Cuba y Rep\u00fablica Dominicana(CINU); la Oficina en M\u00e9xico del Alto Comisionado de las Naciones Unidas para los Derechos Humanos (ONU-DH); la Oficina en M\u00e9xico de las Naciones Unidas contra la Droga y el Delito (UNODC); la Organizaci\u00f3n de las Naciones Unidas para la Educaci\u00f3n, Ciencia y Cultura en M\u00e9xico (UNESCO); la Embajada de Francia en M\u00e9xico; la Embajada de Suiza en M\u00e9xico; la Delegaci\u00f3n de la Uni\u00f3n Europea en M\u00e9xico, las Embajadas de Eslovaquia, Finlandia, Suecia, Pa\u00edses Bajos y B\u00e9lgica en M\u00e9xico, el Programa Prensa y Democracia de la Universidad Iberoamericana y su \u00e1rea de Periodismo; la Agencia Francesa de Prensa (AFP), con el auspicio de la organizaci\u00f3n Reporteros sin Fronteras (RSF) y la colaboraci\u00f3n de la organizaci\u00f3n Propuesta C\u00edvica.<\/p>\n\n\n\n<p class=\"wp-block-paragraph\">SEM\/GR<\/p>\n","protected":false},"excerpt":{"rendered":"<p>Contribuir al avance hacia la justicia y la verdad en los casos de periodistas asesinados<\/p>\n","protected":false},"author":3,"featured_media":20589,"comment_status":"open","ping_status":"open","sticky":false,"template":"","format":"standard","meta":{"_monsterinsights_skip_tracking":false,"footnotes":""},"categories":[691,55],"tags":[],"class_list":["post-20588","post","type-post","status-publish","format-standard","has-post-thumbnail","category-691","category-periodistas"],"_links":{"self":[{"href":"https:\/\/redsemlac.com\/semmexico\/wp-json\/wp\/v2\/posts\/20588","targetHints":{"allow":["GET"]}}],"collection":[{"href":"https:\/\/redsemlac.com\/semmexico\/wp-json\/wp\/v2\/posts"}],"about":[{"href":"https:\/\/redsemlac.com\/semmexico\/wp-json\/wp\/v2\/types\/post"}],"author":[{"embeddable":true,"href":"https:\/\/redsemlac.com\/semmexico\/wp-json\/wp\/v2\/users\/3"}],"replies":[{"embeddable":true,"href":"https:\/\/redsemlac.com\/semmexico\/wp-json\/wp\/v2\/comments?post=20588"}],"version-history":[{"count":0,"href":"https:\/\/redsemlac.com\/semmexico\/wp-json\/wp\/v2\/posts\/20588\/revisions"}],"wp:featuredmedia":[{"embeddable":true,"href":"https:\/\/redsemlac.com\/semmexico\/wp-json\/wp\/v2\/media\/20589"}],"wp:attachment":[{"href":"https:\/\/redsemlac.com\/semmexico\/wp-json\/wp\/v2\/media?parent=20588"}],"wp:term":[{"taxonomy":"category","embeddable":true,"href":"https:\/\/redsemlac.com\/semmexico\/wp-json\/wp\/v2\/categories?post=20588"},{"taxonomy":"post_tag","embeddable":true,"href":"https:\/\/redsemlac.com\/semmexico\/wp-json\/wp\/v2\/tags?post=20588"}],"curies":[{"name":"wp","href":"https:\/\/api.w.org\/{rel}","templated":true}]}}