{"id":20586,"date":"2020-05-12T18:12:49","date_gmt":"2020-05-12T18:12:49","guid":{"rendered":"https:\/\/redsemlac.com\/semmexico\/?p=20586"},"modified":"2023-07-21T16:19:18","modified_gmt":"2023-07-21T21:19:18","slug":"opinion-501","status":"publish","type":"post","link":"https:\/\/redsemlac.com\/semmexico\/opinion-501\/","title":{"rendered":"Textura Violeta"},"content":{"rendered":"\n<h2 class=\"wp-block-heading\"><strong>Ni militancia ni posici\u00f3n, periodismo<\/strong><\/h2>\n\n\n\n<p class=\"wp-block-paragraph\"><strong>Corrupci\u00f3n, desmanes y cr\u00edticas tras seis meses de Jeanine A\u00f1ez en el gobierno boliviano&nbsp;<\/strong><\/p>\n\n\n\n<p class=\"wp-block-paragraph\"><strong>Por Drina Ergueta<\/strong><\/p>\n\n\n\n<p class=\"wp-block-paragraph\">SemM\u00e9xico. La Paz-Bolivia. 12 de mayo de 2020.- En un conversatorio realizado entre reconocid@s periodistas de varias ciudades bolivianas y difundido por redes sociales varias de los y las colegas se\u00f1alaron, entre otros temas, que la relaci\u00f3n del periodismo con el poder siempre fue tensa, que las presiones existieron en todos los gobiernos, que una de las funciones del periodismo era el de fiscalizar a las autoridades de turno ya que estas hacen un servicio p\u00fablico y, adem\u00e1s, dijeron que hoy era evidente de que el actual gobierno, siendo transitorio, establa extralimitando sus atribuciones.<\/p>\n\n\n\n<p class=\"wp-block-paragraph\">Se trat\u00f3 de un encuentro online organizado por el diario El Potos\u00ed a ra\u00edz de la conmemoraci\u00f3n del D\u00eda del\/a Periodista, el 10 de mayo, y al que asistieron cinco personalidades del periodismo boliviano, siendo algunos de ellos considerados muy cr\u00edticos con el anterior gobierno de Evo Morales y que, en esta ocasi\u00f3n, hicieron adem\u00e1s algunas cr\u00edticas a la gesti\u00f3n de Jeanine A\u00f1ez.&nbsp;<\/p>\n\n\n\n<p class=\"wp-block-paragraph\">No es raro, hace unos diez d\u00edas, un grupo de 40 periodistas emiti\u00f3 un comunicado en defensa de la libertad de expresi\u00f3n y en rechazo a la detenci\u00f3n de un supuesto \u201cguerrero digital\u201d que fue directamente encarcelado por haber creado grupos de whatsapp desde los que se estar\u00eda haciendo oposici\u00f3n.&nbsp;&nbsp;<\/p>\n\n\n\n<p class=\"wp-block-paragraph\">Hay que recordar que \u201cdetenidos\u201d, ya sea como amenaza de futuro o como verbo pret\u00e9rito, ha sido, sin duda, la palabra m\u00e1s usada y la acci\u00f3n m\u00e1s com\u00fan en los \u00faltimos seis meses por parte el Ministro de Gobierno, Arturo Murillo. Cientos de personas fueron detenidas luego de asumir el poder y centenares tambi\u00e9n, recientemente, por contravenir el confinamiento obligatorio a ra\u00edz del coronavirus.&nbsp;<\/p>\n\n\n\n<p class=\"wp-block-paragraph\">Es evidente que en las \u00faltimas semanas se han incrementado los cuestionamientos y rechazo a varias acciones gubernamentales que estar\u00edan cruzando l\u00edneas indefendibles. Aunque este gobierno ya apuntaba maneras en noviembre, cuando una de sus primeras medidas fue blindar a los militares ante cualquier juicio o proceso por cualquier acto que cometieran. Inmediatamente despu\u00e9s hubo 30 muertos civiles entre las poblaciones de Sacaba y Senkata.<\/p>\n\n\n\n<p class=\"wp-block-paragraph\">En noviembre se cerraron y silenciaron algunos medios considerados afines al anterior gobierno, como las radios campesinas; un hecho poco difundido entre los mismos medios y que de todas maneras no ha impedido que en estos meses saliera a luz, como hongos luego de la lluvia, innumerables denuncias de corrupci\u00f3n, algunas de las cuales no han podido sostener a sus autores en la funci\u00f3n p\u00fablica: esc\u00e1ndalos en las empresas estatales ENTEL y YPFB, esta \u00faltima con varios hechos en los que se pusieron en juego millones de d\u00f3lares.<\/p>\n\n\n\n<p class=\"wp-block-paragraph\">En el contexto de crisis por el Covid-19 se han producido actos vergonzosos y aborrecibles, como impedir el ingreso al territorio nacional de gente boliviana en situaci\u00f3n de pobreza, dej\u00e1ndola en la frontera a la intemperie, mientras otra s\u00ed que entraba porque pod\u00eda pagarse un vuelo en avi\u00f3n; el encarcelamiento de una Alcaldesa y de sus j\u00f3venes hijos por celebrar su cumplea\u00f1os, mientras poco despu\u00e9s se sab\u00eda de una fiesta de cumplea\u00f1os de la hija de la Presidenta con uso de aviones estatales para que lleguen invitados; aviones que tambi\u00e9n us\u00f3 un Ministro para transportar a la ex miss de belleza de su pueblo; como, tambi\u00e9n, repintar un hospital, que ten\u00eda el color del anterior gobierno, y por ello no poder usarlo en una poblaci\u00f3n desesperada por atenci\u00f3n m\u00e9dica.<\/p>\n\n\n\n<p class=\"wp-block-paragraph\">Igual de vergonzoso es que no haya adoptado medidas de control y castigo ante el incremento de hechos de violencia machista durante el confinamiento, donde los casos de violaciones a mujeres y criaturas ha aumentado, as\u00ed como los feminicidios.<\/p>\n\n\n\n<p class=\"wp-block-paragraph\">Un depuesto Ministro de Miner\u00eda ha denunciado que se est\u00e1n repartiendo irregularmente concesiones mineras; m\u00e1s all\u00e1 se escucha que tambi\u00e9n hay repartici\u00f3n de tierras fiscales; mientras, sorpresivamente fue aprobado un decreto que permite el uso de transg\u00e9nicos en la agroindustria, generando gran rechazo desde sectores ambientalistas y campesinado.<\/p>\n\n\n\n<p class=\"wp-block-paragraph\">Algunos de estos casos y otros, como la venta de cargos en los ministerios de Miner\u00eda y Educaci\u00f3n, han sido enumerados este fin de semana en los diarios P\u00e1gina Siete de La Paz y Opini\u00f3n de Cochabamba; el mismo D\u00eda del Periodista el gobierno emit\u00eda el Decreto Supremo 4231 en el que amenaza con c\u00e1rcel a periodistas por \u201cdesinformar\u201d. En tanto que, desde la Conferencia Episcopal de Bolivia, que inicialmente apoy\u00f3 a la muy cristiana Jeanine A\u00f1ez, el monse\u00f1or Ricardo Centellas, lanz\u00f3 duras cr\u00edticas contra su gobierno y llam\u00f3 a los periodistas a no tener miedo y decir la verdad.&nbsp;&nbsp;&nbsp;<\/p>\n\n\n\n<p class=\"wp-block-paragraph\">Investigar, denunciar, hacer seguimiento a casos de corrupci\u00f3n, de irregularidades, de abuso de poder y de extralimitaci\u00f3n de funciones es trabajo de la prensa. Hacerlo no coloca al o la periodista en posici\u00f3n de militancia pol\u00edtica alguna, ni como aval de la anterior gesti\u00f3n. Especialmente ante hechos tan evidentes y groseros, la labor de fiscalizaci\u00f3n es un deber, un acto de responsabilidad y compromiso con el pa\u00eds.<\/p>\n","protected":false},"excerpt":{"rendered":"<p>Ni militancia ni posici\u00f3n, periodismo<\/p>\n","protected":false},"author":3,"featured_media":8467,"comment_status":"open","ping_status":"open","sticky":false,"template":"","format":"standard","meta":{"_monsterinsights_skip_tracking":false,"footnotes":""},"categories":[691,77,102],"tags":[],"class_list":["post-20586","post","type-post","status-publish","format-standard","has-post-thumbnail","category-691","category-drina-ergueta","category-textura-violeta"],"_links":{"self":[{"href":"https:\/\/redsemlac.com\/semmexico\/wp-json\/wp\/v2\/posts\/20586","targetHints":{"allow":["GET"]}}],"collection":[{"href":"https:\/\/redsemlac.com\/semmexico\/wp-json\/wp\/v2\/posts"}],"about":[{"href":"https:\/\/redsemlac.com\/semmexico\/wp-json\/wp\/v2\/types\/post"}],"author":[{"embeddable":true,"href":"https:\/\/redsemlac.com\/semmexico\/wp-json\/wp\/v2\/users\/3"}],"replies":[{"embeddable":true,"href":"https:\/\/redsemlac.com\/semmexico\/wp-json\/wp\/v2\/comments?post=20586"}],"version-history":[{"count":0,"href":"https:\/\/redsemlac.com\/semmexico\/wp-json\/wp\/v2\/posts\/20586\/revisions"}],"wp:featuredmedia":[{"embeddable":true,"href":"https:\/\/redsemlac.com\/semmexico\/wp-json\/wp\/v2\/media\/8467"}],"wp:attachment":[{"href":"https:\/\/redsemlac.com\/semmexico\/wp-json\/wp\/v2\/media?parent=20586"}],"wp:term":[{"taxonomy":"category","embeddable":true,"href":"https:\/\/redsemlac.com\/semmexico\/wp-json\/wp\/v2\/categories?post=20586"},{"taxonomy":"post_tag","embeddable":true,"href":"https:\/\/redsemlac.com\/semmexico\/wp-json\/wp\/v2\/tags?post=20586"}],"curies":[{"name":"wp","href":"https:\/\/api.w.org\/{rel}","templated":true}]}}