{"id":20581,"date":"2020-05-12T17:42:44","date_gmt":"2020-05-12T17:42:44","guid":{"rendered":"https:\/\/redsemlac.com\/semmexico\/?p=20581"},"modified":"2023-07-21T16:19:18","modified_gmt":"2023-07-21T21:19:18","slug":"opinion-500","status":"publish","type":"post","link":"https:\/\/redsemlac.com\/semmexico\/opinion-500\/","title":{"rendered":"Entresemana"},"content":{"rendered":"\n<h2 class=\"wp-block-heading\"><strong>Impunidad desde el p\u00falpito<\/strong><\/h2>\n\n\n\n<p class=\"wp-block-paragraph\"><strong>Mois\u00e9s S\u00e1nchez Lim\u00f3n<\/strong><\/p>\n\n\n\n<p class=\"wp-block-paragraph\">SemM\u00e9xico. Cd. de M\u00e9xico. 12 de mayo de 2020.- El p\u00falpito ha entrado en desuso en amplia mayor\u00eda de las iglesias como el espacio elevado desde el cual el ministro de culto dice la homil\u00eda, es decir, el serm\u00f3n dirigido a la feligres\u00eda, cuyo contenido se entend\u00eda como la recomendaci\u00f3n del sacerdote, sustentada en pasajes b\u00edblicos, que devino en participaci\u00f3n pol\u00edtica de la iglesia cat\u00f3lica.<\/p>\n\n\n\n<p class=\"wp-block-paragraph\">No hay que olvidar que en varias, por no decir muchas, iglesias urbanas y provincianas en las campa\u00f1as pol\u00edticas acarrean agua al molino del se\u00f1or\u2026 candidato.&nbsp;<\/p>\n\n\n\n<p class=\"wp-block-paragraph\">Bueno, aquella \u00e9poca de la guerra cristera fue una etapa en la que los intereses pol\u00edticos se enfrentaron con los del alto clero que arrastr\u00f3 hacia una contienda armada a feligreses y sacerdotes humildes que abrazaron las armas contra un gobierno que dar\u00eda g\u00e9nesis al partidazo que gobern\u00f3 a M\u00e9xico hasta el a\u00f1o 2000. El PNR que naci\u00f3 con Plutarco El\u00edas Calles y se convirti\u00f3 en PRM con L\u00e1zaro C\u00e1rdenas para finalmente en la administraci\u00f3n de Manuel \u00c1vila Camacho adoptar su actual denominaci\u00f3n como Partido Revolucionario Institucional.<\/p>\n\n\n\n<p class=\"wp-block-paragraph\">Y en ese partidazo naci\u00f3 a la vida p\u00fablica, a la pol\u00edtica en tierras tabasque\u00f1as, el licenciado Andr\u00e9s Manuel L\u00f3pez Obrador, a quien una iglesia de presunta renovaci\u00f3n revolucionaria, distanciada del sistema construido por el PRI, empez\u00f3 a acompa\u00f1ar discretamente, en la primera intentona por llegar a la Presidencia, al entonces perredista distinguido.<\/p>\n\n\n\n<p class=\"wp-block-paragraph\">Luego fue m\u00e1s abierta la convocatoria de sacerdotes a favor de la causa del licenciado que tej\u00eda alianzas para alcanzar la ansiada silla presidencial, alianzas con aquellos que califica como machuchones, los ricos, los fif\u00eds que saben hacer negocios hasta con el demonio, como se ha demostrado hoy con personajes como el due\u00f1o de Televisi\u00f3n Azteca, Ricardo Salinas Pliego, quien por cierto no ha aclarado si pag\u00f3 o adeuda aquellos 34 millones de d\u00f3lares que le prest\u00f3 Ra\u00fal Salinas de Gortari para completar el faltante de la compra del Canal 13, que fue puesto a la venta por el gobierno de Carlos Salinas de Gortari, y del que mucho sabe el senador con licencia Antonio \u00c1lvarez Lima, actual director de Canal Once y que lo fuera en sus \u00faltimos tiempos del Canal del Ajusco en manos del gobierno.<\/p>\n\n\n\n<p class=\"wp-block-paragraph\">Pero, vaya, el tema del p\u00falpito, am\u00e9n de permitir un repaso de las relaciones tejidas por el hoy se\u00f1orpresidente con intereses que de celestiales s\u00f3lo tienen el nombre porque aquellos curas que hicieron campa\u00f1a a favor de, primero, el candidato del PRD y, luego, que fue de Morena, de pronto se sintieron agraviados cuando el licenciado L\u00f3pez Obrador, ya en el poder y desde Palacio Nacional aclar\u00f3 de qu\u00e9 lado late su coraz\u00f3n de feligr\u00e9s, que no necesariamente es cat\u00f3lico, apost\u00f3lico y romano.<\/p>\n\n\n\n<p class=\"wp-block-paragraph\">Y el licenciado, que es un expertazo \u2013valga el barbarismo\u2014en esto de la propaganda entendi\u00f3 que el uso del p\u00falpito puede hacerse a pie tierra, no desde la altura como se conoce en la liturgia, dec\u00eda, en desuso porque la recomendaci\u00f3n del alto mando cat\u00f3lico, desde el Vaticano, es que el serm\u00f3n (homil\u00eda) se diga desde el presbiterio, vaya, al frente del altar. Tal y como lo hace de lunes a viernes el se\u00f1orpresidente en un singular templo que fue el espacio desde donde se cobraban los dineros que administraban los due\u00f1os del poder porfirista, luego los generales y despu\u00e9s ilustrados que gobernaron a M\u00e9xico hasta que ese lugar qued\u00f3 en desuso y se convirti\u00f3 en atractivo del Palacio Nacional, el Sal\u00f3n de la Tesorer\u00eda.<\/p>\n\n\n\n<p class=\"wp-block-paragraph\">Disculpe usted, el brochazo de historia patria, pero apenas elemental para dibujar ese sitio desde el que el se\u00f1orpresidente ha decidido descalificar, insultar, estigmatizar, mentir, desorientar, blofear y, en fin, conducir los destinos del pa\u00eds, carente del menor respeto por los ciudadanos que votaron o no por \u00e9l, pero finalmente ciudadanos de este pa\u00eds al que gobierna desde el 1 de diciembre de 2018 cuando rindi\u00f3 protesta y jur\u00f3 respetar y hacer respetar a la Constituci\u00f3n General de la Rep\u00fablica.<\/p>\n\n\n\n<p class=\"wp-block-paragraph\">Pues, s\u00ed. Pero el licenciado ha olvidado aquel juramento, aunque se trata de una amnesia selectiva porque cuando conviene invoca al m\u00e1ximo ordenamiento nacional y, cuando no, lo interpreta a su libre albedr\u00edo en aras de lo que ha llamado la construcci\u00f3n de la 4T, una propuesta de gobierno que pocos o nadie entiende en su justa dimensi\u00f3n.<\/p>\n\n\n\n<p class=\"wp-block-paragraph\">Y menos quienes, dispuestos a trabajar sin siglas ni ideolog\u00edas o conceptos de car\u00e1cter religioso, sino simple y llanamente a cumplir con su vocaci\u00f3n como m\u00e9dicos, enfermeras, camilleros, trabajadores del sector salud en general, son agredidos desde ese p\u00falpito por quien primero miente cuando dice que su gobierno estaba preparado para enfrentar a la pandemia que nos lleg\u00f3 con el coronavirus y que, para el efecto, contaba con 400 mil millones de pesos y, en realidad, todo fue blofear.<\/p>\n\n\n\n<p class=\"wp-block-paragraph\">Y luego descalifica a los m\u00e9dicos y los llama mercantilistas.<\/p>\n\n\n\n<p class=\"wp-block-paragraph\">Este es el predicador que asumi\u00f3 la Presidencia de la Rep\u00fablica y evidencia que nunca se prepar\u00f3 para gobernar a una naci\u00f3n de m\u00e1s de 120 millones de habitantes. Es el predicador que en \u00e1nimo absurdo y bastardo insulta y luego dice que lo malinterpretaron o que no quiso decir lo que dijo.<\/p>\n\n\n\n<p class=\"wp-block-paragraph\">Mire usted, el pasado fin de semana, asociaciones, federaciones, academias, colegios de m\u00e9dicos, especialistas la mayor\u00eda, exigieron al L\u00f3pez Obrador una disculpa p\u00fablica, por los t\u00e9rminos peyorativos en que se expres\u00f3 de ellos el viernes 8 de mayo, en su conferencia ma\u00f1anera. Los calific\u00f3 mercantilistas que s\u00f3lo buscan enriquecerse.<\/p>\n\n\n\n<p class=\"wp-block-paragraph\">La Asociaci\u00f3n Mexicana de Cirug\u00eda General, A.C, la Federaci\u00f3n Mexicana de Colegios de Especialistas en Cirug\u00eda General, A.C.; el Colegio de Ginec\u00f3logos y Obstetras Profesor Doctor Alfonso \u00c1lvarez Bravo, A.C, del Hospital Espa\u00f1ol; la Federaci\u00f3n Mexicana de Colegios de Obstetricia y Ginecolog\u00eda, A.C; la Sociedad Mexicana de Urolog\u00eda, Colegio de Profesionistas, A.C; el Colegio Mexicano de Neum\u00f3logos Pediatras, A.C; la Sociedad Mexicana de Cirug\u00eda Neurol\u00f3gica, A.C.; la Sociedad Mexicana de Pediatr\u00eda, A.C; el Colegio Mexicano de Ortopedia y Traumatolog\u00eda, A.C; y la Asociaci\u00f3n Mexicana de Gastroenterolog\u00eda, A.C, entre otras, organizaciones de m\u00e9dicos rechazaron las declaraciones de L\u00f3pez Obrador porque, acotaron, los califica mercenarios de la medicina, cuando han demostrado servicio al pa\u00eds, como hoy ocurre frente a la epidemia de coronavirus.&nbsp;<\/p>\n\n\n\n<p class=\"wp-block-paragraph\">\u00bfQu\u00e9 dijo el se\u00f1orpresidente? Rescato parte de la respuesta del licenciadopresidente a una pregunta sembrada, que dio pauta al enojo de la comunidad m\u00e9dica de M\u00e9xico. A saber:<\/p>\n\n\n\n<p class=\"wp-block-paragraph\">\u201c(\u2026) El doctor Hugo L\u00f3pez-Gatell, que es al que m\u00e1s cuestionan, pues lo mismo, un acad\u00e9mico de primer orden, con muy buena formaci\u00f3n, con cultura general, una gente honesta, humanista, con una postura en favor de la gente, en favor del pueblo,&nbsp;<strong>no a favor del mercantilismo, que desgraciadamente tambi\u00e9n lleg\u00f3 a predominar en el periodo neoliberal en todo lo relacionado con la salud, como se dec\u00eda antes de los m\u00e9dicos, que s\u00f3lo buscaban enriquecerse \u00bfno?, que llegaba el paciente y lo primero que hac\u00edan era preguntarle:<\/strong><\/p>\n\n\n\n<p class=\"wp-block-paragraph\"><strong>\u2013 \u00bfQu\u00e9 tienes?<\/strong><\/p>\n\n\n\n<p class=\"wp-block-paragraph\"><strong>\u2013 No, es que me duela ac\u00e1, doctor.<\/strong><\/p>\n\n\n\n<p class=\"wp-block-paragraph\"><strong>\u2013 No, \u00bfqu\u00e9 tienes de bienes?<\/strong><\/p>\n\n\n\n<p class=\"wp-block-paragraph\">Hasta aqu\u00ed la referencia del agravio. Pero, bueno, en la ma\u00f1anera del inicio de semana, cuando se esperaba una disculpa p\u00fablica, una colega pregunto al inquilino de Palacio:<\/p>\n\n\n\n<p class=\"wp-block-paragraph\"><strong>&#8211;(\u2026) Yo quer\u00eda preguntarle, primero que nada: \u00bfqu\u00e9 responde a los colegios de m\u00e9dicos que se sintieron agraviados por las declaraciones que hizo el pasado viernes?<\/strong><\/p>\n\n\n\n<p class=\"wp-block-paragraph\"><strong>&#8212;<\/strong><strong>\u00bfQu\u00e9 hice?\u2014pregunt\u00f3 el se\u00f1orpresidente, en falsa actitud del que nada sabe.<\/strong><\/p>\n\n\n\n<p class=\"wp-block-paragraph\"><strong>&#8212;<\/strong>Dijo que los m\u00e9dicos s\u00f3lo atend\u00edan a los pacientes por el beneficio econ\u00f3mico y el fin de semana varias asociaciones de diferentes especialidades de m\u00e9dicos lamentaron estas declaraciones. \u00bfQu\u00e9 les responde?\u2014insisti\u00f3 la reportera.<\/p>\n\n\n\n<p class=\"wp-block-paragraph\"><strong>&#8212;<\/strong><strong>S\u00ed, pero no. Si lo entendieron as\u00ed ofrezco disculpas, pero no fue eso, no. Habl\u00e9 de -todo el tiempo lo hago- de c\u00f3mo los m\u00e9dicos tienen una vocaci\u00f3n humanista, imag\u00ednense, era m\u00e9dico Ernesto \u2018Che\u2019 Guevara, m\u00e9dico, el mejor presidente de Am\u00e9rica Latina Salvador Allende. \u00a1C\u00f3mo voy a hablar mal de los m\u00e9dicos! A m\u00ed me salv\u00f3 la vida un grupo de m\u00e9dicos. No, es que todo lo est\u00e1n tergiversando, todo, todo, todo.<\/strong><\/p>\n\n\n\n<p class=\"wp-block-paragraph\"><strong>\u201cPor eso ahora, repito, estoy hablando hasta m\u00e1s despacio que de costumbre, no quiero hablar de corrido para que no vayan a utilizar algo, porque est\u00e1n as\u00ed, me est\u00e1n viendo pero con microscopio, escudri\u00f1an todo lo que hago.<\/strong><\/p>\n\n\n\n<p class=\"wp-block-paragraph\"><strong>\u201cEntonces, no dije eso. Habl\u00e9 de algunos m\u00e9dicos, porque tambi\u00e9n es una realidad que se mercantiliz\u00f3 la medicina, es parte del modelo neoliberal, si se robaban las medicinas, imag\u00ednense. Uno de los negocios m\u00e1s jugosos en el pasado era el de la compra de las medicinas, no solo eso, adulteraban los medicamentos.<\/strong><\/p>\n\n\n\n<p class=\"wp-block-paragraph\"><strong>\u201cEntonces lo que dije fue que hab\u00eda m\u00e9dicos que s\u00f3lo les interesaba eso, el dinero, como todo, como en el gremio empresarial, como en el gremio period\u00edstico, como en el gremio de los legisladores, de los pol\u00edticos, de todo, ni modo que haya un gremio puro, no, siempre hay desgraciadamente, y no s\u00f3lo en M\u00e9xico en el mundo, quienes est\u00e1n dominados por la ambici\u00f3n, por el lucro, y a eso me refer\u00ed de los m\u00e9dicos.<\/strong><\/p>\n\n\n\n<p class=\"wp-block-paragraph\"><strong>\u201cY hay tambi\u00e9n, no s\u00f3lo m\u00e9dicos, hospitales en donde lo primero es: \u00bfQu\u00e9 tienes?, dame tu tarjeta\u2019, aunque se vaya muriendo el paciente, y eso fue a lo que me refer\u00ed\u201d.<\/strong><\/p>\n\n\n\n<p class=\"wp-block-paragraph\">Y no se disculp\u00f3 p\u00fablicamente; ofreci\u00f3 disculpas en pleno desd\u00e9n e insisti\u00f3 en descalificar desde el mayor p\u00falpito en activo que hay en M\u00e9xico, el del Sal\u00f3n de la Tesorer\u00eda del Palacio Nacional, Palacio en el que vive un servidor p\u00fablico que se apoltrona en el poder y dicta vida y destino de los mexicanos. \u00bfDisculpas? \u00a1Bah!, al fin son solo m\u00e9dicos como los periodistas y cualquier ciudadano que ose cuestionarlo. Conste.<\/p>\n\n\n\n<p class=\"wp-block-paragraph\"><a href=\"mailto:sanchezlimon@gmail.com\" target=\"_blank\" rel=\"noreferrer noopener\">sanchezlimon@gmail.com<\/a><\/p>\n\n\n\n<p class=\"wp-block-paragraph\"><a href=\"http:\/\/www.entresemana.mx\/\" target=\"_blank\" rel=\"noreferrer noopener\">www.entresemana.mx<\/a><\/p>\n\n\n\n<p class=\"wp-block-paragraph\">@msanchezlimon<\/p>\n","protected":false},"excerpt":{"rendered":"<p>Impunidad desde el p\u00falpito<\/p>\n","protected":false},"author":3,"featured_media":15805,"comment_status":"open","ping_status":"open","sticky":false,"template":"","format":"standard","meta":{"_monsterinsights_skip_tracking":false,"footnotes":""},"categories":[691,105,83],"tags":[],"class_list":["post-20581","post","type-post","status-publish","format-standard","has-post-thumbnail","category-691","category-entresemana","category-moises-sanchez-limon"],"_links":{"self":[{"href":"https:\/\/redsemlac.com\/semmexico\/wp-json\/wp\/v2\/posts\/20581","targetHints":{"allow":["GET"]}}],"collection":[{"href":"https:\/\/redsemlac.com\/semmexico\/wp-json\/wp\/v2\/posts"}],"about":[{"href":"https:\/\/redsemlac.com\/semmexico\/wp-json\/wp\/v2\/types\/post"}],"author":[{"embeddable":true,"href":"https:\/\/redsemlac.com\/semmexico\/wp-json\/wp\/v2\/users\/3"}],"replies":[{"embeddable":true,"href":"https:\/\/redsemlac.com\/semmexico\/wp-json\/wp\/v2\/comments?post=20581"}],"version-history":[{"count":0,"href":"https:\/\/redsemlac.com\/semmexico\/wp-json\/wp\/v2\/posts\/20581\/revisions"}],"wp:featuredmedia":[{"embeddable":true,"href":"https:\/\/redsemlac.com\/semmexico\/wp-json\/wp\/v2\/media\/15805"}],"wp:attachment":[{"href":"https:\/\/redsemlac.com\/semmexico\/wp-json\/wp\/v2\/media?parent=20581"}],"wp:term":[{"taxonomy":"category","embeddable":true,"href":"https:\/\/redsemlac.com\/semmexico\/wp-json\/wp\/v2\/categories?post=20581"},{"taxonomy":"post_tag","embeddable":true,"href":"https:\/\/redsemlac.com\/semmexico\/wp-json\/wp\/v2\/tags?post=20581"}],"curies":[{"name":"wp","href":"https:\/\/api.w.org\/{rel}","templated":true}]}}