{"id":20566,"date":"2020-05-11T23:30:41","date_gmt":"2020-05-11T23:30:41","guid":{"rendered":"https:\/\/redsemlac.com\/semmexico\/?p=20566"},"modified":"2023-07-21T16:19:19","modified_gmt":"2023-07-21T21:19:19","slug":"sr-presidente-nosotras-tenemos-otros-datos-dicen-feminista-a-amlo","status":"publish","type":"post","link":"https:\/\/redsemlac.com\/semmexico\/sr-presidente-nosotras-tenemos-otros-datos-dicen-feminista-a-amlo\/","title":{"rendered":"Sr. Presidente nosotras tenemos otros datos: dicen feministas a AMLO"},"content":{"rendered":"\n<ul class=\"wp-block-list\"><li><strong> En una carta y video explican que la violencia contra las mujeres y ni\u00f1as es m\u00e1s letal que el COVID 19.<\/strong><\/li><\/ul>\n\n\n\n<ul class=\"wp-block-list\"><li><strong>Durante la contingencia se registraron m\u00e1s de 20 mil denuncias por violencia familiar<\/strong><\/li><\/ul>\n\n\n\n<p class=\"wp-block-paragraph\"><strong>Redacci\u00f3n<\/strong><\/p>\n\n\n\n<p class=\"wp-block-paragraph\">SemM\u00e9xico,\nCd. de M\u00e9xico, 11 de mayo, 2020.- Con una carta y video hecho viral este mismo\nlunes, feministas le dicen al presidente Andr\u00e9s Manuel L\u00f3pez Obrador:<\/p>\n\n\n\n<p class=\"wp-block-paragraph\">Nosotras tenemos otros datos. La violencia contra las mujeres y ni\u00f1as es m\u00e1s letal que el COVID 19.<\/p>\n\n\n\n<p class=\"wp-block-paragraph\">Esto\npara reprochar las declaraciones, decisiones y omisiones del presidente\nmexicano, que aseguran \u201cfortalecen la impunidad y normalizan la violencia\ncontra las mujeres, ni\u00f1as y ni\u00f1os al negar e ignorar el peligro que viven en\nsus hogares\u201d.<\/p>\n\n\n\n<figure class=\"wp-block-video\"><video height=\"480\" style=\"aspect-ratio: 848 \/ 480;\" width=\"848\" controls src=\"https:\/\/redsemlac.com\/semmexico\/wp-content\/uploads\/2020\/05\/WhatsApp-Video-2020-05-11-at-3.13.46-PM.mp4\"><\/video><\/figure>\n\n\n\n<p class=\"wp-block-paragraph\">Esta no\nes la primera carta que circula en estos d\u00edas emitidas por distintos grupos\nfeministas, tras las desafortunadas declaraciones emitidas en la ma\u00f1anera por\nel mandatario.<\/p>\n\n\n\n<p class=\"wp-block-paragraph\">As\u00ed,\nuna tras otra aparecen los rostros y voces de 42 feministas:<\/p>\n\n\n\n<p class=\"wp-block-paragraph\">\u201cNos\ndirigimos a usted preocupadas e indignadas por sus declaraciones respecto a la\nsituaci\u00f3n de la violencia contra mujeres, ni\u00f1as y ni\u00f1os al interior de sus\nfamilias y hogares, negando que durante las medidas de confinamiento se ha\nincrementado la violencia en el hogar. <\/p>\n\n\n\n<p class=\"wp-block-paragraph\">\u201cLa\nviolencia contra las mujeres es hoy el principal obst\u00e1culo para su desarrollo y\nparticipaci\u00f3n en todos los \u00e1mbitos de la vida. La violencia en el \u00e1mbito\nfamiliar es un delito en todo el territorio nacional. <\/p>\n\n\n\n<p class=\"wp-block-paragraph\">\u201cLas\nprincipales v\u00edctimas de la violencia familiar son las mujeres, las ni\u00f1as y los\nni\u00f1os. <\/p>\n\n\n\n<p class=\"wp-block-paragraph\">\u201cLa\nviolencia en el hogar se expresa en violencia psicol\u00f3gica, f\u00edsica, sexual,\necon\u00f3mica y feminicida. La discriminaci\u00f3n es la causa y consecuencia de las\nviolaciones sexuales y asesinatos de mujeres, ni\u00f1as y ni\u00f1os. <\/p>\n\n\n\n<p class=\"wp-block-paragraph\">\u201cLos\ndatos oficiales, dan cuenta de 10 feminicidios al d\u00eda, situaci\u00f3n que ante el\nconfinamiento no ha disminuido, ha aumentado. <\/p>\n\n\n\n<p class=\"wp-block-paragraph\">\u201cLas\nllamadas de auxilio al 911 por violencia familiar, son de 155 por hora. Durante\nla contingencia se registraron m\u00e1s de 20 mil denuncias por violencia familiar,\nde las cuales en el 90 % no se hace justicia. <\/p>\n\n\n\n<p class=\"wp-block-paragraph\">\u201cSr.\nPresidente, sus declaraciones, decisiones y omisiones fortalecen la impunidad y\nnormalizan la violencia contra las mujeres, ni\u00f1as y ni\u00f1os al negar e ignorar el\npeligro que viven en sus hogares. <\/p>\n\n\n\n<p class=\"wp-block-paragraph\">\u201cHacemos\nun llamado a usted y a los 32 gobiernos de las entidades federativas para\natender de manera urgente la situaci\u00f3n de violencia que viven las mujeres,\nni\u00f1as y ni\u00f1os, y a instrumentar medidas efectivas de emergencia para garantizar\nla atenci\u00f3n y protecci\u00f3n a las v\u00edctimas. <\/p>\n\n\n\n<p class=\"wp-block-paragraph\">\u201cPor la\nvigencia plena del estado de derecho y una vida libre de violencia. <\/p>\n\n\n\n<p class=\"wp-block-paragraph\">\u00a1VIVAS\nNOS QUEREMOS! <\/p>\n\n\n\n<p class=\"wp-block-paragraph\">Ellas\nson: <\/p>\n\n\n\n<p class=\"wp-block-paragraph\">Aid\u00e9\nGarc\u00eda <\/p>\n\n\n\n<p class=\"wp-block-paragraph\">Aime\u00e9\nVega <\/p>\n\n\n\n<p class=\"wp-block-paragraph\">Ana\nBelem <\/p>\n\n\n\n<p class=\"wp-block-paragraph\">Ana\nPaulina <\/p>\n\n\n\n<p class=\"wp-block-paragraph\">Andrea\nMedina <\/p>\n\n\n\n<p class=\"wp-block-paragraph\">Araceli\nOsorio <\/p>\n\n\n\n<p class=\"wp-block-paragraph\">Bety\nCosio <\/p>\n\n\n\n<p class=\"wp-block-paragraph\">Blanca\nMerino <\/p>\n\n\n\n<p class=\"wp-block-paragraph\">Circe\nL\u00f3pez <\/p>\n\n\n\n<p class=\"wp-block-paragraph\">Claudia\nCalvin <\/p>\n\n\n\n<p class=\"wp-block-paragraph\">Denisse\nMeade <\/p>\n\n\n\n<p class=\"wp-block-paragraph\">Elia\nDomenzain <\/p>\n\n\n\n<p class=\"wp-block-paragraph\">Er\u00e9ndira\nIbarra <\/p>\n\n\n\n<p class=\"wp-block-paragraph\">Esmeralda\nPimentel <\/p>\n\n\n\n<p class=\"wp-block-paragraph\">Fania\nDelgado <\/p>\n\n\n\n<p class=\"wp-block-paragraph\">Gabriela\nQuiroga <\/p>\n\n\n\n<p class=\"wp-block-paragraph\">Imelda\nMarrufo <\/p>\n\n\n\n<p class=\"wp-block-paragraph\">Karen\nQuiroga <\/p>\n\n\n\n<p class=\"wp-block-paragraph\">Karina\nGidi <\/p>\n\n\n\n<p class=\"wp-block-paragraph\">Laura\nde Ita <\/p>\n\n\n\n<p class=\"wp-block-paragraph\">Leticia\nBurgos <\/p>\n\n\n\n<p class=\"wp-block-paragraph\">Lidia\nGuzm\u00e1n <\/p>\n\n\n\n<p class=\"wp-block-paragraph\">Lorena\nM\u00e9ndez <\/p>\n\n\n\n<p class=\"wp-block-paragraph\">Lorena\nVillavicencio <\/p>\n\n\n\n<p class=\"wp-block-paragraph\">Lupita\nRamos <\/p>\n\n\n\n<p class=\"wp-block-paragraph\">Martha\nGonz\u00e1lez <\/p>\n\n\n\n<p class=\"wp-block-paragraph\">Martha\nTagle <\/p>\n\n\n\n<p class=\"wp-block-paragraph\">Mar\u00eda\nElena Carrera <\/p>\n\n\n\n<p class=\"wp-block-paragraph\">Mar\u00eda\nLuisa Sosa <\/p>\n\n\n\n<p class=\"wp-block-paragraph\">Minerva\nRam\u00edrez <\/p>\n\n\n\n<p class=\"wp-block-paragraph\">M\u00f3nica\nPedroza <\/p>\n\n\n\n<p class=\"wp-block-paragraph\">Nadezhda\nRosas <\/p>\n\n\n\n<p class=\"wp-block-paragraph\">Paty\nBernal <\/p>\n\n\n\n<p class=\"wp-block-paragraph\">Paty\nOlamendi <\/p>\n\n\n\n<p class=\"wp-block-paragraph\">Raquel\nSchlosser <\/p>\n\n\n\n<p class=\"wp-block-paragraph\">Sophie\nAlexander <\/p>\n\n\n\n<p class=\"wp-block-paragraph\">Tamara\nYazbek <\/p>\n\n\n\n<p class=\"wp-block-paragraph\">Tania\nEnriquez <\/p>\n\n\n\n<p class=\"wp-block-paragraph\">Teresa\nUlloa <\/p>\n\n\n\n<p class=\"wp-block-paragraph\">Vanessa\nBauche <\/p>\n\n\n\n<p class=\"wp-block-paragraph\">Wendolyn\nGaribay <\/p>\n\n\n\n<p class=\"wp-block-paragraph\">Wendy\nFigueroa <\/p>\n\n\n\n<p class=\"wp-block-paragraph\">X\u00f3chitl\nArzola <\/p>\n\n\n\n<p class=\"wp-block-paragraph\">Yndira\nSandoval <\/p>\n","protected":false},"excerpt":{"rendered":"<p>Durante la contingencia se registraron m\u00e1s de 20 mil denuncias por violencia familiar<\/p>\n","protected":false},"author":3,"featured_media":20568,"comment_status":"open","ping_status":"open","sticky":false,"template":"","format":"standard","meta":{"_monsterinsights_skip_tracking":false,"footnotes":""},"categories":[691,135],"tags":[],"class_list":["post-20566","post","type-post","status-publish","format-standard","has-post-thumbnail","category-691","category-emergencia-sanitaria-covid-19"],"_links":{"self":[{"href":"https:\/\/redsemlac.com\/semmexico\/wp-json\/wp\/v2\/posts\/20566","targetHints":{"allow":["GET"]}}],"collection":[{"href":"https:\/\/redsemlac.com\/semmexico\/wp-json\/wp\/v2\/posts"}],"about":[{"href":"https:\/\/redsemlac.com\/semmexico\/wp-json\/wp\/v2\/types\/post"}],"author":[{"embeddable":true,"href":"https:\/\/redsemlac.com\/semmexico\/wp-json\/wp\/v2\/users\/3"}],"replies":[{"embeddable":true,"href":"https:\/\/redsemlac.com\/semmexico\/wp-json\/wp\/v2\/comments?post=20566"}],"version-history":[{"count":0,"href":"https:\/\/redsemlac.com\/semmexico\/wp-json\/wp\/v2\/posts\/20566\/revisions"}],"wp:featuredmedia":[{"embeddable":true,"href":"https:\/\/redsemlac.com\/semmexico\/wp-json\/wp\/v2\/media\/20568"}],"wp:attachment":[{"href":"https:\/\/redsemlac.com\/semmexico\/wp-json\/wp\/v2\/media?parent=20566"}],"wp:term":[{"taxonomy":"category","embeddable":true,"href":"https:\/\/redsemlac.com\/semmexico\/wp-json\/wp\/v2\/categories?post=20566"},{"taxonomy":"post_tag","embeddable":true,"href":"https:\/\/redsemlac.com\/semmexico\/wp-json\/wp\/v2\/tags?post=20566"}],"curies":[{"name":"wp","href":"https:\/\/api.w.org\/{rel}","templated":true}]}}