{"id":20563,"date":"2020-05-11T23:17:44","date_gmt":"2020-05-11T23:17:44","guid":{"rendered":"https:\/\/redsemlac.com\/semmexico\/?p=20563"},"modified":"2023-07-21T16:19:19","modified_gmt":"2023-07-21T21:19:19","slug":"municipio-de-chilpancingo-sin-paridad-de-genero-en-cargos-publicos","status":"publish","type":"post","link":"https:\/\/redsemlac.com\/semmexico\/municipio-de-chilpancingo-sin-paridad-de-genero-en-cargos-publicos\/","title":{"rendered":"Municipio de Chilpancingo sin paridad de g\u00e9nero en cargos p\u00fablicos"},"content":{"rendered":"\n<ul class=\"wp-block-list\"><li><strong>Pese a que el congreso local aprob\u00f3 la reforma constitucional del junio de 2019<\/strong><\/li><\/ul>\n\n\n\n<ul class=\"wp-block-list\"><li><strong>Violan la ley, pero insiste que el mun\u00edcipe \u201cest\u00e1 rodeado de mujeres\u201d<\/strong><\/li><\/ul>\n\n\n\n<p class=\"wp-block-paragraph\"><strong>Josefina Aguilar Pastor<\/strong><\/p>\n\n\n\n<p class=\"wp-block-paragraph\">SemM\u00e9xico, Chilpancingo, Gro., 11 de mayo, 2020.- El\nCoordinador del gabinete del ayuntamiento de Chilpancingo, Fernando Calixto\nCuevas, reconoci\u00f3 que dicha comuna, viola la Constituci\u00f3n Pol\u00edtica, al no\ncumplir con el principio de paridad de g\u00e9nero en cargos p\u00fablicos, solo cinco de\n12 secretar\u00edas municipales son dirigidas por mujeres.<\/p>\n\n\n\n<p class=\"wp-block-paragraph\">Tras la renuncia de Marisol Cuevas Serrano, como\ntitular de la Direcci\u00f3n de Atenci\u00f3n de la Mujer, el funcionario debe dar a\nconocer una \u201cconvocatoria p\u00fablica\u201d para elegir a quien se har\u00e1 cargo.<\/p>\n\n\n\n<p class=\"wp-block-paragraph\">Esta convocatoria dijo el funcionario, especificar\u00e1\nlos requisitos que deber\u00e1 cumplir la aspirante a Directora de Atenci\u00f3n a la\nMujer, estar\u00e1 abierta por cinco d\u00edas, est\u00e1 dirigida a las c\u00e1maras\nempresariales, asociaciones civiles y acad\u00e9micas y defensoras de los derechos\nde las mujeres. <\/p>\n\n\n\n<p class=\"wp-block-paragraph\">Cabe se\u00f1alar, que el 6 de junio de 2019, el Congreso\ndel Estado, aprob\u00f3 reformas a los art\u00edculos 2, 4, 35, 41, 52, 53, 56, 94 y 115\nde la Constituci\u00f3n Pol\u00edtica Federal, en materia de Paridad de G\u00e9nero, para incluir\nel principio de paridad de g\u00e9nero en la asignaci\u00f3n de cargos p\u00fablicos en los\npoderes Ejecutivo, Legislativo y Judicial, los tres niveles de gobierno y en\norganismos aut\u00f3nomos, con lo que tambi\u00e9n se incorpora el lenguaje incluyente.<\/p>\n\n\n\n<p class=\"wp-block-paragraph\">De ah\u00ed que, el gobierno municipal de Chilpancingo sea\nse\u00f1alado por no cumplir con la paridad. <\/p>\n\n\n\n<p class=\"wp-block-paragraph\">Al consultar la p\u00e1gina del directorio oficial del\nayuntamiento de Chilpancingo, solo aparecen, nueve secretar\u00edas, de las cuales\nsolo dos, est\u00e1n ocupadas por mujeres, la de Desarrollo Urbano, Recursos\nNaturales y Ecolog\u00eda, con Sandra Dolores Almaz\u00e1n Alcaraz, y la de Turismo, con Carlota\nMojica Morga; as\u00ed como Irma Lilia Garz\u00f3n Bernal, directora de la Comisi\u00f3n de\nAgua Potable y Alcantarillado de Chilpancingo (Capach), el resto de los cargos\nson ocupados por hombres.<\/p>\n\n\n\n<p class=\"wp-block-paragraph\">Pese a ello, el Coordinador del gabinete del\nayuntamiento de Chilpancingo insiste en que el mun\u00edcipe Antonio Gaspar Beltr\u00e1n,\nest\u00e1 rodeado y lleno de mujeres, \u201clas titulares de las secretar\u00edas y muchas\ncolaboradoras y jefas de departamento\u201d.<\/p>\n\n\n\n<p class=\"wp-block-paragraph\"><br>\nSEM\/jap\/sj<\/p>\n","protected":false},"excerpt":{"rendered":"<p>Violan la ley, pero insiste que el mun\u00edcipe \u201cest\u00e1 rodeado de mujeres\u201d<\/p>\n","protected":false},"author":3,"featured_media":20564,"comment_status":"open","ping_status":"open","sticky":false,"template":"","format":"standard","meta":{"_monsterinsights_skip_tracking":false,"footnotes":""},"categories":[691,51],"tags":[],"class_list":["post-20563","post","type-post","status-publish","format-standard","has-post-thumbnail","category-691","category-ejecutivo"],"_links":{"self":[{"href":"https:\/\/redsemlac.com\/semmexico\/wp-json\/wp\/v2\/posts\/20563","targetHints":{"allow":["GET"]}}],"collection":[{"href":"https:\/\/redsemlac.com\/semmexico\/wp-json\/wp\/v2\/posts"}],"about":[{"href":"https:\/\/redsemlac.com\/semmexico\/wp-json\/wp\/v2\/types\/post"}],"author":[{"embeddable":true,"href":"https:\/\/redsemlac.com\/semmexico\/wp-json\/wp\/v2\/users\/3"}],"replies":[{"embeddable":true,"href":"https:\/\/redsemlac.com\/semmexico\/wp-json\/wp\/v2\/comments?post=20563"}],"version-history":[{"count":0,"href":"https:\/\/redsemlac.com\/semmexico\/wp-json\/wp\/v2\/posts\/20563\/revisions"}],"wp:featuredmedia":[{"embeddable":true,"href":"https:\/\/redsemlac.com\/semmexico\/wp-json\/wp\/v2\/media\/20564"}],"wp:attachment":[{"href":"https:\/\/redsemlac.com\/semmexico\/wp-json\/wp\/v2\/media?parent=20563"}],"wp:term":[{"taxonomy":"category","embeddable":true,"href":"https:\/\/redsemlac.com\/semmexico\/wp-json\/wp\/v2\/categories?post=20563"},{"taxonomy":"post_tag","embeddable":true,"href":"https:\/\/redsemlac.com\/semmexico\/wp-json\/wp\/v2\/tags?post=20563"}],"curies":[{"name":"wp","href":"https:\/\/api.w.org\/{rel}","templated":true}]}}