{"id":20559,"date":"2020-05-11T23:13:26","date_gmt":"2020-05-11T23:13:26","guid":{"rendered":"https:\/\/redsemlac.com\/semmexico\/?p=20559"},"modified":"2023-07-21T16:19:19","modified_gmt":"2023-07-21T21:19:19","slug":"covid-19-destapa-precariedad-de-personas-lgbti","status":"publish","type":"post","link":"https:\/\/redsemlac.com\/semmexico\/covid-19-destapa-precariedad-de-personas-lgbti\/","title":{"rendered":"COVID-19 destapa precariedad de personas LGBTI+"},"content":{"rendered":"\n<ul class=\"wp-block-list\"><li><strong>La pandemia atraviesa a todas las personas, pero no impacta por igual: Ari Vera<\/strong><\/li><\/ul>\n\n\n\n<ul class=\"wp-block-list\"><li><strong>Qu\u00e9date en casa es una cuesti\u00f3n de clase: Collette Spinetti N\u00fa\u00f1ez<\/strong><\/li><\/ul>\n\n\n\n<p class=\"wp-block-paragraph\"><strong>Sara M\u00e1s<\/strong><\/p>\n\n\n\n<p class=\"wp-block-paragraph\">SemM\u00e9xico\/SEMlac,\nLa Habana, 11 de mayo, 2020.- La pandemia del nuevo coronavirus ha develado la\nsituaci\u00f3n estructural de precariedad, pobreza y desigualdad de la comunidad\nLGBTI+ (lesbianas, gays, bisexuales, trans, intersexuales y m\u00e1s) en\nLatinoam\u00e9rica, se\u00f1alaron activistas de la regi\u00f3n durante un foro virtual.<\/p>\n\n\n\n<p class=\"wp-block-paragraph\">\u00abLa\npandemia no reconoce sexo, raza, g\u00e9nero, ni condici\u00f3n econ\u00f3mica; atraviesa a\ntodas las personas, pero no nos impacta por igual\u00bb, asever\u00f3 la mexicana\nAri Vera Morales durante un&nbsp;foro virtual&nbsp;en la\nplataforma&nbsp;EntreDiversidades, como parte de la&nbsp;XIII Jornada Cubana\ncontra la Homofobia y la Transfobia, organizada por el Centro Nacional de\nEducaci\u00f3n Sexual (Cenesex).<\/p>\n\n\n\n<p class=\"wp-block-paragraph\">La&nbsp;situaci\u00f3n\nde vulnerabilidad para la comunidad LGBTI+&nbsp;no se debe solo a enunciarse\ncomo tal, agreg\u00f3 la activista, al frente de una secretar\u00eda de la Asociaci\u00f3n\nInternacional de Lesbianas, Gays, Bisexuales, Trans e Intersex para Am\u00e9rica\nLatina y el Caribe (ILGA-LAC).<\/p>\n\n\n\n<p class=\"wp-block-paragraph\">\u00abLa\npandemia nos coloca en vulnerabilidad porque no hemos tenido ni tenemos pleno\nacceso a derechos como salud, educaci\u00f3n y trabajo, como el resto de la\npoblaci\u00f3n\u00bb, sostuvo Vera Morales, quien cre\u00f3 en 2015 el proyecto Almas\ncautivas, que busca cambiar la situaci\u00f3n de las mujeres trans que cumplen\nsanci\u00f3n privadas de libertad en la capital mexicana.<\/p>\n\n\n\n<p class=\"wp-block-paragraph\">La\nactivista se refiri\u00f3 en espec\u00edfico a las mujeres trans, la mayor\u00eda de ellas\ntrabajadores sexuales sin condiciones o recursos para rentar casas, por lo que\nmuchas viven en los hoteles de renta baja donde tambi\u00e9n hacen su trabajo.<\/p>\n\n\n\n<p class=\"wp-block-paragraph\">Una vez\nemitida en ciudad de M\u00e9xico la orden de cerrar todos los hoteles, en cuesti\u00f3n\nde horas la mayor\u00eda de las trabajadoras sexuales pasaron a condiciones de\ncalle, entre ellas las personas trans, explic\u00f3.<\/p>\n\n\n\n<p class=\"wp-block-paragraph\">La\nemergencia sanitaria evidenci\u00f3 una gran desigualdad, que afecta marcadamente a\notros grupos de atenci\u00f3n prioritaria, dijo, como personas con discapacidad,\nafrodescendientes, ind\u00edgenas sin acceso a informaci\u00f3n por la barrera de la\nlengua, migrantes y otras. \u00abSon desigualdades desproporcionadas que no han\nquerido ser reconocidas, hist\u00f3ricamente, por muchos Estados\u00bb, asegur\u00f3.<\/p>\n\n\n\n<p class=\"wp-block-paragraph\">En Uruguay\nsucede algo similar, coment\u00f3 la activista social trans Collette Spinetti N\u00fa\u00f1ez.\nEn la naci\u00f3n suramericana el 88 por ciento de las mujeres trans son\ntrabajadoras sexuales, mientras los varones trans tienen un trabajo informal.<\/p>\n\n\n\n<p class=\"wp-block-paragraph\">\u00abPor\nla pandemia, muchas de estas personas no pueden pagar rentas ni servicios\nb\u00e1sicos; tampoco hay subvenciones del gobierno nacional para poblaciones\nvulneradas y entonces bajan al escal\u00f3n de la pobreza\u00bb, dijo Spinetti,\npresidenta del Colectivo Trans de Uruguay (CTU).<\/p>\n\n\n\n<p class=\"wp-block-paragraph\">\u00abQu\u00e9date\nen casa es una cuesti\u00f3n de clase: la clase trans no puede quedarse en casa\nporque tiene que salir a buscar el pan de cada d\u00eda\u00bb, sostuvo.<\/p>\n\n\n\n<p class=\"wp-block-paragraph\">Otro grupo\nvulnerable es el de las personas privadas de libertad, con una situaci\u00f3n\nagravada para las trans en esa condici\u00f3n.<\/p>\n\n\n\n<p class=\"wp-block-paragraph\">\u00abVienen\nde la expulsi\u00f3n familiar, educativa, de vivir en la calle; hay una\ninterseccionalidad y en ciertos casos, como el de las personas trans, pareciera\nque pasar por la c\u00e1rcel es una obligatoriedad\u00bb explic\u00f3.<\/p>\n\n\n\n<p class=\"wp-block-paragraph\">Entre las\nmedidas adoptadas por la Covid-19 est\u00e1 restringir las visitas a los centros\npenitenciarios y permitir la entrada solo a un familiar. Muchas no tienen\nentonces qui\u00e9n las vaya a ver, pues tampoco pueden contar ahora con visitas de organizaciones\ny activistas que habitualmente las apoyan.<\/p>\n\n\n\n<p class=\"wp-block-paragraph\">\u00abLas\npersonas trans privadas de libertad viven una situaci\u00f3n de aislamiento\nobligatorio que tampoco les permite ver la dimensi\u00f3n de la Covid-19 en el\nmundo\u00bb, refiri\u00f3 Spinetti.<\/p>\n\n\n\n<p class=\"wp-block-paragraph\">Tanto Vera\ncomo Spinetti abogaron por el trabajo en redes, desde el activismo, en favor de\nlos derechos de la comunidad LGBTI+ frente a la precariedad social, econ\u00f3mica y\nafectiva de esta poblaci\u00f3n.<\/p>\n\n\n\n<p class=\"wp-block-paragraph\">Relataron,\nadem\u00e1s, acciones concretas que desarrollan desde organizaciones de la sociedad\ncivil para ayudar a quienes tienen m\u00e1s necesidades.<\/p>\n\n\n\n<p class=\"wp-block-paragraph\">Desde\nreclamos al gobierno de M\u00e9xico para que abriera albergues temporales para\npersonas en condici\u00f3n de calle, hasta largas cadenas de ayuda solidaria de\nrecogida y env\u00edo de alimentos y productos de aseo y limpieza en ambos pa\u00edses y\nque, eventualmente, han llegado a las prisiones, en el caso particular de\nUruguay.<\/p>\n\n\n\n<p class=\"wp-block-paragraph\">Sin\nembargo, a los centros penitenciarios mexicanos solo podr\u00e1n acceder despu\u00e9s de\nla pandemia. \u00abCreemos que vamos a encontrar a las personas trans privadas\nde liberad en un mayor estado precario, econ\u00f3mico, social y emocional\u00bb,\ncoment\u00f3 Vera, presidenta tambi\u00e9n de Corpora en Libertad, red de trabajo con\npersonas LGBTI+ en privaci\u00f3n de libertad.<\/p>\n\n\n\n<p class=\"wp-block-paragraph\">Para Dar\u00edo\nArias, de Argentina, el momento actual marca una oportunidad para el\nmovimiento, ante el desaf\u00edo de luchar por los derechos a\u00fan pendientes.<\/p>\n\n\n\n<p class=\"wp-block-paragraph\">\u00abLa\npoblaci\u00f3n LGBTI+ ha vivido y sobrevivido a otras pandemias y esta no nos va a\ntorcer el brazo; tenemos la fuerza y las condiciones para salir adelante\u00bb,\nse\u00f1al\u00f3 el coordinador de Conurbanes por la Diversidad, espacio de lucha por los\nderechos LGBTI+ en la periferia y los suburbios de Buenos Aires.<\/p>\n\n\n\n<p class=\"wp-block-paragraph\">Conurbanes\nintegra un frente de alcance nacional de 30 espacios sociales y pol\u00edticos que,\nmediante el trabajo en red y la coordinaci\u00f3n con gobiernos locales y el\nfederal, ha llegado con asistencia alimentaria y de otro tipo a colectivos m\u00e1s\nperjudicados con las medidas, como travestis y trans.<\/p>\n\n\n\n<p class=\"wp-block-paragraph\">Tambi\u00e9n les\nacompa\u00f1a ante situaciones de violencia institucional por motivo de g\u00e9nero y\nprejuicios de orientaci\u00f3n sexual e identidad de g\u00e9nero, que han aumentado en\nalgunos lugares, agreg\u00f3.<\/p>\n\n\n\n<p class=\"wp-block-paragraph\">A partir de\nla experiencia argentina, el activista se refiri\u00f3 tambi\u00e9n al retroceso que\nimplica la aparici\u00f3n de actores sociales y pol\u00edticos neoconservadores y\nfascistas en la regi\u00f3n, que dificultan el avance de pol\u00edticas y conquistas del\nmovimiento LGBTI+.<\/p>\n\n\n\n<p class=\"wp-block-paragraph\">Destac\u00f3,\nadem\u00e1s, que el nuevo gobierno argentino volvi\u00f3 a poner en el centro de la\nescena los derechos de las personas LGBTI+ y volvi\u00f3 a colocar en el Estado un\nenfoque de g\u00e9nero que nunca debi\u00f3 perderse.<\/p>\n\n\n\n<p class=\"wp-block-paragraph\">\u00abSe\ntiene que alzar la voz cada vez m\u00e1s fuerte en el continente para que las\nmedidas de confinamiento y las pol\u00edticas de los Estados sean\nantidiscriminatorias y con enfoque de g\u00e9nero, de diversidad territorial e\ninterseccional\u00bb, sostuvo Arias.<\/p>\n\n\n\n<p class=\"wp-block-paragraph\">La\nformaci\u00f3n y el empoderamiento de activistas en la lucha por sus derechos es\nigualmente una acci\u00f3n clave en estos procesos, consider\u00f3 la cubana Isel\nCalzadilla, coordinadora de&nbsp;Las Isabelas, primer grupo de mujeres\nlesbianas creado en 2002 en Santiago de Cuba, a unos 860 kil\u00f3metros de La\nHabana.<\/p>\n\n\n\n<p class=\"wp-block-paragraph\">Las\nIsabelas es parte de la&nbsp;Red de Mujeres Lesbianas y Bisexuales del\nCenesex&nbsp;y al grupo se han unido personas trans, hetero y activistas de\ndiferentes edades.<\/p>\n\n\n\n<p class=\"wp-block-paragraph\">Entre las\nacciones del colectivo, en medio de la pandemia, Calzadilla refiri\u00f3 el\nlevantamiento de las situaciones de salud o econ\u00f3mica que viven algunas para\npoder apoyarlas con alimentos, medicamentos y acompa\u00f1amiento, labor que\nrealizan junto a la Federaci\u00f3n de Mujeres Cubanas (FMC), trabajadoras y\ntrabajadores sociales de los lugares donde residen las activistas.<\/p>\n\n\n\n<p class=\"wp-block-paragraph\">Igualmente\nse mantiene activa una&nbsp;consejer\u00eda LGBTI&nbsp;para vulneraci\u00f3n de los\nderechos, en alianza del Cenesex y la Uni\u00f3n Nacional de Juristas, para apoyar,\nacompa\u00f1amiento y solucionar problemas de la comunidad, mediante comunicaci\u00f3n\ntelef\u00f3nica en las actuales condiciones de pandemia, precis\u00f3.<\/p>\n\n\n\n<p class=\"wp-block-paragraph\"><br>\n\u00abLas mujeres lesbianas tambi\u00e9n viven situaciones dif\u00edciles: muchas no\ntienen trabajo en la circunstancia actual, algunas est\u00e1n aisladas y tambi\u00e9n\nafrontan las dificultades derivadas del bloqueo econ\u00f3mico que nos impone\nEstados Unidos y nos hace la vida cada d\u00eda m\u00e1s dif\u00edcil\u00bb, sostuvo la\nactivista cubana.<\/p>\n\n\n\n<p class=\"wp-block-paragraph\">La\ncomunidad l\u00e9sbica cubana&nbsp;tiene igualmente grandes retos en la lucha por\nsus derechos, reconoci\u00f3 Calzadilla, como seguir abogando por la reproducci\u00f3n\nasistida, el reconocimiento de todas las familias y que se implemente la letra\nde la Constituci\u00f3n.<\/p>\n\n\n\n<p class=\"wp-block-paragraph\">\u00abExhortamos\na nuestras compa\u00f1eras de redes a realizar actividades por la visibilidad de\ntodos los grupos, con iniciativas desde nuestras casas\u00bb, sugiri\u00f3.\n\u00abEducar es una de las tareas del activismo, para que se entiendan nuestras\nluchas\u00bb, acot\u00f3.<br>\n<br>\nUna idea que al final reiter\u00f3 el moderador del foro, el periodista cubano\nFrancisco Rodr\u00edguez Cruz, al reiterar que \u00abla necesidad de implementar en\nCuba los derechos que han sido recogidos por la Constituci\u00f3n es un trabajo que\nnos queda por delante\u00bb<\/p>\n\n\n\n<p class=\"wp-block-paragraph\">SEM-SEMlac\/sm<\/p>\n","protected":false},"excerpt":{"rendered":"<p>Qu\u00e9date en casa es una cuesti\u00f3n de clase: Collette Spinetti N\u00fa\u00f1ez<\/p>\n","protected":false},"author":3,"featured_media":20560,"comment_status":"open","ping_status":"open","sticky":false,"template":"","format":"standard","meta":{"_monsterinsights_skip_tracking":false,"footnotes":""},"categories":[691,135],"tags":[],"class_list":["post-20559","post","type-post","status-publish","format-standard","has-post-thumbnail","category-691","category-emergencia-sanitaria-covid-19"],"_links":{"self":[{"href":"https:\/\/redsemlac.com\/semmexico\/wp-json\/wp\/v2\/posts\/20559","targetHints":{"allow":["GET"]}}],"collection":[{"href":"https:\/\/redsemlac.com\/semmexico\/wp-json\/wp\/v2\/posts"}],"about":[{"href":"https:\/\/redsemlac.com\/semmexico\/wp-json\/wp\/v2\/types\/post"}],"author":[{"embeddable":true,"href":"https:\/\/redsemlac.com\/semmexico\/wp-json\/wp\/v2\/users\/3"}],"replies":[{"embeddable":true,"href":"https:\/\/redsemlac.com\/semmexico\/wp-json\/wp\/v2\/comments?post=20559"}],"version-history":[{"count":0,"href":"https:\/\/redsemlac.com\/semmexico\/wp-json\/wp\/v2\/posts\/20559\/revisions"}],"wp:featuredmedia":[{"embeddable":true,"href":"https:\/\/redsemlac.com\/semmexico\/wp-json\/wp\/v2\/media\/20560"}],"wp:attachment":[{"href":"https:\/\/redsemlac.com\/semmexico\/wp-json\/wp\/v2\/media?parent=20559"}],"wp:term":[{"taxonomy":"category","embeddable":true,"href":"https:\/\/redsemlac.com\/semmexico\/wp-json\/wp\/v2\/categories?post=20559"},{"taxonomy":"post_tag","embeddable":true,"href":"https:\/\/redsemlac.com\/semmexico\/wp-json\/wp\/v2\/tags?post=20559"}],"curies":[{"name":"wp","href":"https:\/\/api.w.org\/{rel}","templated":true}]}}