{"id":20556,"date":"2020-05-11T23:07:19","date_gmt":"2020-05-11T23:07:19","guid":{"rendered":"https:\/\/redsemlac.com\/semmexico\/?p=20556"},"modified":"2023-07-21T16:19:19","modified_gmt":"2023-07-21T21:19:19","slug":"elena-milachina-amenazada-por-el-presidente-de-chechenia","status":"publish","type":"post","link":"https:\/\/redsemlac.com\/semmexico\/elena-milachina-amenazada-por-el-presidente-de-chechenia\/","title":{"rendered":"Elena Milachina amenazada por el presidente de Chechenia"},"content":{"rendered":"\n<p class=\"wp-block-paragraph\"><strong>Por Mercedes\nArancibia <\/strong><\/p>\n\n\n\n<p class=\"wp-block-paragraph\">SemM\u00e9xico\/Periodistas en Espa\u00f1ol. 11 de mayo 2020.- El\npresidente checheno, Ramzan Kadyrov, ha publicado un v\u00eddeo en Instagram en el\nque amenaza de muerte a la periodista rusa Elena Michalina por haber publicado\nun art\u00edculo&nbsp; en el diario Novaya Gazeta\nsobre la pandemia de Covid-19 en Chechenia, seg\u00fan una informaci\u00f3n de Amnist\u00eda\nInternacional (AI) que se ha dirigido a las autoridades rusas para pedirles que\nprotejan a la periodista y velen por su seguridad.<\/p>\n\n\n\n<p class=\"wp-block-paragraph\">El 12 de abril Novaya Gazeta publicaba un art\u00edculo&nbsp; de Michalina sobre la pandemia en Chechenia.\nAl d\u00eda siguiente, el presidente&nbsp; Kadyrov\nped\u00eda en Instagram al gobierno ruso, y al Servicio Federal de Seguridad FSB (antigua\nKGB), la detenci\u00f3n de \u00abesos no-humanos que escriben y provocan al pueblo\u00bb.\nDespu\u00e9s anunciaba que si las autoridades rusas no actuaban, \u00abalguien en\nChechenia tendr\u00eda que cometer un delito para silenciar a la periodista\u00bb.<\/p>\n\n\n\n<p class=\"wp-block-paragraph\">En declaraciones al Comit\u00e9 para la protecci\u00f3n de los\nperiodistas, CPJ, Michalina ha asegurado estar \u00abrealmente asustada. Sus\namenazas son verdaderamente serias y es un hombre peligroso. S\u00e9 que si decide\nmatarme lo har\u00e1\u00bb.<\/p>\n\n\n\n<p class=\"wp-block-paragraph\">No es la primera vez que amenazan a Elena Michalina por sus\nart\u00edculos sobre Chechenia.&nbsp; En 2017\nrevel\u00f3 la desaparici\u00f3n y asesinato de decenas de homosexuales, lo que provoc\u00f3\nque desde la principal mezquita de Grozny se hiciera un llamamiento a la\n\u00abyijad\u00bb contra ella y contra su peri\u00f3dico, Novaya Gazeta, seis de cuyos\nperiodistas han muerto asesinados en los \u00faltimos a\u00f1os, empezando por Anna Politkovskaya,\nasesinada el 7 de octubre de 2006 en la entrada de su casa en Mosc\u00fa, por su\ncobertura del conflicto checheno.<\/p>\n\n\n\n<p class=\"wp-block-paragraph\">En el pasado mes de febrero, Michalina y la abogada Marina\nDoubrovina fueron agredidas a golpes en la entrada de un hotel de Grozny,\ncuando se dispon\u00edan a asistir al juicio de un bloguero acusado de posesi\u00f3n\nilegal de armas tras publicar un v\u00eddeo sobre algunas propiedades que podr\u00edan\npertenecer a familias chechenas cercanas al poder.<\/p>\n\n\n\n<p class=\"wp-block-paragraph\">Seg\u00fan cont\u00f3 la periodista, un grupo&nbsp; de unas quince personas, entre las que hab\u00eda\nmujeres cubiertas con velos negros, les agredieron porque la abogada \u00abdefiende\na los wahhabis que han matado a nuestros maridos\u00bb, en referencia a los\ncombatientes islamistas. Despu\u00e9s las tiraron al suelo y las golpearon mientras\nun hombre grababa toda la escena.<\/p>\n\n\n\n<p class=\"wp-block-paragraph\">En 2019, la Universidad Libre de B\u00e9lgica, ULB, concedi\u00f3 a\nElena Michalina el t\u00edtulo de Doctor Honoris Causa coincidiendo con el 3 de\nmayo, D\u00eda Internacional de la Libertad de Prensa.<\/p>\n\n\n\n<p class=\"wp-block-paragraph\">El presidente checheno Ramzan Kadyrov, dictador, miembro del\npartido Rusia Unida y ferviente apoyo de Vladimir Putin, est\u00e1 acusado por la\nONG Memorial de haber ordenado los asesinatos de la periodista y militante de\nlos derechos humanos Natalia Estemirova, el 15 de julio de 2009, y del pol\u00edtico\nliberal Boris Nemtsov, el 27 de febrero de 2015.<\/p>\n\n\n\n<p class=\"wp-block-paragraph\">Periodistas y defensores de derechos humanos le acusan de\nsecuestrar, torturar y ejecutar a opositores sin inculpaci\u00f3n ni juicio.<\/p>\n","protected":false},"excerpt":{"rendered":"<p>El presidente checheno, Ramzan Kadyrov, ha publicado un v\u00eddeo en Instagram en el que amenaza de muerte a la periodista rusa Elena Michalina por haber publicado un art\u00edculo  en el diario Novaya Gazeta sobre la pandemia de Covid-19 en Chechenia<\/p>\n","protected":false},"author":3,"featured_media":20557,"comment_status":"open","ping_status":"open","sticky":false,"template":"","format":"standard","meta":{"_monsterinsights_skip_tracking":false,"footnotes":""},"categories":[691,55],"tags":[],"class_list":["post-20556","post","type-post","status-publish","format-standard","has-post-thumbnail","category-691","category-periodistas"],"_links":{"self":[{"href":"https:\/\/redsemlac.com\/semmexico\/wp-json\/wp\/v2\/posts\/20556","targetHints":{"allow":["GET"]}}],"collection":[{"href":"https:\/\/redsemlac.com\/semmexico\/wp-json\/wp\/v2\/posts"}],"about":[{"href":"https:\/\/redsemlac.com\/semmexico\/wp-json\/wp\/v2\/types\/post"}],"author":[{"embeddable":true,"href":"https:\/\/redsemlac.com\/semmexico\/wp-json\/wp\/v2\/users\/3"}],"replies":[{"embeddable":true,"href":"https:\/\/redsemlac.com\/semmexico\/wp-json\/wp\/v2\/comments?post=20556"}],"version-history":[{"count":0,"href":"https:\/\/redsemlac.com\/semmexico\/wp-json\/wp\/v2\/posts\/20556\/revisions"}],"wp:featuredmedia":[{"embeddable":true,"href":"https:\/\/redsemlac.com\/semmexico\/wp-json\/wp\/v2\/media\/20557"}],"wp:attachment":[{"href":"https:\/\/redsemlac.com\/semmexico\/wp-json\/wp\/v2\/media?parent=20556"}],"wp:term":[{"taxonomy":"category","embeddable":true,"href":"https:\/\/redsemlac.com\/semmexico\/wp-json\/wp\/v2\/categories?post=20556"},{"taxonomy":"post_tag","embeddable":true,"href":"https:\/\/redsemlac.com\/semmexico\/wp-json\/wp\/v2\/tags?post=20556"}],"curies":[{"name":"wp","href":"https:\/\/api.w.org\/{rel}","templated":true}]}}