{"id":20546,"date":"2020-05-11T22:37:59","date_gmt":"2020-05-11T22:37:59","guid":{"rendered":"https:\/\/redsemlac.com\/semmexico\/?p=20546"},"modified":"2023-07-21T16:19:19","modified_gmt":"2023-07-21T21:19:19","slug":"liliana-irene-weinberg-designada-integrante-de-la-academia-mexicana-de-la-lengua","status":"publish","type":"post","link":"https:\/\/redsemlac.com\/semmexico\/liliana-irene-weinberg-designada-integrante-de-la-academia-mexicana-de-la-lengua\/","title":{"rendered":"Liliana Irene Weinberg designada integrante de la Academia Mexicana de la Lengua"},"content":{"rendered":"\n<ul class=\"wp-block-list\"><li><strong>Ensayista, cr\u00edtica, literata, editora e investigadora ocupar\u00e1 la silla X<\/strong><\/li><\/ul>\n\n\n\n<ul class=\"wp-block-list\"><li><strong>\u201cMe enorgullece recibirlo como integrante de la UNAM\u201d<\/strong><\/li><\/ul>\n\n\n\n<p class=\"wp-block-paragraph\"><strong>Redacci\u00f3n<\/strong><strong><\/strong><\/p>\n\n\n\n<p class=\"wp-block-paragraph\">SemM\u00e9xico, Cd. de M\u00e9xico, 11 de mayo, 2020.- La\nensayista,&nbsp;cr\u00edtica literaria, editora e\ninvestigadora de la&nbsp;UNAM,&nbsp;Liliana Irene\nWeinberg Marchevsky, fue designada integrante de la Academia Mexicana de la\nLengua.&nbsp;<\/p>\n\n\n\n<p class=\"wp-block-paragraph\">\u201cEs uno de los m\u00e1s altos honores que puede\nrecibir alguien que est\u00e1 inmerso en el mundo de la literatura y que trabaja con\nel lenguaje, con las palabras. Me enorgullece recibirlo como integrante de la\nUniversidad Nacional Aut\u00f3noma de M\u00e9xico\u201d, dijo a trav\u00e9s de un comunicado de\nprensa que difundi\u00f3 la UNAM.<\/p>\n\n\n\n<p class=\"wp-block-paragraph\">La investigadora del&nbsp;Centro de Investigaciones sobre\nAm\u00e9rica Latina y el Caribe (CIALC)&nbsp;ha tenido a su cargo varios proyectos de\ninvestigaci\u00f3n en torno al ensayo, y ha participado en distintas revistas y\nlibros de su especialidad. Adem\u00e1s, se dedica a la docencia en la Facultad de\nFilosof\u00eda y Letras (FFyL) y en los programas de posgrado en Estudios\nLatinoamericanos y Letras.<\/p>\n\n\n\n<p class=\"wp-block-paragraph\">Inform\u00f3 que la silla X que ocupar\u00e1 en la Academia\nfue antecedida por otro universitario: el investigador em\u00e9rito Jos\u00e9 Pascual\nBux\u00f3, con quien coincidi\u00f3 en algunos congresos de literatura novohispana y\nmexicana contempor\u00e1nea.<\/p>\n\n\n\n<p class=\"wp-block-paragraph\">El nombramiento de la universitaria se hizo el\npasado 23 de abril, fecha en que se conmemor\u00f3 tambi\u00e9n el D\u00eda de la Lengua y el\nD\u00eda del Libro. Adem\u00e1s, fue la primera ocasi\u00f3n en que los integrantes de la\nAcademia sesionaron de manera virtual, debido a la contingencia sanitaria por\nel coronavirus.<\/p>\n\n\n\n<p class=\"wp-block-paragraph\">\u201cNo se ha fijado la fecha de mi discurso de\ningreso, tal vez se pueda presentar en la segunda mitad del a\u00f1o, y espero poder\nleerlo en vivo para que est\u00e9 abierto a la escucha de quienes me quieran\nacompa\u00f1ar. Esta epidemia nos ha hecho revalorizar la presencia de los otros,\nesa presencia que tanto extra\u00f1amos\u201d.<\/p>\n\n\n\n<p class=\"wp-block-paragraph\">Weinberg coment\u00f3 que una instituci\u00f3n de prestigio\ncomo la Academia Mexicana de la Lengua tiene una presencia destacada en nuestra\nsociedad y cultura. Adem\u00e1s, resalt\u00f3 que M\u00e9xico es el pa\u00eds que cuenta con el\nmayor n\u00famero de hispanohablantes en el mundo.<\/p>\n\n\n\n<p class=\"wp-block-paragraph\"><strong>Trayectoria<\/strong><\/p>\n\n\n\n<p class=\"wp-block-paragraph\">Liliana\nWeinberg es ensayista, cr\u00edtica literaria, investigadora y editora en el campo\nde la literatura en su relaci\u00f3n con la cultura, la tradici\u00f3n literaria, las\nideas est\u00e9ticas y la historia intelectual.<\/p>\n\n\n\n<p class=\"wp-block-paragraph\">A\nlo largo de su carrera se ha especializado en la teor\u00eda y cr\u00edtica del ensayo en\ngeneral, y se ha orientado en particular al estudio del ensayo hispanoamericano\nde los siglos XIX y XX. Es autora de libros dedicados al ensayo, as\u00ed como de\nnumerosos trabajos sobre la obra de algunos de sus principales representantes,\ntemas y problemas.<\/p>\n\n\n\n<p class=\"wp-block-paragraph\">Es\ndoctora en Letras Hisp\u00e1nicas por El Colegio de M\u00e9xico, investigadora nacional\nnivel III del Sistema Nacional de Investigadores, investigadora titular del\nCIALC, profesora de licenciatura en la Facultad de Filosof\u00eda y Letras, y\nprofesora y tutora de los programas de Posgrado en Letras y Estudios\nLatinoamericanos de la UNAM.<\/p>\n\n\n\n<p class=\"wp-block-paragraph\">Tambi\u00e9n\nes presidenta del Comit\u00e9 de Historia Cultural del Instituto Panamericano de\nGeograf\u00eda e Historia, miembro de la Academia Mexicana de Ciencias, consejera de\nla C\u00e1tedra&nbsp;<em>Alfonso Reyes<\/em>, doctora&nbsp;<em>honoris causa<\/em>&nbsp;por\nla Universidad de Atenas, miembro del consejo editorial de la Bibliotheca\nIbero-Americana de Berl\u00edn, y ha sido jurado del Premio de Literatura en Lengua\nCastellana&nbsp;<em>Miguel de Cervantes.<\/em><\/p>\n\n\n\n<p class=\"wp-block-paragraph\">Ha\nrecibido la Distinci\u00f3n Universidad Nacional para J\u00f3venes Acad\u00e9micos, en el \u00e1rea\nde Investigaci\u00f3n en Humanidades; el Premio Anual de Ensayo\nHispanoamericano&nbsp;<em>Lya Kostakowsky<\/em>, de la Fundaci\u00f3n Cardoza y Arag\u00f3n;\nel Reconocimiento&nbsp;<em>Sor Juana In\u00e9s de la Cruz<\/em>, que otorga la UNAM a\nlas universitarias sobresalientes en su trayectoria acad\u00e9mica.<\/p>\n\n\n\n<p class=\"wp-block-paragraph\">Tambi\u00e9n,\nel Cuarto Premio Internacional de Ensayo, de la Editorial Siglo XXI, la\nUniversidad Aut\u00f3noma de Sinaloa y El Colegio de Sinaloa; y el Premio Nacional a\nla Investigaci\u00f3n Socio Human\u00edstica, que concede la Universidad Aut\u00f3noma de San\nLuis Potos\u00ed, entre otros.<\/p>\n\n\n\n<p class=\"wp-block-paragraph\">Algunas\nde sus obras son&nbsp;<em>Literatura latinoamericana. Descolonizar la\nimaginaci\u00f3n;<\/em>&nbsp;<em>Situaci\u00f3n del ensayo;<\/em>&nbsp;<em>Pensar el ensayo<\/em>;&nbsp;<em>El\nensayo en busca del sentido; Biblioteca Americana;<\/em>&nbsp;<em>Seis ensayos en\nbusca de Pedro Henr\u00edquez Ure\u00f1a;<\/em>&nbsp;y \u201c<em>El Aleph\u201d y las estructuras\nelementales de la imaginaci\u00f3n<\/em>.&nbsp;<\/p>\n\n\n\n<p class=\"wp-block-paragraph\">SEM\/sj<\/p>\n","protected":false},"excerpt":{"rendered":"<p>\u201cMe enorgullece recibirlo como integrante de la UNAM\u201d<\/p>\n","protected":false},"author":3,"featured_media":20547,"comment_status":"open","ping_status":"open","sticky":false,"template":"","format":"standard","meta":{"_monsterinsights_skip_tracking":false,"footnotes":""},"categories":[691,54],"tags":[],"class_list":["post-20546","post","type-post","status-publish","format-standard","has-post-thumbnail","category-691","category-mujeres"],"_links":{"self":[{"href":"https:\/\/redsemlac.com\/semmexico\/wp-json\/wp\/v2\/posts\/20546","targetHints":{"allow":["GET"]}}],"collection":[{"href":"https:\/\/redsemlac.com\/semmexico\/wp-json\/wp\/v2\/posts"}],"about":[{"href":"https:\/\/redsemlac.com\/semmexico\/wp-json\/wp\/v2\/types\/post"}],"author":[{"embeddable":true,"href":"https:\/\/redsemlac.com\/semmexico\/wp-json\/wp\/v2\/users\/3"}],"replies":[{"embeddable":true,"href":"https:\/\/redsemlac.com\/semmexico\/wp-json\/wp\/v2\/comments?post=20546"}],"version-history":[{"count":0,"href":"https:\/\/redsemlac.com\/semmexico\/wp-json\/wp\/v2\/posts\/20546\/revisions"}],"wp:featuredmedia":[{"embeddable":true,"href":"https:\/\/redsemlac.com\/semmexico\/wp-json\/wp\/v2\/media\/20547"}],"wp:attachment":[{"href":"https:\/\/redsemlac.com\/semmexico\/wp-json\/wp\/v2\/media?parent=20546"}],"wp:term":[{"taxonomy":"category","embeddable":true,"href":"https:\/\/redsemlac.com\/semmexico\/wp-json\/wp\/v2\/categories?post=20546"},{"taxonomy":"post_tag","embeddable":true,"href":"https:\/\/redsemlac.com\/semmexico\/wp-json\/wp\/v2\/tags?post=20546"}],"curies":[{"name":"wp","href":"https:\/\/api.w.org\/{rel}","templated":true}]}}