{"id":20543,"date":"2020-05-11T22:09:59","date_gmt":"2020-05-11T22:09:59","guid":{"rendered":"https:\/\/redsemlac.com\/semmexico\/?p=20543"},"modified":"2023-07-21T16:19:19","modified_gmt":"2023-07-21T21:19:19","slug":"diputadas-de-morena-defienden-a-amlo","status":"publish","type":"post","link":"https:\/\/redsemlac.com\/semmexico\/diputadas-de-morena-defienden-a-amlo\/","title":{"rendered":"Diputadas de Morena defienden a AMLO"},"content":{"rendered":"\n<ul class=\"wp-block-list\"><li><strong>En carta p\u00fablica, acusan de oportunistas a legisladoras que piden respetar Anexo 13 por COVID 19<\/strong><\/li><\/ul>\n\n\n\n<ul class=\"wp-block-list\"><li><strong> \u201cNos parece un desprop\u00f3sito insidioso\u201d, dicen<\/strong><\/li><\/ul>\n\n\n\n<p class=\"wp-block-paragraph\"><strong>Elda Montiel<\/strong><\/p>\n\n\n\n<p class=\"wp-block-paragraph\">SemM\u00e9xico, Cd. de M\u00e9xico, 11 de mayo, 2020.- En una carta abierta a la Opini\u00f3n P\u00fablica diputadas de la fracci\u00f3n parlamentaria de Morena defienden al Jefe del Ejecutivo por su labor gubernamental y califican al Grupo Plural de Igualdad Sustantiva de \u201crevictimizar con oportunismo pol\u00edtico\u201d a las personas inmersas en violencia, cuando pidieron que las erogaciones del Anexo 13 no tengan ninguna disminuci\u00f3n, y que sean considerados programas prioritarios durante la emergencia sanitaria del COVID 19.<\/p>\n\n\n\n<p class=\"wp-block-paragraph\">Dicha solicitud la hicieron, el\npasado 8 de marzo, las legisladoras como punto de Acuerdo en la C\u00e1mara de Diputados\ncomo Grupo de Igualdad sustantiva integrada por legisladoras que pertenecen al PAN, Movimiento Ciudadano, PRI, PRD, PVEM e,\ninclusive, de Morena y el PES.<\/p>\n\n\n\n<p class=\"wp-block-paragraph\">En respuesta, y distribuida por la\ndiputada Mar\u00eda de los \u00c1ngeles Huerta de Morena, la Carta a la Opini\u00f3n P\u00fablica critica\na las diputadas de traer una agenda de intereses personales cuando deben buscar\nresolver la problem\u00e1tica de la urgencia sanitaria. <\/p>\n\n\n\n<p class=\"wp-block-paragraph\">Incluso, se\u00f1alan, que no han\nreconocido la fuerza de tarea femenina de enfermeras, m\u00e9dicas y las trabajadoras de salud que luchan d\u00eda a d\u00eda\ncontra la epidemia, y que reciben m\u00e1s discriminaci\u00f3n y acoso de una parte de la\npropia ciudadan\u00eda, y que al respecto no han propuesto nada.<\/p>\n\n\n\n<p class=\"wp-block-paragraph\">Reconocen las violencias, familiar y de g\u00e9nero,\npadecidas en el pa\u00eds como producto de m\u00faltiples complejos factores de fondo y\nque requiere medidas integrales no s\u00f3lo por parte del Gobierno Federal, sino\ntambi\u00e9n de los poderes legislativos y judiciales, de los tres niveles de\ngobierno y, por supuesto, de la sociedad en su conjunto.<\/p>\n\n\n\n<p class=\"wp-block-paragraph\">Sin embargo, descalifican a las legisladoras con\nfrases como: <\/p>\n\n\n\n<p class=\"wp-block-paragraph\">\u201cNos parece un desprop\u00f3sito insidioso pretender\ninvocar la responsabilidad exclusiva del Ejecutivo Federal en este problema. <\/p>\n\n\n\n<p class=\"wp-block-paragraph\">\u201cEs equivocado y faccioso obstinarse en reducir la\nviolencia a un asunto de pasillos, oficinas de fiscal\u00edas y nota roja alarmista\nen el diario de ocasi\u00f3n\u201d. <\/p>\n\n\n\n<p class=\"wp-block-paragraph\">Se\u00f1ala que las mujeres no son prioritarias en los\nprogramas de la 4T, \u201cno s\u00f3lo es una falsa percepci\u00f3n, sino una afirmaci\u00f3n\nbasada en una actitud mezquina que se aprovecha de la crisis sanitaria y\necon\u00f3mica.<\/p>\n\n\n\n<p class=\"wp-block-paragraph\">\u201cEsta irracionalidad s\u00f3lo busca imponer una agenda\nque politiza e ideologiza\u201d. <\/p>\n\n\n\n<p class=\"wp-block-paragraph\">Afirman que el gobierno actual afronta estructuralmente el problema con\nsensibilidad social e inteligencia, redistribuyendo la riqueza y erradicando la\ninjusticia social y la marginaci\u00f3n, que son las mejores maneras de reconciliar\nal pa\u00eds y reivindicar la dignidad humana, lastimada por el despojo y el olvido.<\/p>\n\n\n\n<p class=\"wp-block-paragraph\">Aluden como resultado de la injusticia social,\ndelincuencia econ\u00f3mica y de cuello blanco a las pol\u00edticas neoliberales anteriores.<\/p>\n\n\n\n<p class=\"wp-block-paragraph\">La 4T no abandonara a las mujeres, sobre todo a las\npobres y a las marginadas incluyendo a las ind\u00edgenas, pero advierten que ser\u00e1\ncon una visi\u00f3n humana y cl\u00ednica, y no con una perspectiva punitiva y\ncriminalista de victimizaci\u00f3n que convierta a las mujeres en un n\u00famero de\nexpediente.<\/p>\n\n\n\n<p class=\"wp-block-paragraph\">Aseguran que no se quiere invisibilizar la violencia\ncontra las mujeres, ni mucho menos debilitar los mecanismos de denuncia.<\/p>\n\n\n\n<p class=\"wp-block-paragraph\">Al final aceptan que los recursos deben usarse para\nlas mujeres y reflexionar como se fractur\u00f3 la sociedad con millones de mujeres\nasumiendo el rol de jefas de hogar. Califican la fractura social como una\nherencia cultural maligna que es urgente afrontar de modo estructural y\nerradicarla decisivamente, sin ideolog\u00edas. <\/p>\n\n\n\n<p class=\"wp-block-paragraph\">La situaci\u00f3n de emergencia de salud p\u00fablica por la\nque atraviesa el pa\u00eds, ha sacado lo mejor de gran parte de la sociedad mexicana\ny del personal profesional de salud. El hero\u00edsmo y el alto civismo mostrado por\neste sector, han permitido comenzar a regenerar el tejido social destruido por\nlos 38 a\u00f1os implacables de violencia econ\u00f3mica y social que est\u00e1 en el origen\nde las dem\u00e1s violencias, especialmente la de g\u00e9nero. <\/p>\n\n\n\n<p class=\"wp-block-paragraph\">SEM\/em\/sj<\/p>\n","protected":false},"excerpt":{"rendered":"<p>\u201cNos parece un desprop\u00f3sito insidioso\u201d, dicen<\/p>\n","protected":false},"author":3,"featured_media":20544,"comment_status":"open","ping_status":"open","sticky":false,"template":"","format":"standard","meta":{"_monsterinsights_skip_tracking":false,"footnotes":""},"categories":[691,50],"tags":[],"class_list":["post-20543","post","type-post","status-publish","format-standard","has-post-thumbnail","category-691","category-congreso"],"_links":{"self":[{"href":"https:\/\/redsemlac.com\/semmexico\/wp-json\/wp\/v2\/posts\/20543","targetHints":{"allow":["GET"]}}],"collection":[{"href":"https:\/\/redsemlac.com\/semmexico\/wp-json\/wp\/v2\/posts"}],"about":[{"href":"https:\/\/redsemlac.com\/semmexico\/wp-json\/wp\/v2\/types\/post"}],"author":[{"embeddable":true,"href":"https:\/\/redsemlac.com\/semmexico\/wp-json\/wp\/v2\/users\/3"}],"replies":[{"embeddable":true,"href":"https:\/\/redsemlac.com\/semmexico\/wp-json\/wp\/v2\/comments?post=20543"}],"version-history":[{"count":0,"href":"https:\/\/redsemlac.com\/semmexico\/wp-json\/wp\/v2\/posts\/20543\/revisions"}],"wp:featuredmedia":[{"embeddable":true,"href":"https:\/\/redsemlac.com\/semmexico\/wp-json\/wp\/v2\/media\/20544"}],"wp:attachment":[{"href":"https:\/\/redsemlac.com\/semmexico\/wp-json\/wp\/v2\/media?parent=20543"}],"wp:term":[{"taxonomy":"category","embeddable":true,"href":"https:\/\/redsemlac.com\/semmexico\/wp-json\/wp\/v2\/categories?post=20543"},{"taxonomy":"post_tag","embeddable":true,"href":"https:\/\/redsemlac.com\/semmexico\/wp-json\/wp\/v2\/tags?post=20543"}],"curies":[{"name":"wp","href":"https:\/\/api.w.org\/{rel}","templated":true}]}}