{"id":20540,"date":"2020-05-11T21:56:57","date_gmt":"2020-05-11T21:56:57","guid":{"rendered":"https:\/\/redsemlac.com\/semmexico\/?p=20540"},"modified":"2023-07-21T16:19:19","modified_gmt":"2023-07-21T21:19:19","slug":"despide-notimex-a-mas-de-100-madres-y-jefas-de-familia","status":"publish","type":"post","link":"https:\/\/redsemlac.com\/semmexico\/despide-notimex-a-mas-de-100-madres-y-jefas-de-familia\/","title":{"rendered":"Despide Notimex a m\u00e1s de 100 madres y jefas de familia"},"content":{"rendered":"\n<ul class=\"wp-block-list\"><li><strong>43% de\ntrabajadores en huelga son mam\u00e1s sin salario. Su directora general Sanjuana\nMart\u00ednez orden\u00f3 el despido violento de una editora embarazada.<\/strong><\/li><\/ul>\n\n\n\n<p class=\"wp-block-paragraph\"><strong>Octavio Garc\u00eda\/WRadio\/\nFoto: Cuartoscuro<\/strong><\/p>\n\n\n\n<p class=\"wp-block-paragraph\">SemM\u00e9xico\/WRadio. Ciudad de M\u00e9xico. 11 de mayo 2020.- En el\nmarco del festejo por el \u201cD\u00eda de las Madres\u201d trabajadores del Sindicato \u00danico\nde Trabajadores de la Agencia de Noticias del Estado Notimex (SUTNOTIMEX)\ndenunci\u00f3 que esta fecha resulta at\u00edpica para m\u00e1s de 100 mam\u00e1s y jefas de\nfamilia, profesionales del periodismo y de la comunicaci\u00f3n, que fueron\ndespedidas y violentadas en sus derechos laborales y humanos por Sanjuana\nMart\u00ednez, directora de esta entidad gubernamental durante los 14 meses que van\nde su administraci\u00f3n.<\/p>\n\n\n\n<p class=\"wp-block-paragraph\">Muchas de esas mujeres sostienen y vigilan la huelga en\nNotimex, que este 10 de Mayo lleg\u00f3 a su d\u00eda 80, y enfrentan una situaci\u00f3n de\ncomplejidad familiar, pues adem\u00e1s de no percibir su salario conforme a la ley,\ndeben mantener su presencia en las guardias durante 24 horas en los campamentos\na pie de calle, en medio de la peor crisis sanitaria que se haya visto en la\nhistoria reciente del mundo, lo que implica un sacrificio para sus hijos y\nfamilias.<\/p>\n\n\n\n<p class=\"wp-block-paragraph\">Ante esta situaci\u00f3n el Sindicato \u00danico de Trabajadores de\nNotimex (SUTNOTIMEX) hace un llamado al presidente de M\u00e9xico, Andr\u00e9s Manuel\nL\u00f3pez Obrador; a la titular de la Secretar\u00eda del Trabajo y Previsi\u00f3n Social,\nLuisa Mar\u00eda Alcalde Luj\u00e1n; a la presidenta de la Junta Federal de Conciliaci\u00f3n\ny Arbitraje, Mar\u00eda Eugenia Navarrete, y al secretario de Salud, Jorge Alcocer\nVarela, para que intervengan en la resoluci\u00f3n de la huelga que se mantiene\ndesde el 21 de febrero, debido a la falta de disposici\u00f3n para el di\u00e1logo por\nparte de la direcci\u00f3n de Notimex.<\/p>\n\n\n\n<p class=\"wp-block-paragraph\">Y es que desde su llegada a la Direcci\u00f3n General de Notimex,\nel 22 de marzo de 2019, Sanjuana Mart\u00ednez estableci\u00f3 de manera sistem\u00e1tica la\nviolaci\u00f3n de derechos laborales, discriminaci\u00f3n, acoso y despidos\ninjustificados.<\/p>\n\n\n\n<p class=\"wp-block-paragraph\">De 245 personas despedidas, 172 fueron mujeres, entre ellas\nm\u00e1s de 100 madres y jefas de familia, incluida una mujer con 8 meses de\nembarazo. El maltrato prevaleci\u00f3 para las trabajadoras en activo. Es por ello\nque, en la actualidad, 43 por ciento de las personas en huelga tambi\u00e9n son\nmam\u00e1s o cabeza de familia.<\/p>\n\n\n\n<p class=\"wp-block-paragraph\">Desde marzo de 2019, las mujeres y madres de familia\ntrabajadoras sufrieron el retiro de las prestaciones que deben recibir conforme\na las leyes mexicanas y el Derecho Internacional, como son los cuidados\nmaternos, licencias por enfermedad de los hijos y los tiempos de asistencia a\nlos servicios de salud, entre otros.<\/p>\n\n\n\n<p class=\"wp-block-paragraph\">Ante ello, las madres trabajadoras del SUTNOTIMEX reiteran\nsu permanencia en la lucha por sus derechos laborales y respaldan las acciones\nde la organizaci\u00f3n que ha denunciado desde un principio las actitudes mis\u00f3ginas\npor parte de la actual administraci\u00f3n de Notimex.<\/p>\n\n\n\n<p class=\"wp-block-paragraph\">El sindicato, a nombre de todos los que mantienen la huelga, reitera su disposici\u00f3n al di\u00e1logo y su irrestricto apego a la legalidad en este conflicto laboral, y hace un exhorto firme y respetuoso a la administraci\u00f3n de la agencia para que a la brevedad se retomen las negociaciones que lleven a un acuerdo justo y en beneficio de los trabajadores, as\u00ed como de la parte patronal.<\/p>\n\n\n\n<p class=\"wp-block-paragraph\">SEM\/WRadio<\/p>\n","protected":false},"excerpt":{"rendered":"<p>43% de trabajadores en huelga son mam\u00e1s sin salario. Su directora general Sanjuana Mart\u00ednez orden\u00f3 el despido violento de una editora embarazada.<\/p>\n","protected":false},"author":3,"featured_media":20541,"comment_status":"open","ping_status":"open","sticky":false,"template":"","format":"standard","meta":{"_monsterinsights_skip_tracking":false,"footnotes":""},"categories":[691,51],"tags":[],"class_list":["post-20540","post","type-post","status-publish","format-standard","has-post-thumbnail","category-691","category-ejecutivo"],"_links":{"self":[{"href":"https:\/\/redsemlac.com\/semmexico\/wp-json\/wp\/v2\/posts\/20540","targetHints":{"allow":["GET"]}}],"collection":[{"href":"https:\/\/redsemlac.com\/semmexico\/wp-json\/wp\/v2\/posts"}],"about":[{"href":"https:\/\/redsemlac.com\/semmexico\/wp-json\/wp\/v2\/types\/post"}],"author":[{"embeddable":true,"href":"https:\/\/redsemlac.com\/semmexico\/wp-json\/wp\/v2\/users\/3"}],"replies":[{"embeddable":true,"href":"https:\/\/redsemlac.com\/semmexico\/wp-json\/wp\/v2\/comments?post=20540"}],"version-history":[{"count":0,"href":"https:\/\/redsemlac.com\/semmexico\/wp-json\/wp\/v2\/posts\/20540\/revisions"}],"wp:featuredmedia":[{"embeddable":true,"href":"https:\/\/redsemlac.com\/semmexico\/wp-json\/wp\/v2\/media\/20541"}],"wp:attachment":[{"href":"https:\/\/redsemlac.com\/semmexico\/wp-json\/wp\/v2\/media?parent=20540"}],"wp:term":[{"taxonomy":"category","embeddable":true,"href":"https:\/\/redsemlac.com\/semmexico\/wp-json\/wp\/v2\/categories?post=20540"},{"taxonomy":"post_tag","embeddable":true,"href":"https:\/\/redsemlac.com\/semmexico\/wp-json\/wp\/v2\/tags?post=20540"}],"curies":[{"name":"wp","href":"https:\/\/api.w.org\/{rel}","templated":true}]}}