{"id":20533,"date":"2020-05-11T21:35:59","date_gmt":"2020-05-11T21:35:59","guid":{"rendered":"https:\/\/redsemlac.com\/semmexico\/?p=20533"},"modified":"2023-07-21T16:19:19","modified_gmt":"2023-07-21T21:19:19","slug":"es-tiempo-de-justicia-para-el-periodismo-mexicano-soledad-jarquin","status":"publish","type":"post","link":"https:\/\/redsemlac.com\/semmexico\/es-tiempo-de-justicia-para-el-periodismo-mexicano-soledad-jarquin\/","title":{"rendered":"Es tiempo de justicia para el periodismo mexicano: Soledad Jarqu\u00edn"},"content":{"rendered":"\n<p class=\"wp-block-paragraph\"><strong>* Convoca Consejo Ciudadano al Premio\nNacional de Periodismo 2019<\/strong><\/p>\n\n\n\n<p class=\"wp-block-paragraph\"><strong>* <\/strong><strong>La\ndemocracia no puede funcionar sin un periodismo responsable: Mariana Anzorena; Un\njurado comprometido: Yaisa Santos; Jorge Sadi Dur\u00f3n: en M\u00e9xico hay buenos\nperiodistas<\/strong><\/p>\n\n\n\n<p class=\"wp-block-paragraph\"><strong>Olga\nRosario Avenda\u00f1o<\/strong><\/p>\n\n\n\n<p class=\"wp-block-paragraph\">SemM\u00e9xico. Ciudad de M\u00e9xico. 11 de mayo 2020.- Este d\u00eda\nel Consejo Ciudadano del Premio Nacional de Periodismo dio a conocer la\nconvocatoria del Premio Nacional de Periodismo 2019, as\u00ed como a las y los\nintegrantes del Jurado Calificador, mismo que es presidido por la periodista\nSoledad Jarqu\u00edn Edgar, integrante del equipo de la agencia SemM\u00e9xico.<\/p>\n\n\n\n<p class=\"wp-block-paragraph\">El Doctor Raciel Mart\u00ednez, catedr\u00e1tico de la Universidad\nVeracruzana, habl\u00f3 a nombre del Consejo del Premio Nacional de Periodismo, dijo\nque esta instituci\u00f3n la integran universidades p\u00fablicas y privadas,\nasociaciones, editores y escuelas de periodismo.<\/p>\n\n\n\n<p class=\"wp-block-paragraph\">El objetivo de este premio \u2013explic\u00f3\u2014 es reconocer a los y\nlas periodistas por su desempe\u00f1o, garantes de la libertad de expresi\u00f3n, \u201crecordemos\nque el Premio Nacional de Periodismo naci\u00f3 en 2001, a\u00f1o en que se pidi\u00f3 al\ngobierno del estado mexicano separarse de \u00e9ste y fuera solamente ciudadano\u201d.<\/p>\n\n\n\n<p class=\"wp-block-paragraph\">El premio se ha entregado bajo las premisas de autonom\u00eda,\nindependencia, imparcialidad, pluralidad y sobre todo responsabilidad, resalt\u00f3.<\/p>\n\n\n\n<p class=\"wp-block-paragraph\">Mencion\u00f3 que el a\u00f1o pasado, el Jurado Calificador recibi\u00f3\nmil 136 trabajos en sus diversas categor\u00edas, provenientes de diferentes medios\nque se encuentran en todos los estados de la rep\u00fablica mexicana.<\/p>\n\n\n\n<p class=\"wp-block-paragraph\"><strong>Inseguridad\ny precariedad<\/strong><\/p>\n\n\n\n<p class=\"wp-block-paragraph\">Por su parte, Soledad Jarqu\u00edn Edgar, quien desde el 2 de\njunio se ha encargado de exigir justicia por el asesinato de su hija, la fotoperiodista,\nMar\u00eda del Sol Cruz Jarqu\u00edn, invit\u00f3 a las y los periodistas de este pa\u00eds a\nparticipar con sus trabajos, durante su discurso dijo, \u201cson tiempos dif\u00edciles\npara el ejercicio del periodismo y no debemos acostumbrarnos a ello. Esta frase\nque parece haber sido tomada de un viejo discurso, sigue vigente, cada d\u00eda\nregistramos acciones retr\u00f3gradas en detrimento al derecho a informar y el\nderecho de la sociedad a ser informada\u201d.<\/p>\n\n\n\n<p class=\"wp-block-paragraph\">La tambi\u00e9n Premio Nacional de Periodismo 2006, en el\ng\u00e9nero Noticia, agreg\u00f3 que el periodismo mexicano, se enfrenta a la violencia,\npero tambi\u00e9n, al ensanchamiento de la precariedad ocasionada por la falta de\nreconocimiento de un trabajo profesional por el que se paga poco y que se hace\nsin los beneficios de la seguridad social, condiciones inaceptables que no se\ndeben perder de vista \u201cni por quienes hacemos esta tarea ni por el resto de la\nsociedad\u201d.<\/p>\n\n\n\n<p class=\"wp-block-paragraph\">La reportera y editora de SemM\u00e9xico, hizo hincapi\u00e9 que\ndiariamente en este pa\u00eds, tanto en la ciudad de M\u00e9xico como en sus regiones, se\nobserva \u201cc\u00f3mo la modernizaci\u00f3n tecnol\u00f3gica impact\u00f3 la producci\u00f3n de\ninformaci\u00f3n, ampli\u00f3 el horizonte de trabajo de las y los reporteros a quienes\nse exige m\u00e1s por el mismo sueldo, con graves consecuencias profesionales y\npersonales\u201d.<\/p>\n\n\n\n<p class=\"wp-block-paragraph\">La tambi\u00e9n autora de los libros Periodismo de G\u00e9nero en\nOaxaca. La otra mirada (2017) y Mujeres de Oaxaca (2014), resalt\u00f3 que tambi\u00e9n es\nbien conocido c\u00f3mo desde los poderes f\u00e1cticos y hasta las m\u00e1s altas\nrepresentaciones del poder gubernamental, es constante la tentaci\u00f3n de coartar\nla libertad de prensa, una tarea fundamental para el desarrollo de una sociedad\nlibre y todo lo que debe representar la expresi\u00f3n \u201csociedad libre\u201d. <\/p>\n\n\n\n<p class=\"wp-block-paragraph\">Agreg\u00f3 \u201cpese a ello, cada d\u00eda y de muy diversas formas,\nla violencia contra las y los periodistas est\u00e1 presente: desde la denostaci\u00f3n,\nlas amenazas y hasta el silencio letal, se pretende, y muchas veces se logra,\ntrastocar la tarea informativa\u201d. Es tiempo de justicia para el periodismo mexicano, agraviado en cada\nuno de los asesinatos que se han cometido en contra de mujeres y hombres que\ncumpl\u00edan con su trabajo.<\/p>\n\n\n\n<p class=\"wp-block-paragraph\">Jarqu\u00edn Edgar, hizo un recuento de las y los periodistas\nque han sido galardonados con este premio, en la categor\u00eda de Trayectoria\nProfesional, entre ellos se encuentran: Francisco Huerta, Julio Scherer, Miguel\n\u00c1ngel Granados Chapa, Helio Flores, Jes\u00fas Blancornelas, los hermanos Mayo, Paco\nIgnacio Taibo I, Carlos Monsivais, Rogelio Naranjo, Elena Poniatowska, Pedro\nValtierra, Sara Lovera, Blanche Petriche, Jos\u00e9 Reveles, Elsa Medina y Cristina\nPacheco.<\/p>\n\n\n\n<p class=\"wp-block-paragraph\">Dijo que para este 2020 se quiere superar el n\u00famero de\nparticipantes al Premio convocado por el Consejo Ciudadano.<\/p>\n\n\n\n<p class=\"wp-block-paragraph\">Por su parte, la maestra Mariana Anzorena, docente de la\nUniversidad Iberoamericana, invit\u00f3 a participar a todos y todas las periodistas\nde M\u00e9xico, ya que, en un pa\u00eds como este, hace falta que se reconozca y premie\nel trabajo period\u00edstico.<\/p>\n\n\n\n<p class=\"wp-block-paragraph\">Anzorena mencion\u00f3 que es importante recordar que la\ndemocracia no puede funcionar sin un periodismo responsable.<\/p>\n\n\n\n<p class=\"wp-block-paragraph\">Yaiza Santos, tambi\u00e9n docente de la UIA, dijo que el\njurado calificador tiene en cuenta lo extraordinario que vive el gremio\nperiod\u00edstico en estos momentos, especialmente en el interior del pa\u00eds, \u201cojal\u00e1\nsirva esto para que participen trabajos de all\u00e1. El jurado est\u00e1 comprometido\ncon la profesionalidad y eso se tomar\u00e1 en cuenta para elegir al ganador, este\nes un oficio sin el que no puede existir la democracia\u201d.<\/p>\n\n\n\n<p class=\"wp-block-paragraph\">Jorge Sadi Dur\u00f3n del Consejo Nacional para la Ense\u00f1anza\nde la Comunicaci\u00f3n quien invit\u00f3 a periodistas de todo el pa\u00eds a participar en\neste concurso, pues en todas partes de M\u00e9xico \u201chay muy buenos periodistas y\nbuenos trabajos, s\u00f3lo tienen que participar, son muy grandiosos\u201d.<\/p>\n\n\n\n<p class=\"wp-block-paragraph\">Los trabajos que podr\u00e1n participar son los publicados de\nenero a diciembre de 2019; los g\u00e9neros participantes son: Noticia, caricatura,\nperiodismo de investigaci\u00f3n y narrativo, entrevista, opini\u00f3n y reportaje, los\ndetalles pueden consultarlos en la p\u00e1gina del premio <a href=\"https:\/\/www.periodismo.org.mx\/\">https:\/\/www.periodismo.org.mx\/<\/a><\/p>\n\n\n\n<p class=\"wp-block-paragraph\">El jurado calificador lo integran, adem\u00e1s de quienes\nestuvieron presentes en la convocatoria: Luis Alfredo Rasgado Flores de la\nUniversidad Aut\u00f3noma Metropolitana; Marcos Ram\u00edrez Espinoza de la Universidad\nAut\u00f3noma de Baja California; Mar\u00eda Dolores Rosales de la Universidad Aut\u00f3noma\nde Morelos, Mariana Anzorena de la Universidad Iberoamericana; Mariano Navarro\nArroyo del Consejo para la Ense\u00f1anza e Investigaci\u00f3n de las Ciencias de la Comunicaci\u00f3n;\nMario Alberto Reyes del Instituto Polit\u00e9cnico Nacional.<\/p>\n\n\n\n<p class=\"wp-block-paragraph\">As\u00ed como Mauricio Ortega Guzm\u00e1n de la Escuela de\nPeriodismo Carlos Septi\u00e9n Garc\u00eda, Miguel \u00c1ngel Villareal de la Universidad\nVeracruzana, Mar\u00eda Mirna Granados de la Universidad Aut\u00f3noma de Nuevo Le\u00f3n,\nOmar Guillermo Garc\u00eda Santiago de la Universidad de Guadalajara, Ricardo L\u00f3pez\nCordero de la Universidad Iberoamericana, Rosario \u00c1viles S\u00e1nchez Aula Abierta y\nVanesa Robles Aguilar del Instituto Tecnol\u00f3gico de Estudios Superiores de\nOccidente.<\/p>\n\n\n\n<p class=\"wp-block-paragraph\">SEM\/ora\/sl<\/p>\n","protected":false},"excerpt":{"rendered":"<p>Convoca Consejo Ciudadano al Premio Nacional de Periodismo 2019<\/p>\n","protected":false},"author":3,"featured_media":20534,"comment_status":"open","ping_status":"open","sticky":false,"template":"","format":"standard","meta":{"_monsterinsights_skip_tracking":false,"footnotes":""},"categories":[691,54],"tags":[],"class_list":["post-20533","post","type-post","status-publish","format-standard","has-post-thumbnail","category-691","category-mujeres"],"_links":{"self":[{"href":"https:\/\/redsemlac.com\/semmexico\/wp-json\/wp\/v2\/posts\/20533","targetHints":{"allow":["GET"]}}],"collection":[{"href":"https:\/\/redsemlac.com\/semmexico\/wp-json\/wp\/v2\/posts"}],"about":[{"href":"https:\/\/redsemlac.com\/semmexico\/wp-json\/wp\/v2\/types\/post"}],"author":[{"embeddable":true,"href":"https:\/\/redsemlac.com\/semmexico\/wp-json\/wp\/v2\/users\/3"}],"replies":[{"embeddable":true,"href":"https:\/\/redsemlac.com\/semmexico\/wp-json\/wp\/v2\/comments?post=20533"}],"version-history":[{"count":0,"href":"https:\/\/redsemlac.com\/semmexico\/wp-json\/wp\/v2\/posts\/20533\/revisions"}],"wp:featuredmedia":[{"embeddable":true,"href":"https:\/\/redsemlac.com\/semmexico\/wp-json\/wp\/v2\/media\/20534"}],"wp:attachment":[{"href":"https:\/\/redsemlac.com\/semmexico\/wp-json\/wp\/v2\/media?parent=20533"}],"wp:term":[{"taxonomy":"category","embeddable":true,"href":"https:\/\/redsemlac.com\/semmexico\/wp-json\/wp\/v2\/categories?post=20533"},{"taxonomy":"post_tag","embeddable":true,"href":"https:\/\/redsemlac.com\/semmexico\/wp-json\/wp\/v2\/tags?post=20533"}],"curies":[{"name":"wp","href":"https:\/\/api.w.org\/{rel}","templated":true}]}}