{"id":20523,"date":"2020-05-11T20:53:07","date_gmt":"2020-05-11T20:53:07","guid":{"rendered":"https:\/\/redsemlac.com\/semmexico\/?p=20523"},"modified":"2023-07-21T16:19:20","modified_gmt":"2023-07-21T21:19:20","slug":"las-manos-que-sostienen-el-mercado-de-comida-mas-grande-del-mundo","status":"publish","type":"post","link":"https:\/\/redsemlac.com\/semmexico\/las-manos-que-sostienen-el-mercado-de-comida-mas-grande-del-mundo\/","title":{"rendered":"Las manos que sostienen el mercado de comida m\u00e1s grande del mundo"},"content":{"rendered":"\n<ul class=\"wp-block-list\"><li> <strong>Ubicado en el sur del Bronx, de este lugar salen m\u00e1s de 2 mil millones de kilos de comida al a\u00f1o. \u00bfQui\u00e9nes se encargan de dar de comer a los habitantes del actual epicentro de la pandemia?<\/strong> <\/li><\/ul>\n\n\n\n<p class=\"wp-block-paragraph\"><strong>Texto y fotos: Heriberto Paredes\/Chiapas Paralelo<\/strong><\/p>\n\n\n\n<p class=\"wp-block-paragraph\">SemM\u00e9xico\/Chiapas Paralelo. NUEVA YORK. 11 de mayo 2020.- \u201cSalgo de la casa a las 2:40 de la ma\u00f1ana para tomar el autob\u00fas a las 2:50 y llegar. Me tomo como 50 minutos. Tomo el bus y tomo el Metro, todos los d\u00edas\u201d. As\u00ed comienza el d\u00eda Jos\u00e9 Cuatzo, de 37 a\u00f1os, originario de San Bernab\u00e9 Temoxtitla, Puebla, una comunidad campesina a 40 minutos de la capital del estado.<\/p>\n\n\n\n<p class=\"wp-block-paragraph\">Jos\u00e9 tiene 17 a\u00f1os en Nueva York, de los cuales 12 los ha entregado a ser el gerente de la secci\u00f3n de panader\u00eda en una de las siete sucursales de una peque\u00f1a cadena de supermercados llamada Westside Market, en Manhattan. Vive con su esposa, dos hijas y un hijo, en el Bronx, uno de los distritos con mayor poblaci\u00f3n latinoamericana y tambi\u00e9n el tercer lugar en focos de contagio de covid-19.<\/p>\n\n\n\n<figure class=\"wp-block-image\"><img decoding=\"async\" src=\"https:\/\/piedepagina.mx\/wp-content\/uploads\/2020\/05\/JOSE%CC%81-1-1200x675.jpg\" alt=\"\" class=\"wp-image-36723\"\/><figcaption>Jos\u00e9.<\/figcaption><\/figure>\n\n\n\n<p class=\"wp-block-paragraph\">La distribuci\u00f3n de los insumos de comida fue una de las prioridades que garantiz\u00f3 desde el principio el gobierno estatal de Nueva York. Como buena urbe, este lugar no produce nada que pueda asegurar la alimentaci\u00f3n de poco m\u00e1s de 9 millones de habitantes. Al comienzo de la crisis sanitaria \u2013a mediados de marzo\u2013 en algunos barrios el rumor de desabasto se reg\u00f3 como p\u00f3lvora. Las escenas de enormes filas y de excesos de papel de ba\u00f1o inundaron las redes sociales.<\/p>\n\n\n\n<p class=\"wp-block-paragraph\">A pesar de tener esta centralidad, el riesgo de una crisis alimenticia permanece: algunas personas, trabajadores del Hunts Point Food Distribution Center han enfermado y fallecido. Considerado el centro de distribuci\u00f3n de comida m\u00e1s grande del mundo, integra a m\u00e1s de 200 empresas y cuenta con poco m\u00e1s de 850 trabajadores. Ubicado en el sur del Bronx, de este lugar salen m\u00e1s de 2 mil millones de kilos de comida al a\u00f1o que se producen en el centro oeste y en el sureste de Estados Unidos, en buena medida por manos migrantes.<\/p>\n\n\n\n<p class=\"wp-block-paragraph\">Los alimentos llegan, se bajan de los tr\u00e1ileres y se acomodan en las bodegas. Luego se vuelven a acomodar en otros tr\u00e1ileres que ir\u00e1n por toda la ciudad con los productos a cada tienda, supermercado o restaurante.<\/p>\n\n\n\n<p class=\"wp-block-paragraph\">\u201cLos mexicanos est\u00e1n empacando los productos, pas\u00e1ndolos de las bolsas a las cajas, tray\u00e9ndolas al supermercado, acomod\u00e1ndolas, est\u00e1n en toda la l\u00ednea de producci\u00f3n, son todos trabajadores esenciales\u201d, afirma Ian Joscowitz, gerente general de la sucursal en la que trabaja Jos\u00e9. \u201cAmo a las personas mexicanas, trabajan muy duro, son honestos, obviamente sin los trabajadores mexicanos no podr\u00edamos hacer esto\u201d.<\/p>\n\n\n\n<figure class=\"wp-block-image\"><img decoding=\"async\" src=\"https:\/\/lh3.googleusercontent.com\/g6f5ZUoTHnSqCs9Re-UQPvlmhWDHmnMan_8WzU9hrSccxh7vr2vXwu6uHa62b53wMrK7nMJq2vWUXqdHkf1UBgZ8wLKGQpMwMC2-vCCJeExvXNFNveAh3IwmTxdxXrFcFiLXEqjz\" alt=\"\"\/><\/figure>\n\n\n\n<p class=\"wp-block-paragraph\">\u201cNo es teor\u00eda que la gente pone su vida en riesgo, porque aunque la vida sigue hay mucha gente muriendo. La gente que distribuye los productos, los pone en los camiones y los descarga aqu\u00ed, est\u00e1n arriesgando sus vidas\u201d.<\/p>\n\n\n\n<p class=\"wp-block-paragraph\">Con 50 empleados a su cargo y m\u00e1s de 800 clientes diarios, Ian ha tenido un papel central en garantizar la salud del personal. Ha distribuido equipos de protecci\u00f3n tempranamente y con ello afirma no tener ninguna persona enferma.<\/p>\n\n\n\n<p class=\"wp-block-paragraph\">Jos\u00e9 usa un tapabocas KN95, lentes de pl\u00e1stico transparentes y guantes de l\u00e1tex. Es dif\u00edcil seguir sus gestos pero en ocasiones la mirada basta para adivinar que est\u00e1 satisfecho con su trabajo: \u201cEstamos trabajando en equipo para brindarle lo mejor para nuestros clientes y tratamos de hacer lo mejor para ellos y lo mejor para nosotros, en seguridad, en medio de esta pandemia que estamos pasando, que no es f\u00e1cil, pero estamos cuidando a nuestros clientes, nosotros y la familia, salimos de casa y regresamos, gracias a Dios y vamos d\u00eda a d\u00eda\u201d.<\/p>\n\n\n\n<h3 class=\"wp-block-heading\">Margarita y Jos\u00e9<\/h3>\n\n\n\n<p class=\"wp-block-paragraph\">Margarita P\u00e9rez es originaria de Santa Ana Otzolotepec, una localidad ubicada a unas 2 horas al sur de la ciudad de Puebla. Ha vivido 12 a\u00f1os en Nueva York, donde s\u00f3lo tiene a un hermano, el resto de su familia vive en M\u00e9xico. Entra a trabajar a las 6 de la ma\u00f1ana y sale a las 3 de la tarde, aunque no usa el transporte p\u00fablico para ir a su trabajo porque vive a 10 calles, esto no resta los efectos de la pandemia: \u201cUno trabaja con miedo, como todo el mundo\u201d.<\/p>\n\n\n\n<p class=\"wp-block-paragraph\">Encargada de una caja registradora, ahora que hay una mayor demanda en el trabajo, ha tenido que apoyar a otras compa\u00f1eras y compa\u00f1eros. \u201cAlgunos clientes nos piden todo lo que quieren por internet y ya nosotros tomamos la orden de la computadora, recogemos los productos y cuando no tenemos algo le llamamos al cliente para ver si quiere sustituirlo por otro\u201d.<\/p>\n\n\n\n<p class=\"wp-block-paragraph\">Al terminar su trabajo, Margarita tiene tiempo para pensar en su familia, con la que tiene contacto frecuentemente. Al ver las noticias, le piden que se regrese a su pueblo, \u201cpero yo les digo que es lo mismo en todos lados, y que no sabemos cu\u00e1ndo va a terminar\u201d.<\/p>\n\n\n\n<p class=\"wp-block-paragraph\">\u201cEs la necesidad \u2013aclara Margarita\u2013, si uno tuviera dinero pues se queda en la casa y ya, pero ahorita ni para regresar al pa\u00eds\u201d.<\/p>\n\n\n\n<p class=\"wp-block-paragraph\">Mientras ella pasa su d\u00eda en contacto directo con los clientes, Jos\u00e9 pasa la mitad de la noche organizando los panes y arregl\u00e1ndolos para que, al abrir el negocio, todo est\u00e9 empacado adecuadamente. Todo el pan que llega debe ir envuelto, \u00e9l y su equipo se encargan de limpiar lo de un d\u00eda antes y acomodar lo nuevo. Envuelven cada pieza de pan en pl\u00e1stico para evitar cualquier contaminaci\u00f3n.<\/p>\n\n\n\n<p class=\"wp-block-paragraph\">\u201cMe gusta mi trabajo, lo enfoco lo mejor que puedo para nuestros clientes y para m\u00ed mismo. Aprend\u00ed aqu\u00ed, cuando llegu\u00e9 a Nueva York, trabaj\u00e9 en una panader\u00eda donde trabaj\u00e1bamos igual de noche, en pan fresco\u201d.<\/p>\n\n\n\n<p class=\"wp-block-paragraph\">La ciudad m\u00e1s grande de Estados Unidos, epicentro actual de la pandemia, ha mostrado la desigualdad que se vive entre las comunidades latinoamericanas migrantes y las afro americanas respecto al acceso a la salud. La situaci\u00f3n que se viv\u00eda antes de covid-19 no era sino el desmantelamiento del sistema de salud p\u00fablico y al menos dos terceras partes de la poblaci\u00f3n total no pod\u00edan atenderse, mismas partes que hoy son las m\u00e1s golpeadas por la enfermedad y la muerte.<\/p>\n\n\n\n<p class=\"wp-block-paragraph\">Jos\u00e9 es precavido, mide sus palabras y se toma el tiempo para hablar, pero se\u00f1ala una de las consecuencias de esta pandemia.<\/p>\n\n\n\n<p class=\"wp-block-paragraph\">\u201cLa mayor\u00eda de las muertes son entre hispanos, porque nosotros nos exponemos al peligro y no pensamos las consecuencias, \u2018Yo puedo\u2019, decimos, por nosotros por sacar a nuestra familia adelante, por pagar nuestros gastos aqu\u00ed. No tenemos otra opci\u00f3n.<\/p>\n\n\n\n<p class=\"wp-block-paragraph\">\u201cLos clientes, a pesar de todo, reconocen el esfuerzo, los patrones tambi\u00e9n pero siempre se le pone el ojo al hispano, porque el hispano esto, el hispano lo otro, nunca dicen el hispano trabaja. Todos somos seres humanos, y aqu\u00ed en la tierra todos somos iguales\u201d<\/p>\n\n\n\n<p class=\"wp-block-paragraph\">Jos\u00e9 suena preocupado cuando habla de su familia y de lo mucho que le ha explicado a sus hijas e hijo adolescentes la importancia del trabajo que hace, pero siente que tal vez no comprenden por qu\u00e9 mientras todos deben de quedarse en casa \u00e9l tiene que salir a trabajar. \u201cTienen miedo porque si salgo de la casa no saben si voy regresar bien\u201d. La familia de Jos\u00e9 vive con temor el d\u00eda a d\u00eda, la posibilidad de que \u00e9l se enferme y entonces todo se complique.<\/p>\n\n\n\n<p class=\"wp-block-paragraph\">Margarita, por su parte, explica que en el trabajo guarda las medidas de seguridad necesarias.<\/p>\n\n\n\n<p class=\"wp-block-paragraph\">\u201cSiempre hay alguien en las cajas que est\u00e1 organizando, recordando que se tiene que tomar la distancia. A veces los clientes dicen que tienen prisa, que se quieren ir r\u00e1pido, no se quieren esperar, estaban acostumbrados al ritmo de antes\u201d.<\/p>\n\n\n\n<figure class=\"wp-block-image\"><img decoding=\"async\" src=\"https:\/\/lh6.googleusercontent.com\/pArWk2WrDA0InrIs4-jpWGCPuRH1UR84D14pK9D61_jDluWdP1jlzo3LfltcUm1UPuhVckEduDr0mH7Ff15WorBEbsLkXDLUSbJY4bf7AEQgzRbpf9zUi7LK6uabhmiaXRLoqDrU\" alt=\"\"\/><figcaption>Margarita.<\/figcaption><\/figure>\n\n\n\n<p class=\"wp-block-paragraph\">Un cuello de botella se forma en las cajas de los supermercados. Entre la gente que va descargando los productos y los que van empacando lo que ya compraron, se tiene que tomar distancia entre cada persona y el proceso se ralentiza. Algunos clientes gritan de enojo o desesperaci\u00f3n, se molestan e insultan al personal que atiende las cajas, aunque la gran mayor\u00eda les trata bien y les agradece. \u201cMuchos clientes nos dan las gracias por estar aqu\u00ed\u201d.<\/p>\n\n\n\n<h3 class=\"wp-block-heading\">Anticiparse a la crisis<\/h3>\n\n\n\n<p class=\"wp-block-paragraph\">\u201cVi lo que usaban los doctores y enfermeras para protegerse y eso es lo que tienen que usar mis trabajadores, lo que sea, tengo de todo, gogles, lentes, cubre cabello, lo que sea necesario voy a asegurarme que todo mi personal lo tenga\u201d.<\/p>\n\n\n\n<p class=\"wp-block-paragraph\">Ian, originario de New Jersey, tiene su vivienda arriba de la sucursal en donde trabaja. \u201cSe ha vuelto una bodega de equipo de protecci\u00f3n, es parte de la prevenci\u00f3n\u201d.<\/p>\n\n\n\n<p class=\"wp-block-paragraph\">Entra y sale de la tienda, verifica que la fila de clientes avance guardando la distancia necesaria, habla con los encargados de los distintos departamentos del supermercado, finalmente toma un respiro, se para de frente a la entrada, saca un cigarro que no enciende mientras platico con \u00e9l y me cuenta c\u00f3mo decidi\u00f3 comprar todas las provisiones necesarias para cuidar la salud del personal.<\/p>\n\n\n\n<p class=\"wp-block-paragraph\">\u201cMuy pronto, cuando el virus estaba en China, me di cuenta de que iba a estar aqu\u00ed. Pero no sab\u00eda que la mayor\u00eda de casos vendr\u00edan de Europa, en cualquier caso, yo s\u00e9 que buena parte de todo el material para empacar o con el que trabajamos aqu\u00ed se fabrica en China y sab\u00eda que necesesitar\u00edamos reservas ya que en alg\u00fan punto dejar\u00edan de producirse all\u00e1\u201d.<\/p>\n\n\n\n<p class=\"wp-block-paragraph\">Como gerente, una responsabilidad es informarse para planificar c\u00f3mo seguir\u00e1 el trabajo y para ello reparti\u00f3 uns folletos basados en la informaci\u00f3n del&nbsp; CDC (Centers for Desease Control and Prevention) explicando c\u00f3mo se transmite y como hay que lavarse las manos, sobre los s\u00edntomas y los mecanismos para notificar la enfermedad. \u201cHice volantes en espa\u00f1ol y en ingl\u00e9s\u201d.<\/p>\n\n\n\n<p class=\"wp-block-paragraph\">En alg\u00fan momento \u2013entre la prevenci\u00f3n y el comienzo de la crisis\u2013 Ian tuvo miedo de desabasto de productos de limpieza y desinfectantes, por eso atendi\u00f3 esta situaci\u00f3n a tiempo, sin embargo, el desabasto de alimentos es fluctuante para ciertos productos. \u201cAl comienzo de esta crisis los alimentos como verduras y frutas fueron los primeros en estar en riesgo, especialmente los congelados\u201d, relata Joscowitz detr\u00e1s de una capucha y unos lentes.<\/p>\n\n\n\n<p class=\"wp-block-paragraph\">\u201cCuando se anunci\u00f3 la pandemia mucha gente busc\u00f3 cosas congeladas, durante varias semanas no pudimos atender esta demanda y ten\u00edamos los refrigeradores vac\u00edos, lo que nunca hab\u00eda pasado en 45 a\u00f1os. As\u00ed que pusimos l\u00edmites, no podemos permitir que una persona se lleve todos los productos y luego haya otras 40 personas sin nada, as\u00ed que pusismos l\u00edmites para ayudar a la mayor cantidad de gente posible\u201d. En el supermercado hay algunos productos que tienen un letrero indicando el l\u00edmite por persona o por familia.<\/p>\n\n\n\n<p class=\"wp-block-paragraph\">En el sitio web del supermercado, adem\u00e1s de los tel\u00e9fonos para hacer pedidos a domicilio o encargar pedidos y luego pasar por ellos, hay una foto de todos los gerentes generales de cada sucursal, ah\u00ed est\u00e1 Ian sonriente, distinto al se\u00f1or fatigado que sostiene un cigarro sin fumarlo y lleva toda la cabeza cubierta.<\/p>\n\n\n\n<p class=\"wp-block-paragraph\">\u201cA veces ha habido m\u00e1s tensi\u00f3n con ciertos productos, otras veces baja, vuelve a subir, pero todo mundo tiene que comer y eso lo tenemos que asegurar. Para la gente mayor no s\u00f3lo hacemos \u00f3rdenes por internet sino tambi\u00e9n por tel\u00e9fono\u201d.<\/p>\n\n\n\n<p class=\"wp-block-paragraph\">De pie en el pasillo donde est\u00e1 la comida preparada, Margarita confirma la precausi\u00f3n que tuvo su jefe desde finales de enero: \u201cNos dan todo el equipo, nos dicen que nos desinfectemos las manos, que usemos guantes, las mascarillas, no lo pagamos, nos lo dan\u201d.<\/p>\n\n\n\n<p class=\"wp-block-paragraph\">Para Jos\u00e9 \u2013quien da la impresi\u00f3n de ser una persona mayor a su edad\u2013 las cosas no son tan f\u00e1ciles y a pesar de ello asume su condici\u00f3n de trabajador esencial con mucho optimismo. \u201cHa aumentado el tiempo y la carga de trabajo, primero por la seguridad que es algo personal y, en segundo lugar, ha aumentado en producci\u00f3n porque nosotros brindamos todos los productos para el hogar\u201d.<\/p>\n\n\n\n<h3 class=\"wp-block-heading\">Trabajadores esenciales<\/h3>\n\n\n\n<p class=\"wp-block-paragraph\">Varias medidas se han tomado para garantizar que las personas consideradas, por su trabajo, como esenciales: poner a disposici\u00f3n cuartos de hotel o dormitorios universitarios para quienes tengan que trabajar en hospitales y no quieran poner en riesgo a su familia, viajes gratuitos en la red de autobuses y Metro de la ciudad, descuentos en las comidas y en algunas tiendas de alimentos, desinfecci\u00f3n de los vagones del metro cada noche.<\/p>\n\n\n\n<p class=\"wp-block-paragraph\">Hay varias campa\u00f1as de agradecimiento p\u00fablico para quienes garantizan los servicios b\u00e1sicos, pero al final del d\u00eda, lo m\u00e1s esencial es la garant\u00eda de que en caso de enfermar y no tener otro recurso, contar\u00e1n con la ayuda del Estado y podr\u00e1n resolver el pago de la renta y de las cuentas en general.<\/p>\n\n\n\n<figure class=\"wp-block-image\"><img decoding=\"async\" src=\"https:\/\/lh4.googleusercontent.com\/QXfPIVEplndyAhNnm07GQyKXVQpGX79Dty5lEQKeRFF5cwrMHBSH0VlKXAUjHsmGdt-dhTQSfONSrLd4o5l0UOsLOXc5S_5xspYBymx2Me6eFt96cUWfzE07FnfV4uPF8J2IQPCX\" alt=\"\"\/><\/figure>\n\n\n\n<p class=\"wp-block-paragraph\">No quedan claros los apoyos y qui\u00e9n tiene la posibilidad de acceder a ellos. Menos queda satisfecha la necesidad de volver esta pandemia el punto de partida para que las y los trabajadores m\u00e1s pauperizados puedan mejorar su condici\u00f3n y ahora y despu\u00e9s de la crisis.&nbsp;<\/p>\n\n\n\n<p class=\"wp-block-paragraph\">Para Joscowitz est\u00e1 muy claro: \u201cLa gente tiene que reconcer lo que hacemos\u201d.<\/p>\n\n\n\n<p class=\"wp-block-paragraph\">La respuesta que dio el gobierno estatal lleg\u00f3 un poco tarde, a consideraci\u00f3n del gerente, casi tan tarde como la de Donald Trump, quien ten\u00eda \u2013en enero\u2013 una cierre de fronteras con China pero mantuvo el flujo de aviones hasta mediados de marzo. Ahora se sabe, por el n\u00famero de historias dolorosas y de algunas investigaciones, que el coronavirus que se propag\u00f3 en la costa este,m vino de Europa y no de Asia.<\/p>\n\n\n\n<p class=\"wp-block-paragraph\">\u201cAqu\u00ed no se hizo lo de Corea del Sur, all\u00e1 se hicieron pruebas masivas y se investig\u00f3 la ruta de contagio y se detuvo la propagaci\u00f3n. Aqu\u00ed no, aqu\u00ed tuvimos decenas de miles de muertes, pero pienso que a pesar del retraso del gobernador [Andrew Cuomo], sus medidas son buenas y \u00e9l y el alcalde Bill de Blasio hacen bien su trabajo\u201d.<\/p>\n\n\n\n<p class=\"wp-block-paragraph\">Como muchos otros gobernantes nivel mundial, a ra\u00edz de la pandemia, Andrew Cuomo, gobernador del estado de Nueva York desde 2011, da conferencias de prensa diarias. Las suyas son un referente en todo Estados Unidos, en una de ellas, recientemente, expres\u00f3 que ten\u00eda dos pesadillas fundamentales: la primera, que \u00e9l endureciera las indicaciones de confinamiento y que toda la gente decidiera no obedecer y la segunda, que un d\u00eda las y los trabajadores esenciales decidieran no presentarse a trabajar, tal y como hace el resto de la poblaci\u00f3n, por miedo a ponerse en riesgo.<\/p>\n\n\n\n<p class=\"wp-block-paragraph\">\u00bfCu\u00e1l de las dos pesadillas se presentar\u00e1 primero en tanto no se atiendan, cr\u00edticamente, las desigualdades que agudizan los efectos de la pandemia entre la poblaci\u00f3n m\u00e1s vulnerable?<\/p>\n\n\n\n<p class=\"wp-block-paragraph\">Margarita seguir\u00e1 trabajando en la caja, Ian tal vez no se fume el cigarro que sostiene pero seguir\u00e1 protegiendo a sus trabajadores, V\u00edctor, Rafael, Rita, Christian, los dem\u00e1s trabajadores del supermercado har\u00e1n su esfuerzo dario, y Jos\u00e9 se trasladar\u00e1 de noche para que el pan, adem\u00e1s de fresco, llegue sin covid-19 a nuestras bocas.<\/p>\n","protected":false},"excerpt":{"rendered":"<p> Ubicado en el sur del Bronx, de este lugar salen m\u00e1s de 2 mil millones de kilos de comida al a\u00f1o. \u00bfQui\u00e9nes se encargan de dar de comer a los habitantes del actual epicentro de la pandemia? <\/p>\n","protected":false},"author":3,"featured_media":20524,"comment_status":"open","ping_status":"open","sticky":false,"template":"","format":"standard","meta":{"_monsterinsights_skip_tracking":false,"footnotes":""},"categories":[691,135],"tags":[],"class_list":["post-20523","post","type-post","status-publish","format-standard","has-post-thumbnail","category-691","category-emergencia-sanitaria-covid-19"],"_links":{"self":[{"href":"https:\/\/redsemlac.com\/semmexico\/wp-json\/wp\/v2\/posts\/20523","targetHints":{"allow":["GET"]}}],"collection":[{"href":"https:\/\/redsemlac.com\/semmexico\/wp-json\/wp\/v2\/posts"}],"about":[{"href":"https:\/\/redsemlac.com\/semmexico\/wp-json\/wp\/v2\/types\/post"}],"author":[{"embeddable":true,"href":"https:\/\/redsemlac.com\/semmexico\/wp-json\/wp\/v2\/users\/3"}],"replies":[{"embeddable":true,"href":"https:\/\/redsemlac.com\/semmexico\/wp-json\/wp\/v2\/comments?post=20523"}],"version-history":[{"count":0,"href":"https:\/\/redsemlac.com\/semmexico\/wp-json\/wp\/v2\/posts\/20523\/revisions"}],"wp:featuredmedia":[{"embeddable":true,"href":"https:\/\/redsemlac.com\/semmexico\/wp-json\/wp\/v2\/media\/20524"}],"wp:attachment":[{"href":"https:\/\/redsemlac.com\/semmexico\/wp-json\/wp\/v2\/media?parent=20523"}],"wp:term":[{"taxonomy":"category","embeddable":true,"href":"https:\/\/redsemlac.com\/semmexico\/wp-json\/wp\/v2\/categories?post=20523"},{"taxonomy":"post_tag","embeddable":true,"href":"https:\/\/redsemlac.com\/semmexico\/wp-json\/wp\/v2\/tags?post=20523"}],"curies":[{"name":"wp","href":"https:\/\/api.w.org\/{rel}","templated":true}]}}