{"id":20517,"date":"2020-05-11T20:46:09","date_gmt":"2020-05-11T20:46:09","guid":{"rendered":"https:\/\/redsemlac.com\/semmexico\/?p=20517"},"modified":"2023-07-21T16:19:20","modified_gmt":"2023-07-21T21:19:20","slug":"historias-cotidianas","status":"publish","type":"post","link":"https:\/\/redsemlac.com\/semmexico\/historias-cotidianas\/","title":{"rendered":"Historias cotidianas"},"content":{"rendered":"\n<p class=\"wp-block-paragraph\"><strong>Por Mar\u00eda Gabriela\nL\u00f3pez Su\u00e1rez<\/strong><\/p>\n\n\n\n<p class=\"wp-block-paragraph\">SemM\u00e9xico\/Chiapas Paralelo. 11 de mayo 2020.- Leonor revis\u00f3\nla alacena, el refrigerador y comenz\u00f3 a tomar nota de lo que faltaba en la\ndespensa. Tambi\u00e9n se hab\u00edan terminado algunas cosas para hacer limpieza.\nEscribi\u00f3 en un post un mensaje para Patricio, Hijo, regreso al rato, voy&nbsp; a comprar la despensa. Adentro del\nrefrigerador hay licuado. Besos. Dej\u00f3 el letrero sobre el comedor.<\/p>\n\n\n\n<p class=\"wp-block-paragraph\">Con la cuarentena a Patricio y a ella les hab\u00eda cambiado el\nreloj biol\u00f3gico, m\u00e1s a \u00e9l, aprovechando que no iba a la primaria se dorm\u00eda\nprofundamente hasta despu\u00e9s de las 9&nbsp; de\nla ma\u00f1ana. Leonor, trabajaba en l\u00ednea, desde casa, en diferentes horarios del\nd\u00eda.<\/p>\n\n\n\n<p class=\"wp-block-paragraph\">Hizo su ritual para salir, se coloc\u00f3 playera, pants, tenis,\ngorra, lentes para sol, cubrebocas. Dej\u00f3 el gel antibacterial cerca de la\nentrada y sali\u00f3 al mercado. En las \u00faltimas semanas sus compras las hac\u00eda ah\u00ed,\nera importante apoyar la econom\u00eda local.<\/p>\n\n\n\n<p class=\"wp-block-paragraph\">Observ\u00f3 las calles, hab\u00eda pocos autos. Las personas que\ntransitaban no todas iban con cubrebocas, ni todas manten\u00edan la sana\ndistancia.&nbsp; Iba algo apresurada. En su\npaso vio a una vecina del barrio, de avanzada edad caminando con dificultad,\ntratando de sostenerse de su bast\u00f3n y la pared. Pas\u00f3 a su lado pensando qu\u00e9\ncomplicado ser\u00eda para la se\u00f1ora enferma andar saliendo por el mandado, adem\u00e1s\nse dio cuenta que no llevaba cubrebocas. La vecina hizo una pausa y Leonor\ntambi\u00e9n. Decidi\u00f3 regresar y preguntarle si le pod\u00eda apoyar en algo. Por su\nmente pas\u00f3 lo de sana distancia, sin embargo, era importante&nbsp; ayudar a la se\u00f1ora.<\/p>\n\n\n\n<p class=\"wp-block-paragraph\">La vecina no reconoci\u00f3 a Leonor,&nbsp; y menos como iba vestida, pero sinti\u00f3\nconfianza, le tom\u00f3 la mano&nbsp; y se fue\napoyando en ella para caminar. Al principio, a Leonor, le cost\u00f3 seguir el paso\nde la se\u00f1ora, mientras cruzaban la calle y avanzaban se fue acoplando a \u00e9l. La\nllevaba a una caseta telef\u00f3nica. Fueron conversando. El rostro apacible y la\nvoz tranquila de la vecina le hizo parecer a Leonor como si hubieran platicado\ndesde siempre. En realidad, era la primera vez que lo hac\u00edan, hab\u00eda visto a la\nse\u00f1ora muchas veces en las actividades de la iglesia a la que ambas asist\u00edan,\nsolo hab\u00edan intercambiado miradas y saludos. Ten\u00eda rato de no verla, ahora la\nsalud de su vecina estaba muy deteriorada.<\/p>\n\n\n\n<p class=\"wp-block-paragraph\">Llegaron a la caseta, Leonor la ayud\u00f3 a subir un escal\u00f3n y a\nsentarse mientras la se\u00f1ora daba el n\u00famero telef\u00f3nico a la empleada. Se\ndespidi\u00f3 de ella y sigui\u00f3 su recorrido. Su mente y su coraz\u00f3n iban con un mar\nde sentimientos. Se le hicieron varios nudos en la garganta, pens\u00f3 en tantas\npersonas mayores que estaban solas. El rostro de agradecimiento de la vecina se\nle vino a la mente. Sigui\u00f3 su paso.<\/p>\n\n\n\n<p class=\"wp-block-paragraph\">Cerca del mercado la sana distancia se hab\u00eda olvidado, mucha\ngente sin cubrebocas. Un auto se detuvo a mitad de calle ante un vendedor\nambulante, a preguntar por unos tines. \u2013 Vaya ocurrencia- pens\u00f3 Leonor. M\u00e1s\nadelante en otro puesto se dejaba escuchar la canci\u00f3n Help, ay\u00fadame, de Tony\nRonald, pero en versi\u00f3n de m\u00fasica de banda. El calor estaba en su apogeo.<\/p>\n\n\n\n<p class=\"wp-block-paragraph\">A la entrada del mercado hab\u00eda un se\u00f1or colocando gel\nantibacterial a quienes ingresaban. Leonor sac\u00f3 su lista, hizo su ruta, compr\u00f3\nsu despensa. Era una odisea salir de ah\u00ed, mucho comercio ambulante, parec\u00eda que\nla gente hab\u00eda olvidado la cuarentena. \u00bfAcaso era la quincena que hab\u00eda\nocasionado tal aglomeraci\u00f3n? La econom\u00eda local estaba bastante precaria ante la\ncontingencia sanitaria, la gente necesitaba vender, \u00e9se podr\u00eda ser otro motivo.\nBusc\u00f3 la acera menos congestionada, guard\u00f3 distancia del se\u00f1or que iba delante\nde ella, alcanz\u00f3 a escuchar que hablaba por tel\u00e9fono y con tono alto dec\u00eda:\n\u00a1Aqu\u00ed en el centro hay mucha gente! \u00a1Vinieras!<\/p>\n\n\n\n<p class=\"wp-block-paragraph\">Al pasar por un puesto de tacos vio a una mesera y un mesero\nen la entrada, la chica con el cubrebocas en la garganta, como tomando un\nreceso de \u00e9l y el chico port\u00e1ndolo bien.&nbsp;\nA donde quiera que volteara encontraba diferentes situaciones. Iba\npensando, cu\u00e1ntas realidades en las historias cotidianas, \u00e9sas de a pie, y\nahora en tiempos de cuidado de la salud afloraban m\u00e1s. Patricio vino a su\nmente, ojal\u00e1 ya se hubiera levantado, eran casi las 12 del d\u00eda.<\/p>\n","protected":false},"excerpt":{"rendered":"<p>A donde quiera que volteara encontraba diferentes situaciones. Iba pensando, cu\u00e1ntas realidades en las historias cotidianas, \u00e9sas de a pie, y ahora en tiempos de cuidado de la salud afloraban m\u00e1s.<\/p>\n","protected":false},"author":3,"featured_media":20518,"comment_status":"open","ping_status":"open","sticky":false,"template":"","format":"standard","meta":{"_monsterinsights_skip_tracking":false,"footnotes":""},"categories":[691,82,110],"tags":[],"class_list":["post-20517","post","type-post","status-publish","format-standard","has-post-thumbnail","category-691","category-la-opinion","category-la-opinion-columnas"],"_links":{"self":[{"href":"https:\/\/redsemlac.com\/semmexico\/wp-json\/wp\/v2\/posts\/20517","targetHints":{"allow":["GET"]}}],"collection":[{"href":"https:\/\/redsemlac.com\/semmexico\/wp-json\/wp\/v2\/posts"}],"about":[{"href":"https:\/\/redsemlac.com\/semmexico\/wp-json\/wp\/v2\/types\/post"}],"author":[{"embeddable":true,"href":"https:\/\/redsemlac.com\/semmexico\/wp-json\/wp\/v2\/users\/3"}],"replies":[{"embeddable":true,"href":"https:\/\/redsemlac.com\/semmexico\/wp-json\/wp\/v2\/comments?post=20517"}],"version-history":[{"count":0,"href":"https:\/\/redsemlac.com\/semmexico\/wp-json\/wp\/v2\/posts\/20517\/revisions"}],"wp:featuredmedia":[{"embeddable":true,"href":"https:\/\/redsemlac.com\/semmexico\/wp-json\/wp\/v2\/media\/20518"}],"wp:attachment":[{"href":"https:\/\/redsemlac.com\/semmexico\/wp-json\/wp\/v2\/media?parent=20517"}],"wp:term":[{"taxonomy":"category","embeddable":true,"href":"https:\/\/redsemlac.com\/semmexico\/wp-json\/wp\/v2\/categories?post=20517"},{"taxonomy":"post_tag","embeddable":true,"href":"https:\/\/redsemlac.com\/semmexico\/wp-json\/wp\/v2\/tags?post=20517"}],"curies":[{"name":"wp","href":"https:\/\/api.w.org\/{rel}","templated":true}]}}