{"id":20509,"date":"2020-05-11T18:34:05","date_gmt":"2020-05-11T18:34:05","guid":{"rendered":"https:\/\/redsemlac.com\/semmexico\/?p=20509"},"modified":"2023-07-21T16:19:20","modified_gmt":"2023-07-21T21:19:20","slug":"analizan-legisladoras-aumento-de-la-violencia-de-genero-por-confinamiento","status":"publish","type":"post","link":"https:\/\/redsemlac.com\/semmexico\/analizan-legisladoras-aumento-de-la-violencia-de-genero-por-confinamiento\/","title":{"rendered":"Analizan legisladoras aumento de la violencia de g\u00e9nero por confinamiento"},"content":{"rendered":"\n<ul class=\"wp-block-list\"><li><strong>De manera virtual se re\u00fanen integrantes de la Red ParlAm\u00e9ricas<\/strong><\/li><\/ul>\n\n\n\n<ul class=\"wp-block-list\"><li><strong> Revisan posibles acciones legislativas en diversos pa\u00edses<\/strong><\/li><\/ul>\n\n\n\n<p class=\"wp-block-paragraph\"><strong>Elda Montiel <\/strong><\/p>\n\n\n\n<p class=\"wp-block-paragraph\">SemM\u00e9xico, Cd. de\nM\u00e9xico, 11 de mayo, 2020.- Para enfrentar el incremento de la violencia en\ncontra de las mujeres durante el confinamiento sanitario y distanciamiento\nsocial por la pandemia del COVID 19, se reunieron de manera virtual integrantes\nde la Red de Parlamentarias y Parlamentarios de Am\u00e9rica Latina (ParlAm\u00e9ricas). <\/p>\n\n\n\n<p class=\"wp-block-paragraph\">La senadora Ver\u00f3nica\nCamino Farjat, en representaci\u00f3n de la senadora M\u00f3nica Fern\u00e1ndez Balboa,\npresidenta de la Mesa Directiva de la C\u00e1mara de Senadores, y en su calidad de\nvicepresidenta de la Red de G\u00e9nero de ParlAm\u00e9ricas particip\u00f3 en el intercambio\nde experiencias respecto a las \u201cAcciones legislativas para prevenir la\nViolencia contra las mujeres en el marco de la pandemia COVID 19\u201d.&nbsp; <\/p>\n\n\n\n<p class=\"wp-block-paragraph\">Entre los temas que se\nanalizaron se abord\u00f3 la importancia de la informaci\u00f3n sobre violencia de g\u00e9nero\nque se vive en M\u00e9xico en la \u201cJornada de Sana Distancia\u201d, as\u00ed como la violencia\nintrafamiliar por las medidas de confinamiento. <\/p>\n\n\n\n<p class=\"wp-block-paragraph\">Adem\u00e1s de las posibles salidas\nde acciones legislativas en Ecuador, y el lanzamiento de los proyectos\n\u201cMascarillas-19\u201d y \u201cWhatsApp Mujer\u201d en Chile. <\/p>\n\n\n\n<p class=\"wp-block-paragraph\">Participo tambi\u00e9n la\nasamble\u00edsta Karina Arteaga Mu\u00f1oz, Vicepresidenta por Sudam\u00e9rica de la Red\nParlamentaria para la Igualdad de G\u00e9nero del ParlAm\u00e9ricas y la diputada chilena\nMarcela Sabat Fern\u00e1ndez, Vicepresidenta Alterna de la Red de Parlamentaria para\nla Igualdad de G\u00e9nero-Am\u00e9rica del Sur. <\/p>\n\n\n\n<p class=\"wp-block-paragraph\"><br>\nPor Ecuador estuvo la asamble\u00edsta&nbsp;Elizabeth&nbsp;Cabezas,\npresidenta de ParlAm\u00e9ricas, la diputada Maya Fern\u00e1ndez Allende de Chile,\npresidenta de la Red Parlamentaria para la Igualdad de G\u00e9nero, y Yeliz Osman,\nespecialista en Pol\u00edticas de Eliminaci\u00f3n de la Violencia contra las Mujeres de\nONU Mujeres, Oficina Regional para Am\u00e9rica Latina y el Caribe. <\/p>\n\n\n\n<p class=\"wp-block-paragraph\">SEM\/em\/sj<\/p>\n","protected":false},"excerpt":{"rendered":"<p>Revisan posibles acciones legislativas en diversos pa\u00edses<\/p>\n","protected":false},"author":3,"featured_media":20510,"comment_status":"open","ping_status":"open","sticky":false,"template":"","format":"standard","meta":{"_monsterinsights_skip_tracking":false,"footnotes":""},"categories":[691,50],"tags":[],"class_list":["post-20509","post","type-post","status-publish","format-standard","has-post-thumbnail","category-691","category-congreso"],"_links":{"self":[{"href":"https:\/\/redsemlac.com\/semmexico\/wp-json\/wp\/v2\/posts\/20509","targetHints":{"allow":["GET"]}}],"collection":[{"href":"https:\/\/redsemlac.com\/semmexico\/wp-json\/wp\/v2\/posts"}],"about":[{"href":"https:\/\/redsemlac.com\/semmexico\/wp-json\/wp\/v2\/types\/post"}],"author":[{"embeddable":true,"href":"https:\/\/redsemlac.com\/semmexico\/wp-json\/wp\/v2\/users\/3"}],"replies":[{"embeddable":true,"href":"https:\/\/redsemlac.com\/semmexico\/wp-json\/wp\/v2\/comments?post=20509"}],"version-history":[{"count":0,"href":"https:\/\/redsemlac.com\/semmexico\/wp-json\/wp\/v2\/posts\/20509\/revisions"}],"wp:featuredmedia":[{"embeddable":true,"href":"https:\/\/redsemlac.com\/semmexico\/wp-json\/wp\/v2\/media\/20510"}],"wp:attachment":[{"href":"https:\/\/redsemlac.com\/semmexico\/wp-json\/wp\/v2\/media?parent=20509"}],"wp:term":[{"taxonomy":"category","embeddable":true,"href":"https:\/\/redsemlac.com\/semmexico\/wp-json\/wp\/v2\/categories?post=20509"},{"taxonomy":"post_tag","embeddable":true,"href":"https:\/\/redsemlac.com\/semmexico\/wp-json\/wp\/v2\/tags?post=20509"}],"curies":[{"name":"wp","href":"https:\/\/api.w.org\/{rel}","templated":true}]}}