{"id":20506,"date":"2020-05-11T18:27:10","date_gmt":"2020-05-11T18:27:10","guid":{"rendered":"https:\/\/redsemlac.com\/semmexico\/?p=20506"},"modified":"2023-07-21T16:19:20","modified_gmt":"2023-07-21T21:19:20","slug":"trabajadoras-entre-las-mas-afectados-por-impacto-economico-de-pandemia","status":"publish","type":"post","link":"https:\/\/redsemlac.com\/semmexico\/trabajadoras-entre-las-mas-afectados-por-impacto-economico-de-pandemia\/","title":{"rendered":"Trabajadoras entre las m\u00e1s afectadas por impacto econ\u00f3mico de pandemia"},"content":{"rendered":"\n<ul class=\"wp-block-list\"><li><strong>Un elevado porcentaje labora en el sector tur\u00edstico, econom\u00eda informal o trabajo dom\u00e9stico<\/strong><\/li><\/ul>\n\n\n\n<ul class=\"wp-block-list\"><li><strong> Necesario apoyar el autoempleo y peque\u00f1as y medianas empresas<\/strong><\/li><\/ul>\n\n\n\n<p class=\"wp-block-paragraph\"><strong>Redacci\u00f3n<br> <\/strong>SemM\u00e9xico, Cd. de M\u00e9xico, 11 de mayo, 2020.- Las trabajadoras mexicanas ser\u00e1n afectadas por el impacto econ\u00f3mico negativo provocado por la pandemia de la COVID 19, ya que un elevado porcentaje de ellas labora en los servicios relacionados con el turismo, la econom\u00eda informal u obtienen sus ingresos en el trabajo dom\u00e9stico.&nbsp;<br> <br> Se\u00f1alaron senadoras de la Comisi\u00f3n para la Igualdad de G\u00e9nero durante el conversatorio virtual donde se analizaron las \u201cAcciones realizadas para las trabajadoras en las empresas en los tiempos del Covid-19\u201d.<\/p>\n\n\n\n<p class=\"wp-block-paragraph\">La presidenta de esa comisi\u00f3n, la senadora Martha Luc\u00eda Micher Camarena, advirti\u00f3 que, adem\u00e1s, el confinamiento social no s\u00f3lo propiciar\u00e1 la p\u00e9rdida de empleos, sino que el trabajo en casa o&nbsp;<em>home office&nbsp;<\/em>representa para las mujeres el doble reto de organizar el espacio privado de los hogares en espacio laboral, y continuar con el cuidado de la familia.<\/p>\n\n\n\n<p class=\"wp-block-paragraph\">La emergencia ocasionada por el nuevo coronavirus, \u201cno s\u00f3lo impactar\u00e1 en el tema de la salud, tambi\u00e9n afectar\u00e1 la vida de las mujeres, su econom\u00eda, relaciones personales y familiares\u201d, asent\u00f3 la senadora.<br> <br> Corin Robertson, embajadora del Reino Unido en M\u00e9xico, se\u00f1al\u00f3 que dos tercios del personal sanitario global son mujeres, por lo que ellas tambi\u00e9n est\u00e1n en la primera l\u00ednea de la respuesta a la pandemia.<\/p>\n\n\n\n<p class=\"wp-block-paragraph\">Ivana Fern\u00e1ndez, de la Secretar\u00eda de Econom\u00eda, refiri\u00f3 que en M\u00e9xico hay 22 millones de trabajadoras, 14.4 millones son asalariadas, 5.1 millones trabajan por cuenta propia, 500 mil son empleadoras, otras 500 mil laboran a destajo, por porcentajes, honorarios, propinas o pagos que no se puede contabilizar y 1.5 millones lo hacen sin remuneraci\u00f3n.<br> <br> As\u00ed, advirti\u00f3 la funcionaria, \u201cdos millones de ellas no reciben ning\u00fan salario y viven en la incertidumbre constante que se agravar\u00e1\u201d con la contingencia.&nbsp;&nbsp;<br> <br> Ante este panorama, dijo que es necesario priorizar la salud y el bienestar de personas en situaciones de pobreza y mayor exclusi\u00f3n, proteger el trabajo asalariado, procurando evitar la reducci\u00f3n del salario, los despidos, la vulneraci\u00f3n de los derechos laborales ante la pandemia.<br> <br> \u201cNecesitamos apoyar de manera enf\u00e1tica el autoempleo, apoyar a las peque\u00f1as y medianas empresas a que puedan formar parte de las cadenas de suministro estrat\u00e9gicas, de actividades econ\u00f3micas clave que nos permita aminorar las desigualdades regionales que a\u00fan existen\u201d, acot\u00f3.<br> <br> M\u00f3nica Flores, presidenta de&nbsp;<em>Manpower&nbsp;<\/em>para Latinoam\u00e9rica, enfatiz\u00f3 que las mujeres son de los grupos m\u00e1s impactados por la COVID-19, porque representan el 70 por ciento de personal dedicado a salud y servicios.<\/p>\n\n\n\n<p class=\"wp-block-paragraph\">\u201cEstamos sobre representadas en los puestos de riesgo en salud en el \u00e1rea de enfermer\u00eda, limpieza de hospitales y en aquellos puestos que est\u00e1n m\u00e1s impactados por esta pandemia, es decir, en servicios tur\u00edsticos y comerciales\u201d.<\/p>\n\n\n\n<p class=\"wp-block-paragraph\">\u201cPero tambi\u00e9n estamos sub representadas en los sectores que crecer\u00e1n m\u00e1s o que est\u00e1n siendo menos impactados hoy, como el sector de las tecnolog\u00edas de la informaci\u00f3n, telefon\u00eda, cadenas log\u00edsticas y reparto de art\u00edculos\u201d, puntualiz\u00f3. <\/p>\n\n\n\n<p class=\"wp-block-paragraph\">SEM\/sj<\/p>\n","protected":false},"excerpt":{"rendered":"<p>Necesario apoyar el autoempleo y peque\u00f1as y medianas empresas<\/p>\n","protected":false},"author":3,"featured_media":20507,"comment_status":"open","ping_status":"open","sticky":false,"template":"","format":"standard","meta":{"_monsterinsights_skip_tracking":false,"footnotes":""},"categories":[691,50],"tags":[],"class_list":["post-20506","post","type-post","status-publish","format-standard","has-post-thumbnail","category-691","category-congreso"],"_links":{"self":[{"href":"https:\/\/redsemlac.com\/semmexico\/wp-json\/wp\/v2\/posts\/20506","targetHints":{"allow":["GET"]}}],"collection":[{"href":"https:\/\/redsemlac.com\/semmexico\/wp-json\/wp\/v2\/posts"}],"about":[{"href":"https:\/\/redsemlac.com\/semmexico\/wp-json\/wp\/v2\/types\/post"}],"author":[{"embeddable":true,"href":"https:\/\/redsemlac.com\/semmexico\/wp-json\/wp\/v2\/users\/3"}],"replies":[{"embeddable":true,"href":"https:\/\/redsemlac.com\/semmexico\/wp-json\/wp\/v2\/comments?post=20506"}],"version-history":[{"count":0,"href":"https:\/\/redsemlac.com\/semmexico\/wp-json\/wp\/v2\/posts\/20506\/revisions"}],"wp:featuredmedia":[{"embeddable":true,"href":"https:\/\/redsemlac.com\/semmexico\/wp-json\/wp\/v2\/media\/20507"}],"wp:attachment":[{"href":"https:\/\/redsemlac.com\/semmexico\/wp-json\/wp\/v2\/media?parent=20506"}],"wp:term":[{"taxonomy":"category","embeddable":true,"href":"https:\/\/redsemlac.com\/semmexico\/wp-json\/wp\/v2\/categories?post=20506"},{"taxonomy":"post_tag","embeddable":true,"href":"https:\/\/redsemlac.com\/semmexico\/wp-json\/wp\/v2\/tags?post=20506"}],"curies":[{"name":"wp","href":"https:\/\/api.w.org\/{rel}","templated":true}]}}