{"id":20504,"date":"2020-05-11T16:47:43","date_gmt":"2020-05-11T16:47:43","guid":{"rendered":"https:\/\/redsemlac.com\/semmexico\/?p=20504"},"modified":"2023-07-21T16:19:20","modified_gmt":"2023-07-21T21:19:20","slug":"miradas-de-reportero-33","status":"publish","type":"post","link":"https:\/\/redsemlac.com\/semmexico\/miradas-de-reportero-33\/","title":{"rendered":"Miradas de reportero"},"content":{"rendered":"\n<h2 class=\"wp-block-heading\">En defensa de Sarah\u00ed y del periodismo profesional<\/h2>\n\n\n\n<p class=\"wp-block-paragraph\"><strong>Rogelio Hern\u00e1ndez L\u00f3pez<\/strong><\/p>\n\n\n\n<p class=\"wp-block-paragraph\">SemM\u00e9xico, 11 de mayo, 2020.- Sarah\u00ed Uribe, la joven\nreportera de El Sol de M\u00e9xico, no merece el escarnio que hicieron de ella los\n\u201ccomentaristas\u201d irreflexivos que abundan en las redes sociales porque no supo\ncomplementar una pregunta directa al subsecretario L\u00f3pez-Gatell.<\/p>\n\n\n\n<p class=\"wp-block-paragraph\">Menos aceptable es que se hayan sumado a esa\ncanallada periodistas veteranos, mujeres y hombres, que conocen bien y seguramente\nsufren algunas de las muchas vulnerabilidades como trabajadores de la\ninformaci\u00f3n, que saben de la acumulaci\u00f3n de obst\u00e1culos para realizar periodismo\nprofesional y que son v\u00edctimas de la (todav\u00eda) enorme desconfianza social a\nesta labor.<\/p>\n\n\n\n<p class=\"wp-block-paragraph\">No solo Sarah\u00ed la joven reportera necesita\ncomprensi\u00f3n de sus pares. Requerimos lograr que la sociedad entienda que, la\nnuestra, es una actividad esencial en cualquier momento y no solo en emergencia\nsocial. Alg\u00fan d\u00eda la mayor\u00eda de periodistas profesionales seremos solidarios\nentre nosotros y lograremos el m\u00ednimo esp\u00edritu de cuerpo para defendernos mejor\nunos a otros y a nuestra profesi\u00f3n.<\/p>\n\n\n\n<p class=\"wp-block-paragraph\"><strong>El hecho<\/strong><\/p>\n\n\n\n<p class=\"wp-block-paragraph\">No toda la gente supo de las burlas a Sarah\u00ed. El\nmi\u00e9rcoles 6 de mayo, ella hizo la primera pregunta de la conferencia nocturna\nal subsecretario de Salud Hugo L\u00f3pez-Gatell:<\/p>\n\n\n\n<p class=\"wp-block-paragraph\">&#8212; \u201cEsta tarde el exsecretario de salud, Jos\u00e9 Narro,\nconsider\u00f3 que ha mentido respecto a las cifras. \u00bfLe ha mentido a M\u00e9xico?\u201d<\/p>\n\n\n\n<p class=\"wp-block-paragraph\">\u201cA ver, cu\u00e9ntame m\u00e1s, cu\u00e9ntame m\u00e1s, qu\u00e9 m\u00e1s dice el\nexsecretario doctor Narro\u201d, fue la primera reacci\u00f3n.<\/p>\n\n\n\n<p class=\"wp-block-paragraph\">La joven reportera, miraba en su celular y\nbalbuceaba sin hallar datos concretos. El subsecretario asegur\u00f3 respetar al\n\u201cexsecretario de salud y exrector de la Universidad Nacional\u2026exmilitante del\nPRI\u201d. Y al final de la conferencia pidi\u00f3 a la periodista que al d\u00eda siguiente\npreguntar\u00e1 ya con sus datos bien preparados.<\/p>\n\n\n\n<p class=\"wp-block-paragraph\">Desde esa tarde y al otro d\u00eda m\u00e1s profusamente\nmenudearon en Twitter y Facebook los comentarios burlescos, los adjetivos\nsoeces en textos y m\u00e1s escarnio en memes. Los menores se\u00f1alamientos fueron que\nla joven reportera carece de preparaci\u00f3n y los m\u00e1s apuntaron a que obedec\u00eda\ninstrucciones de sus jefes del diario. Algunos aseguraron que la intenci\u00f3n era parte\nde la confabulaci\u00f3n para seguir denostando al gobierno de L\u00f3pez Obrador.<\/p>\n\n\n\n<p class=\"wp-block-paragraph\">Esta mofa fue un elemento m\u00e1s de la infodemia venenosa\ne incontrolable en las redes sociales y la v\u00edctima fue Sarah\u00ed Uribe que hasta\ntuvo que cerrar su cuenta de tuits y que sus jefes ya no le permitieran que\nacudiera al d\u00eda siguiente para repreguntar a L\u00f3pez-Gatell.<\/p>\n\n\n\n<p class=\"wp-block-paragraph\">Sobran razones para defender el periodismo de los\nprofesionales y de los que comienzan a serlo como la joven reportera. El\nargumento principal hoy es que el periodismo profesional es el mejor remedio\npara la toxicidad de las redes sociales. Quienes se dicen periodistas y abonan\nall\u00ed los climas de odio traicionan la esencia de su profesi\u00f3n. <\/p>\n\n\n\n<p class=\"wp-block-paragraph\"><strong>El periodismo gana terrenos a las redes<\/strong><\/p>\n\n\n\n<p class=\"wp-block-paragraph\">Ya tiene a\u00f1os un debate sobre la aceptaci\u00f3n del\nperiodismo profesional frente a las informaciones dolosas en internet.\nPaulatinamente va recuperando confianza el periodismo frente a las noticias\nfalsas y desinformaciones canallescas. Tres informaciones recientes lo muestran:<\/p>\n\n\n\n<p class=\"wp-block-paragraph\">La empresa <em>Edelman\nTrust Barometer<\/em> en 2018 hizo una encuesta entre 14 mil 400 personas de 25\npa\u00edses para saber su grado de confianza al informarse. El resultado que obtuvo\nfue que casi seis de cada diez (59 %) confiaba m\u00e1s en el periodismo (medios\ntradicionales y los nativos digitales de periodismo profesional) que en las\nredes sociales (41 %).<\/p>\n\n\n\n<p class=\"wp-block-paragraph\">Al iniciar Abril de 2020, en plena pandemia, el\nportal espa\u00f1ol 24 horas inform\u00f3 de otra encuesta indicativa de que \u201cla\npercepci\u00f3n ciudadana sobre la labor de los medios de comunicaci\u00f3n es positiva\u201d.<\/p>\n\n\n\n<p class=\"wp-block-paragraph\">\u201cUn 48,1 % de la poblaci\u00f3n considera que la labor de\nla radio es muy positiva o positiva\u2026 La prensa escrita tambi\u00e9n aprueba con un\n41,5 % \u2026 la televisi\u00f3n 41,7 %. <\/p>\n\n\n\n<p class=\"wp-block-paragraph\">Y contrast\u00f3 que \u201cel peor dato lo marcan las redes\nsociales, que son las que salen peor paradas en la informaci\u00f3n de esta crisis.\nEl fen\u00f3meno de las <em>fake news<\/em> y los\nbulos influye y la conclusi\u00f3n es clara: casi cuatro de cada diez espa\u00f1oles (38.2%)\ncreen que las redes tienen un papel negativo o muy negativo\u201d.<\/p>\n\n\n\n<p class=\"wp-block-paragraph\">En M\u00e9xico, uno de los pocos indicadores sobre este\ntema fue tambi\u00e9n en Abril de 2020 y lo ofreci\u00f3 la empresa <em>Comscore<\/em>. Las firmas que lograron m\u00e1s volumen de publicaci\u00f3n e\ninteracci\u00f3n con el tema Coronavirus fueron diez y solo dos de ellas son de\norigen digital, pero con periodistas profesionales: Aristegui Noticias y\nTr\u00e1fico ZMG.<\/p>\n\n\n\n<p class=\"wp-block-paragraph\">Las mayores cantidades fueron para medios de prensa\nconvencionales. Seg\u00fan esta medici\u00f3n, un poco m\u00e1s de 655 mil de interacciones\nfueron para Noticieros Televisa, 557 mil El Universal, 337 mil 124, Forbes, 316\nmil 759, Telediario MTY, 244 mil 352 Azteca Noticias, 237 mil 657 Aristegui\nNoticias, 170 mil 715 El Financiero, 168 mil 821 Tr\u00e1fico ZMG, 166 mil 498\nProceso, 139 mil 650 El Debate.<\/p>\n\n\n\n<p class=\"wp-block-paragraph\"><strong>Ya no son tan benditas<\/strong><\/p>\n\n\n\n<p class=\"wp-block-paragraph\">El jueves 7 de mayo, inusitadamente en la\nconferencia de la ma\u00f1ana el presidente L\u00f3pez Obrador llam\u00f3 a su p\u00f3dium a Jenaro\nVillamil Rodr\u00edguez, director general del Sistema de Radiodifusi\u00f3n del Estado\nMexicano (SPR). El periodista en receso ofreci\u00f3 informaci\u00f3n de la\n\u201csobreabundancia de informaci\u00f3n falsa, maliciosa o medias verdades sobre la\npandemia y su r\u00e1pida propagaci\u00f3n a trav\u00e9s de las personas y de los usuarios -de\ntodos nosotros- de redes sociales a trav\u00e9s de Twitter, a trav\u00e9s de Facebook, de\nlas empresas de Facebook como son especialmente WhatsApp, Instagram, de\nYouTube.\u201d<\/p>\n\n\n\n<p class=\"wp-block-paragraph\">En su amplia exposici\u00f3n Jenaro mostr\u00f3 el crecimiento\ny las ganancias exorbitantes que han tenido esas y otras empresas gigantes\ndurante el primer trimestre de 2020 y llam\u00f3 a \u201ccortar esa cadena de mensajes,\nincluyendo tambi\u00e9n los mensajes exagerados o negativos en Twitter, porque la\ninfodemia, es decir, la epidemia de noticias falsas o medias verdades lo que\ngenera son percepciones negativas, p\u00e1nico, desconfianza social, vulnerabilidad\ny prejuicios que criminalizan a las personas que viven o atienden el\ncoronavirus\u201d.<\/p>\n\n\n\n<p class=\"wp-block-paragraph\">Hay que referir que el Presidente L\u00f3pez Obrador\ndesde antes de asumir la Presidencia reivindicaba a las redes sociales como el\nant\u00eddoto contra el periodismo que lo critica. Ahora, aparte del mensaje de\nJenaro, hay otros datos de que el ant\u00eddoto se convirti\u00f3 en veneno.<\/p>\n\n\n\n<p class=\"wp-block-paragraph\">El portal de tecnolog\u00eda y sociedad <em>LoQueSigue.tv<\/em>,\ncitado por Raymundo Riva Palacio, \u201canaliz\u00f3 265 trending topics de Twitter\ndurante la crisis sanitaria y el 54.7 por ciento de ellos fueron impulsados con\nbots, automatizaci\u00f3n y otros m\u00e9todos no org\u00e1nicos. Y del total, el n\u00famero de\nhashtags contra L\u00f3pez Obrador fueron 52 hasta el mi\u00e9rcoles 6 de mayo, y apenas\n29 fueron a su favor\u201d. Al parecer ya no son tan benditas las redes sociales en\nPalacio Nacional.<\/p>\n\n\n\n<p class=\"wp-block-paragraph\">Por esas y otras razones en los equipos de comunicaci\u00f3n\nsocial de la Presidencia debieran valorar m\u00e1s la importancia estrat\u00e9gica de las\npersonas que realizan periodismo profesional para el redise\u00f1o que hacen de las\nrelaciones prensa-gobierno, considerar mejor a quienes tienen la profesi\u00f3n de\ninformar y que hoy buscan alternativas a sus crisis de empleo, seguridad y\ncredibilidad y necesitan ser identificados como sujetos independientes a las\ngrandes empresas.<\/p>\n\n\n\n<p class=\"wp-block-paragraph\">Por esas y otras razones las y los periodistas\nprofesionales que satirizaron a la joven reportera Sarah\u00ed Uribe debieran\naceptar que es necesario defender al periodismo profesional, incluidos sus\nnovatos que son todav\u00eda m\u00e1s vulnerables, antes de sumar dosis de odio a la\npolarizaci\u00f3n pol\u00edtica y a la canallesca abundante en las redes sociales.<\/p>\n","protected":false},"excerpt":{"rendered":"<p>En defensa de Sarah\u00ed y del periodismo profesional<\/p>\n","protected":false},"author":3,"featured_media":8473,"comment_status":"open","ping_status":"open","sticky":false,"template":"","format":"standard","meta":{"_monsterinsights_skip_tracking":false,"footnotes":""},"categories":[691,106,85],"tags":[],"class_list":["post-20504","post","type-post","status-publish","format-standard","has-post-thumbnail","category-691","category-mirada-de-reportero","category-rogelio-hernandez-lopez"],"_links":{"self":[{"href":"https:\/\/redsemlac.com\/semmexico\/wp-json\/wp\/v2\/posts\/20504","targetHints":{"allow":["GET"]}}],"collection":[{"href":"https:\/\/redsemlac.com\/semmexico\/wp-json\/wp\/v2\/posts"}],"about":[{"href":"https:\/\/redsemlac.com\/semmexico\/wp-json\/wp\/v2\/types\/post"}],"author":[{"embeddable":true,"href":"https:\/\/redsemlac.com\/semmexico\/wp-json\/wp\/v2\/users\/3"}],"replies":[{"embeddable":true,"href":"https:\/\/redsemlac.com\/semmexico\/wp-json\/wp\/v2\/comments?post=20504"}],"version-history":[{"count":0,"href":"https:\/\/redsemlac.com\/semmexico\/wp-json\/wp\/v2\/posts\/20504\/revisions"}],"wp:featuredmedia":[{"embeddable":true,"href":"https:\/\/redsemlac.com\/semmexico\/wp-json\/wp\/v2\/media\/8473"}],"wp:attachment":[{"href":"https:\/\/redsemlac.com\/semmexico\/wp-json\/wp\/v2\/media?parent=20504"}],"wp:term":[{"taxonomy":"category","embeddable":true,"href":"https:\/\/redsemlac.com\/semmexico\/wp-json\/wp\/v2\/categories?post=20504"},{"taxonomy":"post_tag","embeddable":true,"href":"https:\/\/redsemlac.com\/semmexico\/wp-json\/wp\/v2\/tags?post=20504"}],"curies":[{"name":"wp","href":"https:\/\/api.w.org\/{rel}","templated":true}]}}