{"id":20501,"date":"2020-05-11T16:45:44","date_gmt":"2020-05-11T16:45:44","guid":{"rendered":"https:\/\/redsemlac.com\/semmexico\/?p=20501"},"modified":"2023-07-21T16:19:20","modified_gmt":"2023-07-21T21:19:20","slug":"elabora-egresada-del-tecnm-esponja-para-lavado-de-manos-en-seco","status":"publish","type":"post","link":"https:\/\/redsemlac.com\/semmexico\/elabora-egresada-del-tecnm-esponja-para-lavado-de-manos-en-seco\/","title":{"rendered":"Elabora, egresada del TecNM, esponja para lavado de manos en seco"},"content":{"rendered":"\n<ul class=\"wp-block-list\"><li><strong> Ayudar\u00e1 a prevenir transmisi\u00f3n de COVID 19 en comunidades sin agua<\/strong><\/li><\/ul>\n\n\n\n<ul class=\"wp-block-list\"><li><strong>Ser\u00e1 distribuida por la Asociaci\u00f3n Mexicana de Transformaci\u00f3n Rural y Urbana <\/strong><\/li><\/ul>\n\n\n\n<p class=\"wp-block-paragraph\"><strong>Elda Montiel <\/strong><\/p>\n\n\n\n<p class=\"wp-block-paragraph\">SemM\u00e9xico, Cd. de M\u00e9xico, 11 de mayo, 2020.- Una esponja para lavado de\nmanos en seco, elaborado por Liliana Ortega Velasco, egresada del Tecnol\u00f3gico\nNacional de M\u00e9xico (TecNM), campus Toluca, beneficiar\u00e1 a personas de\ncomunidades rurales que no cuenten con agua potable durante la contingencia\nsanitaria por COVID 19.&nbsp;&nbsp;&nbsp; <\/p>\n\n\n\n<p class=\"wp-block-paragraph\">Ortega Velasco prepara una producci\u00f3n de 63 mil esponjas para lavado\nde manos que beneficiar\u00e1n a 700 personas, de los cuales 420 son ni\u00f1as y ni\u00f1os,\ny 280 personas mayores, con el financiamiento de la Asociaci\u00f3n Mexicana de Transformaci\u00f3n\nRural y Urbana A.C. (Amextra), misma que se encargar\u00e1 de su distribuci\u00f3n.<\/p>\n\n\n\n<p class=\"wp-block-paragraph\">El Secretario de Educaci\u00f3n P\u00fablica, Esteban Moctezuma Barrag\u00e1n celebr\u00f3\nque las Instituciones de Educaci\u00f3n Superior apoyen la creaci\u00f3n y elaboraci\u00f3n de\nproductos que representen un beneficio para las comunidades, en especial para\nlas zonas marginadas.<\/p>\n\n\n\n<p class=\"wp-block-paragraph\">Liliana Ortega Velasco, egresada de Ingenier\u00eda Qu\u00edmica, indic\u00f3 que en\nel mercado ya existe este producto con tecnolog\u00eda de \u00faltima generaci\u00f3n, pero,\npor su costo no es accesible a personas de escasos recursos, por lo que ella se\npropuso realizar una versi\u00f3n m\u00e1s econ\u00f3mica.<\/p>\n\n\n\n<p class=\"wp-block-paragraph\">Explic\u00f3 que el producto consiste en una esponja de tela de dos\ncent\u00edmetros cuadrados a la que se le coloca un poco de agua, unos tres\nmililitros -equivalente a una tapita de agua-&nbsp;que al ser frotada genera\nespuma y los residuos son retirados con una servilleta o trapo seco.<\/p>\n\n\n\n<p class=\"wp-block-paragraph\">Ella trabaj\u00f3 en las sustancias activas con acci\u00f3n antibacterial con\nlas que se impregna la tela de la esponja, una de las sustancias es la clorhexidina\nque se utiliza en la ortodoncia como tratamiento de placas bacterianas o\nmicroorganismos pat\u00f3genos bucales, adem\u00e1s de otros elementos de bajo costo y\nque no son t\u00f3xicos para la salud humana.<\/p>\n\n\n\n<p class=\"wp-block-paragraph\">La esponja puede ser utilizada tanto para el lavado de manos o para\nba\u00f1ar a los beb\u00e9s, el costo del producto para la asociaci\u00f3n servir\u00e1\npr\u00e1cticamente para cubrir los gastos de los insumos requeridos para su\nelaboraci\u00f3n.<\/p>\n\n\n\n<p class=\"wp-block-paragraph\">Se espera realizar la distribuci\u00f3n a mediados del mes de mayo, en un\nprincipio en tres localidades de escasos recursos del Estado de M\u00e9xico y de la\nCiudad de M\u00e9xico.<\/p>\n\n\n\n<p class=\"wp-block-paragraph\">El proyecto fue desarrollado durante dos semanas y ya cuenta con la\nt\u00e9cnica mecanizada de producci\u00f3n lista para iniciar con el proceso de\nmanufactura. <\/p>\n\n\n\n<p class=\"wp-block-paragraph\">Si la demanda es grande, Amextra requerir\u00e1 de la participaci\u00f3n de\nvoluntariado para su elaboraci\u00f3n.<\/p>\n\n\n\n<p class=\"wp-block-paragraph\">SEM\/em\/sj<\/p>\n","protected":false},"excerpt":{"rendered":"<p>Ser\u00e1 distribuida por la Asociaci\u00f3n Mexicana de Transformaci\u00f3n Rural y Urbana <\/p>\n","protected":false},"author":3,"featured_media":20502,"comment_status":"open","ping_status":"open","sticky":false,"template":"","format":"standard","meta":{"_monsterinsights_skip_tracking":false,"footnotes":""},"categories":[691,135],"tags":[],"class_list":["post-20501","post","type-post","status-publish","format-standard","has-post-thumbnail","category-691","category-emergencia-sanitaria-covid-19"],"_links":{"self":[{"href":"https:\/\/redsemlac.com\/semmexico\/wp-json\/wp\/v2\/posts\/20501","targetHints":{"allow":["GET"]}}],"collection":[{"href":"https:\/\/redsemlac.com\/semmexico\/wp-json\/wp\/v2\/posts"}],"about":[{"href":"https:\/\/redsemlac.com\/semmexico\/wp-json\/wp\/v2\/types\/post"}],"author":[{"embeddable":true,"href":"https:\/\/redsemlac.com\/semmexico\/wp-json\/wp\/v2\/users\/3"}],"replies":[{"embeddable":true,"href":"https:\/\/redsemlac.com\/semmexico\/wp-json\/wp\/v2\/comments?post=20501"}],"version-history":[{"count":0,"href":"https:\/\/redsemlac.com\/semmexico\/wp-json\/wp\/v2\/posts\/20501\/revisions"}],"wp:featuredmedia":[{"embeddable":true,"href":"https:\/\/redsemlac.com\/semmexico\/wp-json\/wp\/v2\/media\/20502"}],"wp:attachment":[{"href":"https:\/\/redsemlac.com\/semmexico\/wp-json\/wp\/v2\/media?parent=20501"}],"wp:term":[{"taxonomy":"category","embeddable":true,"href":"https:\/\/redsemlac.com\/semmexico\/wp-json\/wp\/v2\/categories?post=20501"},{"taxonomy":"post_tag","embeddable":true,"href":"https:\/\/redsemlac.com\/semmexico\/wp-json\/wp\/v2\/tags?post=20501"}],"curies":[{"name":"wp","href":"https:\/\/api.w.org\/{rel}","templated":true}]}}