{"id":20496,"date":"2020-05-11T16:40:44","date_gmt":"2020-05-11T16:40:44","guid":{"rendered":"https:\/\/redsemlac.com\/semmexico\/?p=20496"},"modified":"2023-07-21T16:19:20","modified_gmt":"2023-07-21T21:19:20","slug":"botella-al-mar-30","status":"publish","type":"post","link":"https:\/\/redsemlac.com\/semmexico\/botella-al-mar-30\/","title":{"rendered":"Botella al Mar"},"content":{"rendered":"\n<h2 class=\"wp-block-heading\">Amor<\/h2>\n\n\n\n<p class=\"wp-block-paragraph\"><strong>Martha Canseco Gonz\u00e1lez<\/strong><\/p>\n\n\n\n<p class=\"wp-block-paragraph\">SemM\u00e9xico, 11 de mayo, 2020.- Empec\u00e9 mal este a\u00f1o,\nno solo por el nuevo coronavirus, otros acontecimientos lo perfilaron como uno\nde los m\u00e1s significativos. El 3 de enero muri\u00f3 una de mis mejores amigas de\naqu\u00ed de Pachuca, la periodista Dolores Michel, aunque no nos frecuent\u00e1bamos\ncomo al inicio de nuestra amistad, nos mand\u00e1bamos mensajes de manera regular.\nEn los aniversarios del diario S\u00edntesis me pasaba un muy buen rato en su mesa,\ntuvimos conversaciones profundas sobre diversos temas.<\/p>\n\n\n\n<p class=\"wp-block-paragraph\">Una de ellas fue sobre el amor y ocurri\u00f3 hace 30\na\u00f1os. Me pregunt\u00f3 &#8211; \u00bfoye, \u00bfcuando hablas con tu mam\u00e1, con tus hermanos por\ntel\u00e9fono les dices que los quieres?, respond\u00ed lo que mucha gente, &#8211; bueno, ella\ny ellos saben que los quiero, voy a Ciudad de M\u00e9xico cada fin de semana a\nverlos, a mi mam\u00e1 le doy su dinero cada mes, paseamos juntas, en fin- conteste.<\/p>\n\n\n\n<p class=\"wp-block-paragraph\">-Pero ellos necesitan o\u00edrlo \u2013 me dijo. Segu\u00ed su\nrecomendaci\u00f3n, me cost\u00f3 trabajo la primera vez, fue como un salto de fe, no\nsab\u00eda expresar mi emoci\u00f3n. A partir de entonces, es la despedida cotidiana\ncuando hablo no solo con mis hermanas y hermano, sino con mi familia en general\ny en el caso espec\u00edfico de mi mam\u00e1, la que ya era una relaci\u00f3n cercana, se hizo\nmuy entra\u00f1able.<\/p>\n\n\n\n<p class=\"wp-block-paragraph\">Y ese apego me sirvi\u00f3 bastante cuando mi mam\u00e1 fue\nenvejeciendo. Si me preguntaba lo mismo una y otra vez, le contestaba como si\nlo hubiera dicho por primera ocasi\u00f3n y lo hac\u00eda hasta que ella misma se daba\ncuenta que repet\u00eda, termin\u00e1bamos a carcajadas. Fue perdiendo un poco la\nmemoria, en ocasiones me confund\u00eda con su sobrina y yo le dec\u00eda: -no, yo soy tu\nhija, la quinta, \u00a1y mira que forrazo te sali\u00f3!, ella re\u00eda y re\u00eda &#8211; \u00bfentonces t\u00fa\nsaliste de m\u00ed? \u2013 preguntaba, &#8211; \u00a1s\u00ed! -, le aclaraba, &#8211; ah, \u00a1entonces te tengo\nque querer m\u00e1s! -, &#8211; \u00a1\u00e1ndale as\u00ed mero!<\/p>\n\n\n\n<p class=\"wp-block-paragraph\">Mi mam\u00e1 muri\u00f3 hace cinco a\u00f1os y esa gran cercan\u00eda\nque tuvimos en sus \u00faltimos meses de vida me permiti\u00f3 a m\u00ed despedirla con\nalegr\u00eda y sin ninguna deuda. El feminismo se\u00f1ala que una de las primeras\nrelaciones que tenemos que sanar las mujeres es precisamente con nuestra madre.<\/p>\n\n\n\n<p class=\"wp-block-paragraph\">Con mis compa\u00f1eras del c\u00edrculo de lectura feminista,\nhemos estado leyendo \u201cClaves feministas para negociar el amor rom\u00e1ntico\u201d de\nMarcela Lagarde, al mismo tiempo estoy leyendo el nuevo libro de Coral Herrera\nG\u00f3mez \u201cC\u00f3mo disfrutar del amor: Herramientas feministas para transformar el\nmito del amor rom\u00e1ntico\u201d. <\/p>\n\n\n\n<p class=\"wp-block-paragraph\">As\u00ed concluyo entonces que para aquellas mujeres que\nno tienen una buena relaci\u00f3n con sus madres, es un muy buen principio\ndesarrollar primero el amor propio que les permitir\u00e1 ser m\u00e1s benevolentes con\nellas, porque el amor propio te lleva en autom\u00e1tico a la indulgencia hacia ti\nmisma y en consecuencia con las, los y les dem\u00e1s. Y por supuesto mientras m\u00e1s\npronto lo hagan, mejor.<\/p>\n\n\n\n<p class=\"wp-block-paragraph\">Leer tanto a Marcela Lagarde como a Shere Hite, Bell\nHooks, Coral Herrera y Mar\u00eda Mart\u00edn Barranco me ha permitido, adem\u00e1s,\ndescolocar al amor de pareja, al amor rom\u00e1ntico c\u00f3mo el centro de mi\nexistencia, mi vida desde hace muchos a\u00f1os ya no gira en torno a \u00e9l. Y es que,\nen este sistema patriarcal, el amor para las mujeres es una obligaci\u00f3n, para\nlos hombres no. <\/p>\n\n\n\n<p class=\"wp-block-paragraph\">Cuando el sistema hegem\u00f3nico nos exige amar y cuidar\na las, los y les dem\u00e1s nos aleja a las mujeres del amor propio y eso tiene\nconsecuencias severas sobre nuestra b\u00fasqueda de la felicidad y la plenitud,\nporque depende de los dem\u00e1s y eso nos pone en un grave riesgo de sufrir\nviolencia, \u00a1claro en nombre del amor!<\/p>\n\n\n\n<p class=\"wp-block-paragraph\">Hay muchos tipos de amor, ub\u00edquenlos, hagan su lista\nde cu\u00e1ntos de ellos gozan, uno es precisamente el materno, pero hay muchos m\u00e1s.\nMiren esta pandemia se est\u00e1 llevando a muchas personas queridas, pero tambi\u00e9n\nest\u00e1 poniendo lo verdaderamente importante en el centro, donde debe de estar.<\/p>\n\n\n\n<p class=\"wp-block-paragraph\">Qu\u00e9 mejor regalo para su mam\u00e1 que decirle cada vez\nque hablan con ella, que la quieren, no solo el 10 de mayo. Eso s\u00ed hay que ser\ncongruentes entre lo que se dice y lo que se hace.<\/p>\n\n\n\n<p class=\"wp-block-paragraph\">As\u00ed el feminismo me ha permitido identificar que amo\nen distintos niveles, es decir, quiero sinceramente a mucha gente, amo a un\npoco menos y puedo contar con los dedos de la mano a quienes amo profundamente.<\/p>\n\n\n\n<p class=\"wp-block-paragraph\">Querida mam\u00e1, \u00a1te sigo amando profundamente!<\/p>\n\n\n\n<p class=\"wp-block-paragraph\">botellalmar2017@gmail.com <\/p>\n","protected":false},"excerpt":{"rendered":"<p>Amor<\/p>\n","protected":false},"author":3,"featured_media":9095,"comment_status":"open","ping_status":"open","sticky":false,"template":"","format":"standard","meta":{"_monsterinsights_skip_tracking":false,"footnotes":""},"categories":[691,98,84],"tags":[],"class_list":["post-20496","post","type-post","status-publish","format-standard","has-post-thumbnail","category-691","category-botella-al-mar","category-martha-canseco"],"_links":{"self":[{"href":"https:\/\/redsemlac.com\/semmexico\/wp-json\/wp\/v2\/posts\/20496","targetHints":{"allow":["GET"]}}],"collection":[{"href":"https:\/\/redsemlac.com\/semmexico\/wp-json\/wp\/v2\/posts"}],"about":[{"href":"https:\/\/redsemlac.com\/semmexico\/wp-json\/wp\/v2\/types\/post"}],"author":[{"embeddable":true,"href":"https:\/\/redsemlac.com\/semmexico\/wp-json\/wp\/v2\/users\/3"}],"replies":[{"embeddable":true,"href":"https:\/\/redsemlac.com\/semmexico\/wp-json\/wp\/v2\/comments?post=20496"}],"version-history":[{"count":0,"href":"https:\/\/redsemlac.com\/semmexico\/wp-json\/wp\/v2\/posts\/20496\/revisions"}],"wp:featuredmedia":[{"embeddable":true,"href":"https:\/\/redsemlac.com\/semmexico\/wp-json\/wp\/v2\/media\/9095"}],"wp:attachment":[{"href":"https:\/\/redsemlac.com\/semmexico\/wp-json\/wp\/v2\/media?parent=20496"}],"wp:term":[{"taxonomy":"category","embeddable":true,"href":"https:\/\/redsemlac.com\/semmexico\/wp-json\/wp\/v2\/categories?post=20496"},{"taxonomy":"post_tag","embeddable":true,"href":"https:\/\/redsemlac.com\/semmexico\/wp-json\/wp\/v2\/tags?post=20496"}],"curies":[{"name":"wp","href":"https:\/\/api.w.org\/{rel}","templated":true}]}}