{"id":20493,"date":"2020-05-11T16:37:16","date_gmt":"2020-05-11T16:37:16","guid":{"rendered":"https:\/\/redsemlac.com\/semmexico\/?p=20493"},"modified":"2023-07-21T16:18:44","modified_gmt":"2023-07-21T21:18:44","slug":"reitera-asilegal-no-ignorar-condiciones-de-riesgo-de-mujeres-en-reclusion","status":"publish","type":"post","link":"https:\/\/redsemlac.com\/semmexico\/reitera-asilegal-no-ignorar-condiciones-de-riesgo-de-mujeres-en-reclusion\/","title":{"rendered":"Reitera ASILEGAL no ignorar condiciones de riesgo de mujeres en reclusi\u00f3n"},"content":{"rendered":"\n<ul class=\"wp-block-list\"><li><strong>Advirtieron desde marzo sobre la\u00a0bomba de tiempo\u00a0que significa el sistema penitenciario <\/strong><\/li><\/ul>\n\n\n\n<ul class=\"wp-block-list\"><li><strong> El riesgo ante la pandemia global tambi\u00e9n afectar\u00eda a sus hijos e hijas<\/strong><\/li><\/ul>\n\n\n\n<p class=\"wp-block-paragraph\"><strong>Redacci\u00f3n<\/strong><\/p>\n\n\n\n<p class=\"wp-block-paragraph\">SemM\u00e9xico,\nCd. de M\u00e9xico, 11 de mayo, 2020.- Asistencia Legal por los Derechos Humanos\n(ASILEGAL) reiter\u00f3 su llamado a las autoridades federales, estatales y\npenitenciarias para tomar cartas en la condici\u00f3n que viven m\u00e1s de 400 hijas e\nhijos de mujeres privadas de su libertad, frente a la pandemia global COVID 19.<\/p>\n\n\n\n<p class=\"wp-block-paragraph\">En\nun comunicado la asociaci\u00f3n civil, se\u00f1ala que de acuerdo con el Censo Nacional\nde Gobierno, Seguridad P\u00fablica y Sistemas Penitenciarios Estatales del INEGI de\n2019, en M\u00e9xico hay 255 mujeres privadas de libertad que viven con sus hijas e\nhijos dentro de los&nbsp;centros penitenciarios; por cada una de ellas existe\nal menos 1.6 ni\u00f1os menores de seis a\u00f1os, es decir, al menos 415 ni\u00f1as y ni\u00f1os,\nal d\u00eda de hoy forman parte de la poblaci\u00f3n penitenciaria. Ninguna de ellas\npuede continuar en el olvido y abandono.<\/p>\n\n\n\n<p class=\"wp-block-paragraph\">ASILEGAL\npide a las autoridades de gobierno federal y estatales, y penitenciarias, para\ntomar cartas frente a la crisis que se est\u00e1 desarrollando con respecto a la\npandemia global COVID-19 y el acrecentado riesgo al que se enfrentan madres e\nhijos en condiciones de hacinamiento y sobrepoblaci\u00f3n.<\/p>\n\n\n\n<p class=\"wp-block-paragraph\">De\nacuerdo con el&nbsp;#MapaPenitenciarioCOVID19,&nbsp;al d\u00eda de hoy, existe\nregistro de 108 personas privadas de libertad contagiadas, mientras que el\n\u00faltimo informe de la CNDH reporta s\u00f3lo 93, es decir, podemos suponer la\nexistencia de un subregistro en las cifras de contagios. <\/p>\n\n\n\n<p class=\"wp-block-paragraph\">Si\ndesde la interseccionalidad analizamos que los hombres privados de libertad con\nCOVID-19 no son contados, (como es el caso de Baja California que reporta la\nmisma cifra para fallecidos y contagiados), \u00bfqu\u00e9 podemos esperar para las\nmujeres privadas de libertad que siempre han vivido mayor exclusi\u00f3n o m\u00e1s a\u00fan\ncuando son madres y se enfrentan al estigma de la prisi\u00f3n?<\/p>\n\n\n\n<p class=\"wp-block-paragraph\">Lo\nanterior lo observamos tambi\u00e9n en el detalle de los casos: tanto la CNDH como\nel #MapaPenitenciarioCOVID19 reportan s\u00f3lo dos mujeres contagiadas, una de\nellas&nbsp;falleci\u00f3 en su celda sin que el sistema m\u00e9dico\ncorresponsable&nbsp;considerar\u00e1 brindarle atenci\u00f3n m\u00e9dica. Esta es la realidad\na la que se est\u00e1n enfrentando las mujeres madres privadas de libertad, esta es\nla realidad que tambi\u00e9n viven sus hijas e hijos en prisi\u00f3n: el olvido y\nabandono a su suerte.<\/p>\n\n\n\n<p class=\"wp-block-paragraph\">Por\nello, instamos a las autoridades de todos los niveles responsables de garantizar\nlos derechos humanos de las personas privadas de libertad, a no cerrar los ojos\nante esta crisis. Urge que el Estado mexicano aplique las reglas&nbsp;Bangkok,\npues en ellas est\u00e1&nbsp;contemplado que \u201cel r\u00e9gimen penitenciario permitir\u00e1\nreaccionar con flexibilidad ante las mujeres embarazadas, lactantes y mujeres\ncon hijos, se habilitar\u00e1n servicios o disposiciones para el cuidado del ni\u00f1o\u201d.<\/p>\n\n\n\n<p class=\"wp-block-paragraph\">Como\ndefensoras y defensores de derechos humanos de las personas privadas de\nlibertad en situaci\u00f3n de vulnerabilidad, desde el mes de marzo advertimos sobre\nla&nbsp;bomba de tiempo&nbsp;que significa el sistema penitenciario en su\nconjunto. Con la llegada de la pandemia por COVID-19 a M\u00e9xico y su crecimiento\nlatente, lanzamos&nbsp;llamados constantes al Estado&nbsp;para aplicar la Ley\nNacional de Ejecuci\u00f3n Penal, mejorar las condiciones de internamiento y\nacelerar los procesos de libertad condicionada y anticipada. <\/p>\n\n\n\n<p class=\"wp-block-paragraph\">Nos\nhemos sumado a&nbsp;<a href=\"https:\/\/asilegal.us15.list-manage.com\/track\/click?u=d389fe66f4ea5ca12aa3e90db&amp;id=55c8c1d27f&amp;e=68637b7226\" target=\"_blank\" rel=\"noreferrer noopener\">otras voces de la sociedad civil<\/a>&nbsp;para exigir\nacciones concretas ante la contingencia COVID-19 y de igual forma hemos apoyado\nla petici\u00f3n de diversas organizaciones feministas para&nbsp;<a href=\"https:\/\/asilegal.us15.list-manage.com\/track\/click?u=d389fe66f4ea5ca12aa3e90db&amp;id=e82ba16a09&amp;e=68637b7226\" target=\"_blank\" rel=\"noreferrer noopener\">conceder el indulto a las mujeres<\/a>&nbsp;madres,\nembarazadas, con hijas e hijos, primodelincuentes, mayores de 65 a\u00f1os, entre\notras. <\/p>\n\n\n\n<p class=\"wp-block-paragraph\">Hasta\nla fecha, las autoridades a\u00fan no han establecido un&nbsp;<a href=\"https:\/\/asilegal.us15.list-manage.com\/track\/click?u=d389fe66f4ea5ca12aa3e90db&amp;id=b1aaa6aaca&amp;e=68637b7226\" target=\"_blank\" rel=\"noreferrer noopener\">protocolo de actuaci\u00f3n<\/a>&nbsp;objetivo y apegado\na la realidad para salvaguardar la salud y vida de las personas privadas de\nlibertad, ni se han pronunciado con acciones concretas dirigidas a las mujeres\nmadres y a sus hijas e hijos que viven en las prisiones.<\/p>\n\n\n\n<p class=\"wp-block-paragraph\">Basta\nde ignorarlas, es momento de actuar. No debemos olvidar que las mujeres\nprivadas de libertad, madres con hijos dentro o fuera del centro penitenciario,\nsufren un estigma y olvido de sus c\u00edrculos cercanos, recibiendo un doble\ncastigo por no cumplir con los roles sociales establecidos para ellas. El\nEstado no puede continuar perpetuando y legitimando este abandono.<\/p>\n\n\n\n<p class=\"wp-block-paragraph\">SEM\/sj<\/p>\n","protected":false},"excerpt":{"rendered":"<p>El riesgo ante la pandemia global tambi\u00e9n afectar\u00eda a sus hijos e hijas<\/p>\n","protected":false},"author":3,"featured_media":20494,"comment_status":"open","ping_status":"open","sticky":false,"template":"","format":"standard","meta":{"_monsterinsights_skip_tracking":false,"footnotes":""},"categories":[691,135],"tags":[],"class_list":["post-20493","post","type-post","status-publish","format-standard","has-post-thumbnail","category-691","category-emergencia-sanitaria-covid-19"],"_links":{"self":[{"href":"https:\/\/redsemlac.com\/semmexico\/wp-json\/wp\/v2\/posts\/20493","targetHints":{"allow":["GET"]}}],"collection":[{"href":"https:\/\/redsemlac.com\/semmexico\/wp-json\/wp\/v2\/posts"}],"about":[{"href":"https:\/\/redsemlac.com\/semmexico\/wp-json\/wp\/v2\/types\/post"}],"author":[{"embeddable":true,"href":"https:\/\/redsemlac.com\/semmexico\/wp-json\/wp\/v2\/users\/3"}],"replies":[{"embeddable":true,"href":"https:\/\/redsemlac.com\/semmexico\/wp-json\/wp\/v2\/comments?post=20493"}],"version-history":[{"count":0,"href":"https:\/\/redsemlac.com\/semmexico\/wp-json\/wp\/v2\/posts\/20493\/revisions"}],"wp:featuredmedia":[{"embeddable":true,"href":"https:\/\/redsemlac.com\/semmexico\/wp-json\/wp\/v2\/media\/20494"}],"wp:attachment":[{"href":"https:\/\/redsemlac.com\/semmexico\/wp-json\/wp\/v2\/media?parent=20493"}],"wp:term":[{"taxonomy":"category","embeddable":true,"href":"https:\/\/redsemlac.com\/semmexico\/wp-json\/wp\/v2\/categories?post=20493"},{"taxonomy":"post_tag","embeddable":true,"href":"https:\/\/redsemlac.com\/semmexico\/wp-json\/wp\/v2\/tags?post=20493"}],"curies":[{"name":"wp","href":"https:\/\/api.w.org\/{rel}","templated":true}]}}