{"id":20490,"date":"2020-05-11T16:33:49","date_gmt":"2020-05-11T16:33:49","guid":{"rendered":"https:\/\/redsemlac.com\/semmexico\/?p=20490"},"modified":"2023-07-21T16:18:44","modified_gmt":"2023-07-21T21:18:44","slug":"en-morelos-fallece-enfermera-por-covid-19","status":"publish","type":"post","link":"https:\/\/redsemlac.com\/semmexico\/en-morelos-fallece-enfermera-por-covid-19\/","title":{"rendered":"En Morelos, fallece enfermera por COVID 19"},"content":{"rendered":"\n<p class=\"wp-block-paragraph\"><strong>* La despiden con\naplausos del&nbsp;hospital donde prest\u00f3 sus servicios <\/strong><\/p>\n\n\n\n<p class=\"wp-block-paragraph\"><strong>* Luch\u00f3 contra\ndos pandemias: \u201cla estupidez y el COVID 19\u201d, se\u00f1alan en redes<\/strong><\/p>\n\n\n\n<p class=\"wp-block-paragraph\"><strong>Estrella\nPedroza&nbsp;<\/strong><\/p>\n\n\n\n<p class=\"wp-block-paragraph\">SemM\u00e9xico, Cuernavaca, Mor., 11 de\nmayo, 2020.- Durante este fin de semana falleci\u00f3 por COVID19, la enfermera\nM\u00f3nica Villalba Carvajal, qui\u00e9n prest\u00f3 sus servicios en el Hospital Regional\nN\u00famero 1 del Instituto Mexicano del Seguro Social (IMSS), hasta ahora ninguna\nautoridad se ha pronunciado.<\/p>\n\n\n\n<p class=\"wp-block-paragraph\">La enfermera es la segunda\nintegrante del personal m\u00e9dico de esta entidad que pierde la vida, tras haber\nsido contagia por nuevo coronavirus, causante de COVID 19. Antes, el pasado 6\nde mayo, falleci\u00f3 el urgenci\u00f3logo Fabi\u00e1n Toledo Aguilar, por la misma causa,\ndespu\u00e9s de haber prestado sus servicios en la primera l\u00ednea de batalla.<\/p>\n\n\n\n<p class=\"wp-block-paragraph\">La Secretar\u00eda de Salud de la\nentidad report\u00f3 que son 113 integrantes del personal m\u00e9dico y de enfermer\u00eda,\nas\u00ed como de odontolog\u00eda, personal administrativo y un estudiante distintos\nhospitales que han dado positivo al virus, la mayor\u00eda contagiados en sus \u00e1reas\nde trabajo.<\/p>\n\n\n\n<p class=\"wp-block-paragraph\">M\u00f3nica Villalba de aproximadamente\n35 a\u00f1os de edad, es recordada por sus compa\u00f1eras y compa\u00f1eros como una mujer\namable y amigable, a trav\u00e9s de sus redes sociales, donde tambi\u00e9n la reconocen\ncomo una profesional entregada a su trabajo.<\/p>\n\n\n\n<p class=\"wp-block-paragraph\">En redes sociales, hay un reclamo\nde \u201cAN\u201d:<\/p>\n\n\n\n<p class=\"wp-block-paragraph\">\u201cHoy por tu ignorancia nos has\narrebatado a una persona excepcional, nos has quitado a nuestra compa\u00f1era\nenfermera que luch\u00f3 por darte atenci\u00f3n, \u00bfy para qu\u00e9? El virus SARS-COV2 se\nintrodujo en ella, t\u00fa fuiste ese portador que contagi\u00f3 a nuestra compa\u00f1era, ese\nvirus que se ha llevado a nuestra amiga. Hoy deja de estar en este mundo\npresente por atenderte, me pregunto \u00bfvales la pena? \u00bfVale la pena arriesgar\nvidas inocentes, por ti? \u00bfVales tanto que cambias una vida por otra?<\/p>\n\n\n\n<p class=\"wp-block-paragraph\">&nbsp;\u201cFallece nuestra compa\u00f1era y amiga M\u00f3nica\nVillalba Carvajal, quien luch\u00f3 contra dos pandemias la estupidez y el covid19\u201d.<\/p>\n\n\n\n<p class=\"wp-block-paragraph\">Por la noche, el cuerpo de M\u00f3nica Villalba\nsali\u00f3, en una carrosa f\u00fanebre del hospital donde prest\u00f3 sus servicios y vivi\u00f3\nsus \u00faltimos d\u00edas. Ah\u00ed fue despedida entre aplausos y con el ulular de las\ntorretas&nbsp;de&nbsp;ambulancia encendidas.<\/p>\n\n\n\n<p class=\"wp-block-paragraph\">Hasta el momento, ninguna autoridad\nse ha pronunciado al respecto.<\/p>\n\n\n\n<p class=\"wp-block-paragraph\">De acuerdo al \u00faltimo reporte\noficial, son 784 casos positivos acumulados y 102 personas fallecidas, en\nMorelos.<\/p>\n\n\n\n<p class=\"wp-block-paragraph\">SEM\/ep\/sj<\/p>\n","protected":false},"excerpt":{"rendered":"<p>Luch\u00f3 contra dos pandemias: \u201cla estupidez y el COVID 19\u201d, se\u00f1alan en redes<\/p>\n","protected":false},"author":3,"featured_media":20491,"comment_status":"open","ping_status":"open","sticky":false,"template":"","format":"standard","meta":{"_monsterinsights_skip_tracking":false,"footnotes":""},"categories":[691,135],"tags":[],"class_list":["post-20490","post","type-post","status-publish","format-standard","has-post-thumbnail","category-691","category-emergencia-sanitaria-covid-19"],"_links":{"self":[{"href":"https:\/\/redsemlac.com\/semmexico\/wp-json\/wp\/v2\/posts\/20490","targetHints":{"allow":["GET"]}}],"collection":[{"href":"https:\/\/redsemlac.com\/semmexico\/wp-json\/wp\/v2\/posts"}],"about":[{"href":"https:\/\/redsemlac.com\/semmexico\/wp-json\/wp\/v2\/types\/post"}],"author":[{"embeddable":true,"href":"https:\/\/redsemlac.com\/semmexico\/wp-json\/wp\/v2\/users\/3"}],"replies":[{"embeddable":true,"href":"https:\/\/redsemlac.com\/semmexico\/wp-json\/wp\/v2\/comments?post=20490"}],"version-history":[{"count":0,"href":"https:\/\/redsemlac.com\/semmexico\/wp-json\/wp\/v2\/posts\/20490\/revisions"}],"wp:featuredmedia":[{"embeddable":true,"href":"https:\/\/redsemlac.com\/semmexico\/wp-json\/wp\/v2\/media\/20491"}],"wp:attachment":[{"href":"https:\/\/redsemlac.com\/semmexico\/wp-json\/wp\/v2\/media?parent=20490"}],"wp:term":[{"taxonomy":"category","embeddable":true,"href":"https:\/\/redsemlac.com\/semmexico\/wp-json\/wp\/v2\/categories?post=20490"},{"taxonomy":"post_tag","embeddable":true,"href":"https:\/\/redsemlac.com\/semmexico\/wp-json\/wp\/v2\/tags?post=20490"}],"curies":[{"name":"wp","href":"https:\/\/api.w.org\/{rel}","templated":true}]}}