{"id":20473,"date":"2020-05-09T22:50:27","date_gmt":"2020-05-09T22:50:27","guid":{"rendered":"https:\/\/redsemlac.com\/semmexico\/?p=20473"},"modified":"2023-07-21T16:18:44","modified_gmt":"2023-07-21T21:18:44","slug":"impulsa-aureoles-conejo-controversia-constitucional-por-inequidad-de-recursos-publicos","status":"publish","type":"post","link":"https:\/\/redsemlac.com\/semmexico\/impulsa-aureoles-conejo-controversia-constitucional-por-inequidad-de-recursos-publicos\/","title":{"rendered":"Impulsa Aureoles Conejo controversia constitucional por inequidad de recursos p\u00fablicos"},"content":{"rendered":"\n<ul class=\"wp-block-list\"><li><strong>Propone creaci\u00f3n de protocolos ante reactivaci\u00f3n econ\u00f3mica y escolar <\/strong><\/li><\/ul>\n\n\n\n<ul class=\"wp-block-list\"><li><strong>Participa Michoac\u00e1n en la Reuni\u00f3n Interestatal Noreste COVID-19 en Durango<\/strong><\/li><\/ul>\n\n\n\n<p class=\"wp-block-paragraph\"><strong>Redacci\u00f3n<\/strong><\/p>\n\n\n\n<p class=\"wp-block-paragraph\">SemM\u00e9xico. Durango, Durango, a 09 de mayo de 2020.-&nbsp; Debido a la inequitativa distribuci\u00f3n de los\nrecursos de la Federaci\u00f3n para estados y municipios, el gobernador de\nMichoac\u00e1n, Silvano Aureoles Conejo, urgi\u00f3 a la presentaci\u00f3n de una controversia\nconstitucional contra la Ley de Coordinaci\u00f3n Fiscal durante la Reuni\u00f3n\nInterestatal Noreste COVID-19, que se celebr\u00f3 este viernes en Durango.<\/p>\n\n\n\n<p class=\"wp-block-paragraph\">\u00abNo perdamos tiempo, que se avoquen los titulares de\nfinanzas y los equipos jur\u00eddicos para que ya presentemos la controversia\nconstitucional para la revisi\u00f3n del Acuerdo de Coordinaci\u00f3n Fiscal. Declaremos\nen sesi\u00f3n permanente a nuestros compa\u00f1eros y el equipo de abogados fiscalistas,\npara que lo m\u00e1s pronto posible presentemos la controversia\u00bb, se\u00f1al\u00f3.<\/p>\n\n\n\n<p class=\"wp-block-paragraph\">Incluso, el mandatario michoacano insisti\u00f3 en hacer p\u00fablicos\ny presentar al Gobierno Federal los gastos que los estados han hecho para hacer\nfrente a la contingencia sanitaria por COVID-19, a pesar de los recortes y\ncancelaci\u00f3n de programas federales durante la crisis de salud.<\/p>\n\n\n\n<p class=\"wp-block-paragraph\">En otro tema y ante la presencia de los gobernadores Jaime\nRodr\u00edguez, de Nuevo Le\u00f3n; Miguel Riquelme, de Coahuila; Francisco Garc\u00eda Cabeza\nde Vaca de Tamaulipas y Jos\u00e9 Rosas Aispuro, de Durango, el gobernador de\nMichoac\u00e1n, consider\u00f3 indispensable la elaboraci\u00f3n de protocolos para retomar\nlas actividades escolares, econ\u00f3micas y productivas en cada uno de los estados,\nante la presencia permanente que tendr\u00e1 el virus en la actualidad.<\/p>\n\n\n\n<p class=\"wp-block-paragraph\">&nbsp;\u201cEl virus lleg\u00f3 para\nquedarse y lo que necesitamos es aprender a vivir de otra manera, a\nreinventarnos; propongo que los equipos de salud y de econom\u00eda se avoquen a\ntrabajar en los protocolos que establezcan una redimensi\u00f3n de los grupos de\nni\u00f1os en las aulas, acotar los horarios y ampliar los turnos, entre otros\ntemas\u00bb, detall\u00f3.<\/p>\n\n\n\n<p class=\"wp-block-paragraph\">Finalmente puntualiz\u00f3 que el objetivo de los protocolos,\nmismos que se pondr\u00edan a consideraci\u00f3n en una pr\u00f3xima reuni\u00f3n a desarrollarse\nen Michoac\u00e1n, es el de retomar las actividades escolares, econ\u00f3micas y\nproductivas con medidas que no pongan en riesgo la salud de las y los\nmexicanos.<\/p>\n","protected":false},"excerpt":{"rendered":"<p>Participa Michoac\u00e1n en la Reuni\u00f3n Interestatal Noreste COVID-19 en Durango<\/p>\n","protected":false},"author":3,"featured_media":20474,"comment_status":"open","ping_status":"open","sticky":false,"template":"","format":"standard","meta":{"_monsterinsights_skip_tracking":false,"footnotes":""},"categories":[691,51],"tags":[],"class_list":["post-20473","post","type-post","status-publish","format-standard","has-post-thumbnail","category-691","category-ejecutivo"],"_links":{"self":[{"href":"https:\/\/redsemlac.com\/semmexico\/wp-json\/wp\/v2\/posts\/20473","targetHints":{"allow":["GET"]}}],"collection":[{"href":"https:\/\/redsemlac.com\/semmexico\/wp-json\/wp\/v2\/posts"}],"about":[{"href":"https:\/\/redsemlac.com\/semmexico\/wp-json\/wp\/v2\/types\/post"}],"author":[{"embeddable":true,"href":"https:\/\/redsemlac.com\/semmexico\/wp-json\/wp\/v2\/users\/3"}],"replies":[{"embeddable":true,"href":"https:\/\/redsemlac.com\/semmexico\/wp-json\/wp\/v2\/comments?post=20473"}],"version-history":[{"count":0,"href":"https:\/\/redsemlac.com\/semmexico\/wp-json\/wp\/v2\/posts\/20473\/revisions"}],"wp:featuredmedia":[{"embeddable":true,"href":"https:\/\/redsemlac.com\/semmexico\/wp-json\/wp\/v2\/media\/20474"}],"wp:attachment":[{"href":"https:\/\/redsemlac.com\/semmexico\/wp-json\/wp\/v2\/media?parent=20473"}],"wp:term":[{"taxonomy":"category","embeddable":true,"href":"https:\/\/redsemlac.com\/semmexico\/wp-json\/wp\/v2\/categories?post=20473"},{"taxonomy":"post_tag","embeddable":true,"href":"https:\/\/redsemlac.com\/semmexico\/wp-json\/wp\/v2\/tags?post=20473"}],"curies":[{"name":"wp","href":"https:\/\/api.w.org\/{rel}","templated":true}]}}