{"id":20470,"date":"2020-05-09T22:42:41","date_gmt":"2020-05-09T22:42:41","guid":{"rendered":"https:\/\/redsemlac.com\/semmexico\/?p=20470"},"modified":"2023-07-21T16:18:44","modified_gmt":"2023-07-21T21:18:44","slug":"fernandez-balboa-pide-a-congresos-locales-armonizar-legislacion-sobre-violencia-politica-de-genero","status":"publish","type":"post","link":"https:\/\/redsemlac.com\/semmexico\/fernandez-balboa-pide-a-congresos-locales-armonizar-legislacion-sobre-violencia-politica-de-genero\/","title":{"rendered":"Fern\u00e1ndez Balboa pide a congresos locales armonizar legislaci\u00f3n sobre violencia pol\u00edtica de g\u00e9nero"},"content":{"rendered":"\n<ul class=\"wp-block-list\"><li><strong>Garantizar\nderechos pol\u00edticos de las mujeres en los comicios del 2021, entre los objetivos\nde la propuesta.<\/strong><\/li><\/ul>\n\n\n\n<p class=\"wp-block-paragraph\"><strong>Redacci\u00f3n<\/strong><\/p>\n\n\n\n<p class=\"wp-block-paragraph\">SemM\u00e9xico. Ciudad de M\u00e9xico. 09 de mayo 2020.- La presidenta\nde la Mesa Directiva, M\u00f3nica Fern\u00e1ndez Balboa, present\u00f3 un punto de acuerdo\npara solicitar a los congresos estatales y de la Ciudad de M\u00e9xico que, previo\nal proceso electoral de 2021, generen la legislaci\u00f3n correspondiente para\nprevenir, sancionar y erradicar violencia pol\u00edtica en contra de las mujeres por\nrazones de g\u00e9nero.<\/p>\n\n\n\n<p class=\"wp-block-paragraph\">La legisladora morenista hizo un llamado a las legislaturas\nlocales para contar con un marco normativo, tanto federal como local, que\nreconozca, regule y sancione este tipo de agresiones para que pueda aplicarse\nen los comicios del pr\u00f3ximo a\u00f1o y garantizar los derechos pol\u00edticos de las\nmujeres.<\/p>\n\n\n\n<p class=\"wp-block-paragraph\">Con esta armonizaci\u00f3n legislativa, dijo, se garantizar\u00e1 la\nparticipaci\u00f3n plena de las mujeres en el \u00e1mbito pol\u00edtico, lo que no s\u00f3lo es un\nderecho humano, sino un requisito indispensable para el adecuado funcionamiento\nde la democracia, as\u00ed como para el crecimiento y desarrollo de toda la\nsociedad.<\/p>\n\n\n\n<p class=\"wp-block-paragraph\">Fern\u00e1ndez Balboa explic\u00f3 en el documento que public\u00f3 en la\nGaceta Parlamentaria, que el 6 de junio de 2019 se public\u00f3 en el Diario Oficial\nde la Federaci\u00f3n la reforma constitucional en materia de paridad de g\u00e9nero, que\nobliga a observar este principio, entre otros puntos, en la postulaci\u00f3n de\ncandidaturas de los partidos pol\u00edticos a los distintos cargos de elecci\u00f3n\npopular.<\/p>\n\n\n\n<p class=\"wp-block-paragraph\">As\u00ed como en la elecci\u00f3n de diputados y senadores por el\nprincipio de representaci\u00f3n proporcional, en las listas encabezadas\nalternadamente entre mujeres y hombres en cada periodo electivo, y en la\nintegraci\u00f3n de los ayuntamientos municipales.<\/p>\n\n\n\n<p class=\"wp-block-paragraph\">Adem\u00e1s, el Congreso aprob\u00f3 reformas a diversos ordenamientos\npara prevenir y erradicar la violencia pol\u00edtica contra las mujeres en raz\u00f3n de\ng\u00e9nero, con el fin de fortalecer y complementar las acciones afirmativas que\nsustentan las bases para la igualdad, respeto y dignificaci\u00f3n de la mujer en\nlos espacios p\u00fablicos.<\/p>\n\n\n\n<p class=\"wp-block-paragraph\">Con ello, asent\u00f3 la senadora, M\u00e9xico reafirm\u00f3 su compromiso\ncon los derechos pol\u00edticos y electorales de las mujeres y muestra la gran\nrelevancia de contar con mujeres en los congresos y en los puestos de toma de\ndecisiones m\u00e1s importantes del pa\u00eds.<\/p>\n\n\n\n<p class=\"wp-block-paragraph\">Sin embargo, todo el aparato jur\u00eddico que se ha implementado\nhasta hora resulta incompleto si los congresos estatales no incluyen estas\nmodificaciones en sus legislaciones locales. Por ello, dijo, se requiere\narmonizar este sistema jur\u00eddico al cien por ciento para que pueda ser asumido\nplenamente para las autoridades correspondientes en cada entidad federativa<\/p>\n\n\n\n<p class=\"wp-block-paragraph\">Se trata, dijo, de garantizar su aplicaci\u00f3n en todo el\nterritorio nacional, a trav\u00e9s de los tres \u00f3rdenes de gobierno.<\/p>\n\n\n\n<p class=\"wp-block-paragraph\">SEM\/IL<\/p>\n","protected":false},"excerpt":{"rendered":"<p>Garantizar derechos pol\u00edticos de las mujeres en los comicios del 2021, entre los objetivos de la propuesta.<\/p>\n","protected":false},"author":3,"featured_media":20471,"comment_status":"open","ping_status":"open","sticky":false,"template":"","format":"standard","meta":{"_monsterinsights_skip_tracking":false,"footnotes":""},"categories":[691,50],"tags":[],"class_list":["post-20470","post","type-post","status-publish","format-standard","has-post-thumbnail","category-691","category-congreso"],"_links":{"self":[{"href":"https:\/\/redsemlac.com\/semmexico\/wp-json\/wp\/v2\/posts\/20470","targetHints":{"allow":["GET"]}}],"collection":[{"href":"https:\/\/redsemlac.com\/semmexico\/wp-json\/wp\/v2\/posts"}],"about":[{"href":"https:\/\/redsemlac.com\/semmexico\/wp-json\/wp\/v2\/types\/post"}],"author":[{"embeddable":true,"href":"https:\/\/redsemlac.com\/semmexico\/wp-json\/wp\/v2\/users\/3"}],"replies":[{"embeddable":true,"href":"https:\/\/redsemlac.com\/semmexico\/wp-json\/wp\/v2\/comments?post=20470"}],"version-history":[{"count":0,"href":"https:\/\/redsemlac.com\/semmexico\/wp-json\/wp\/v2\/posts\/20470\/revisions"}],"wp:featuredmedia":[{"embeddable":true,"href":"https:\/\/redsemlac.com\/semmexico\/wp-json\/wp\/v2\/media\/20471"}],"wp:attachment":[{"href":"https:\/\/redsemlac.com\/semmexico\/wp-json\/wp\/v2\/media?parent=20470"}],"wp:term":[{"taxonomy":"category","embeddable":true,"href":"https:\/\/redsemlac.com\/semmexico\/wp-json\/wp\/v2\/categories?post=20470"},{"taxonomy":"post_tag","embeddable":true,"href":"https:\/\/redsemlac.com\/semmexico\/wp-json\/wp\/v2\/tags?post=20470"}],"curies":[{"name":"wp","href":"https:\/\/api.w.org\/{rel}","templated":true}]}}