{"id":20468,"date":"2020-05-09T22:34:40","date_gmt":"2020-05-09T22:34:40","guid":{"rendered":"https:\/\/redsemlac.com\/semmexico\/?p=20468"},"modified":"2023-07-21T16:18:44","modified_gmt":"2023-07-21T21:18:44","slug":"desde-la-mano-izquierda-2","status":"publish","type":"post","link":"https:\/\/redsemlac.com\/semmexico\/desde-la-mano-izquierda-2\/","title":{"rendered":"Desde la mano Izquierda"},"content":{"rendered":"\n<h2 class=\"wp-block-heading\">\u00bfDe qu\u00e9 tama\u00f1o es la violencia de g\u00e9nero que quiere ocultar Andr\u00e9s Manuel?<\/h2>\n\n\n\n<p class=\"wp-block-paragraph\"><strong>Claudia Almaguer<\/strong><\/p>\n\n\n\n<p class=\"wp-block-paragraph\">SemM\u00e9xico. 09 de mayo 2020.- El pasado mi\u00e9rcoles 6 de mayo\nel presidente de M\u00e9xico Andr\u00e9s Manuel L\u00f3pez Obrador habl\u00f3 acerca de la\nviolencia contra las mujeres y dio un ejemplo extraordinario e indiscutible de\nmachismo y masculinidad toxica, de no ser porque sus declaraciones minimizan la\nviolencia feminicida que se est\u00e1 produciendo en el pa\u00eds, ver\u00edamos al se\u00f1or con\nla misma fascinaci\u00f3n que tienen las cient\u00edficas al analizar el covid19.<\/p>\n\n\n\n<p class=\"wp-block-paragraph\">Y mire, pr\u00e1cticamente ning\u00fan hombre de la edad y del\ncontexto del presidente de M\u00e9xico tiene perspectiva de g\u00e9nero, pero al menos\nalgunos tienen la verg\u00fcenza de informarse s\u00ed van a abrir la boca o a tomar\ndecisiones que impliquen la integridad de las mujeres. Salir a decirle a la\nciudadan\u00eda que no hay un aumento en la violencia de g\u00e9nero y que hay mucha\nfraternidad familiar es una negaci\u00f3n de la realidad por no decir que un\nincentivo para los maltratadores porque se coincide con el mismo ideario\nmachista sobre el que justifican las agresiones que ejecutan diariamente.<\/p>\n\n\n\n<p class=\"wp-block-paragraph\">Hablemos de manera responsable \u00bfde qu\u00e9 tama\u00f1o es la\nviolencia de g\u00e9nero que quiere ocultar Andr\u00e9s Manuel? y \u00bfa quienes est\u00e1\nborrando?<\/p>\n\n\n\n<p class=\"wp-block-paragraph\">Antes de la crisis del Covid-19 la violencia contra las\nmujeres ya era un problema grave y extendido en M\u00e9xico. Los resultados de la\nEncuesta Nacional sobre la Din\u00e1mica de las Relaciones en los Hogares&nbsp; 2016 del Instituto Nacional de Estad\u00edstica y\nGeograf\u00eda indican que de los 46.5 millones de mujeres de 15 a\u00f1os y m\u00e1s que\nresiden en el pa\u00eds, 30.7 millones de ellas (66.1%) han padecido al menos un\nincidente de violencia emocional, econ\u00f3mica, f\u00edsica, sexual o discriminaci\u00f3n en\nlos espacios escolar, laboral, comunitario o familiar y que la relaci\u00f3n donde\nocurre con mayor frecuencia la violencia contra las mujeres es en la pareja,\npor consiguiente, el principal agresor es o ha sido el esposo, pareja o novio.<\/p>\n\n\n\n<p class=\"wp-block-paragraph\">Aunado a ello la ENDIREH tambi\u00e9n registr\u00f3 que de las mujeres\nque enfrentaron violencia a lo largo de su relaci\u00f3n de pareja (19.1 millones),\nen el 64.0% de los casos se trat\u00f3 de violencia severa y muy severa considerando\nlos reportes de agresiones reiteradas que atentaron contra la integridad f\u00edsica\ny emocional causando fracturas, abortos o partos prematuros, alguna enfermedad\nde transmisi\u00f3n sexual, p\u00e9rdida de capacidades motrices, pensamientos suicidas e\nintento de suicidio.<\/p>\n\n\n\n<p class=\"wp-block-paragraph\">Ese 64.0% equivale a 12.2 millones de mujeres, de las cuales\n8.2 millones ya se encontraban en situaci\u00f3n de violencia severa y 4.0 millones\nen situaci\u00f3n de violencia muy severa sobre las que la encuesta indica que su\nvida ha estado o sigue estando en riesgo inminente.<\/p>\n\n\n\n<p class=\"wp-block-paragraph\">Ya en la crisis sanitaria actual, informaci\u00f3n fidedigna al\nalcance confirma una exacerbaci\u00f3n de esta violencia. A finales de marzo la\nRelatora Especial de las Naciones Unidas sobre la violencia contra la mujer,\nsus causas y consecuencias, la Sra. Dubravka \u0160imonovi\u0107 advirti\u00f3: \u201cEs muy\nprobable que aumenten las tasas de violencia dom\u00e9stica generalizada como ya\nsugirieron los informes iniciales de la polic\u00eda y las l\u00edneas de emergencia.\nPara muchas mujeres y ni\u00f1os el hogar puede ser un lugar de miedo y abuso. Esta\nsituaci\u00f3n empeora considerablemente en casos de aislamiento como deviene de las\nmedidas impuestas durante la pandemia\u201d<\/p>\n\n\n\n<p class=\"wp-block-paragraph\">Y lo estamos viviendo as\u00ed, los datos del Secretariado\nEjecutivo del Sistema Nacional de Seguridad P\u00fablica sobre la violencia contra\nlas mujeres en M\u00e9xico indican que hasta el 31 de marzo de este a\u00f1o el 911 ha\nrecibido 67,081 llamadas por incidentes de violencia con un severo aumento en\nlos dos \u00faltimos meses y las fiscal\u00edas han iniciado 960 carpetas de\ninvestigaci\u00f3n por feminicidio y homicidio doloso de mujeres, 15,292 por\nlesiones dolosas entre otros delitos con el mismo perfil victimal.<\/p>\n\n\n\n<p class=\"wp-block-paragraph\">Precisamente, una de las preguntas m\u00e1s recurrentes ante\nestas cifras es si la convergencia de las dos pandemias tiene precedentes, es\ndecir si podemos comparar el aumento de la violencia de g\u00e9nero con momentos\npuntuales sin actividad que en otros a\u00f1os tambi\u00e9n han sido significativos como\nlos periodos vacacionales o los d\u00edas festivos y la respuesta es no.<\/p>\n\n\n\n<p class=\"wp-block-paragraph\">La experiencia que tenemos de los casos atendidos en M\u00e9xico\ndurante la pandemia del coronavirus con las mujeres v\u00edctimas es que el\nconfinamiento es un elemento completamente diferente, ya en aquellos ejemplos\nque le describo lo usual era que en determinado momento posterior a un ataque\nel agresor se saliera del domicilio, o cesara debido a la intervenci\u00f3n\npolic\u00edaca o las consecuencias f\u00edsicas comunes al uso del alcohol o de drogas\ndepresivas. Esas pausas permit\u00edan a la v\u00edctima en el mejor de los casos huir,\nbuscar apoyo, ser canalizada a las instituciones y ahora no est\u00e1 sucediendo eso\nporque en donde se puede la medida de aislamiento acelera las din\u00e1micas de\nviolencia hasta poner en riesgo la vida.<\/p>\n\n\n\n<p class=\"wp-block-paragraph\">Y es que no se trata solamente de poner cifras o de hablar\nde las v\u00edctimas sin haberlas visto nunca, como una causa hueca sobre la que\nhabi\u00e9ndose quejado un poco conviene perpetuar, hoy por hoy las funcionarias\nresponsables de la pol\u00edtica de g\u00e9nero que puso Andr\u00e9s Manuel saben que obra\nmal, que lo que dice es grav\u00edsimo y se callan, permiten que los recursos\ndestinados a proteger a las mujeres parezcan una limosna y no un derecho ganado\na trav\u00e9s de luchas que no les costaron. \u00bfA qui\u00e9n le importa que la violencia\nimpida construir ciudadan\u00eda y empoderamiento? Si como anillo al dedo les cae\nque est\u00e9n precarizadas y sumisas.<\/p>\n\n\n\n<p class=\"wp-block-paragraph\">Fuera de esa realidad querida lectora, lector, las mujeres\nv\u00edctimas de violencia nos est\u00e1n preguntando de qu\u00e9 van a vivir si dejan a su\nagresor porque son las primeras que est\u00e1n perdiendo el trabajo o quien las va a\nasegurar porque ya est\u00e1n enfermas. Sume el hacinamiento de los hogares donde la\nsana distancia es una mala broma, o el uso de drogas como el cristal que\naumentan el riesgo en cuesti\u00f3n de horas, considere los muchos hijos, el poco\ndinero y la total ausencia institucional, ah\u00ed donde no va la polic\u00eda, no recibe\nel Ministerio P\u00fablico, ni el hospital y a\u00f1ada la distancia de las mujeres\nrurales, las que viven con discapacidad, las que son ind\u00edgenas.<\/p>\n\n\n\n<p class=\"wp-block-paragraph\">A lo mejor con esto, con nuestro pan de cada d\u00eda se podr\u00e1\ndar cuenta el tama\u00f1o de lo que se&nbsp; quiere\nocultar y la rabia que causa el dolo y la ineptitud para abordar el problema.\nUna advertencia cabe, a como siga este debilitamiento institucional, este\nlimosneo miserable para proteger a las mujeres, lo que no se atienda como\nviolencia a su debido tiempo se recibir\u00e1 como feminicidio y ya sabremos quienes\nser\u00e1n los responsables. A m\u00e1s ver.<\/p>\n\n\n\n<p class=\"wp-block-paragraph\">Twitter: @Almagzur<\/p>\n","protected":false},"excerpt":{"rendered":"<p>\u00bfDe qu\u00e9 tama\u00f1o es la violencia de g\u00e9nero que quiere ocultar Andr\u00e9s Manuel?<\/p>\n","protected":false},"author":3,"featured_media":14791,"comment_status":"open","ping_status":"open","sticky":false,"template":"","format":"standard","meta":{"_monsterinsights_skip_tracking":false,"footnotes":""},"categories":[691,131,110],"tags":[],"class_list":["post-20468","post","type-post","status-publish","format-standard","has-post-thumbnail","category-691","category-claudia-almaguer","category-la-opinion-columnas"],"_links":{"self":[{"href":"https:\/\/redsemlac.com\/semmexico\/wp-json\/wp\/v2\/posts\/20468","targetHints":{"allow":["GET"]}}],"collection":[{"href":"https:\/\/redsemlac.com\/semmexico\/wp-json\/wp\/v2\/posts"}],"about":[{"href":"https:\/\/redsemlac.com\/semmexico\/wp-json\/wp\/v2\/types\/post"}],"author":[{"embeddable":true,"href":"https:\/\/redsemlac.com\/semmexico\/wp-json\/wp\/v2\/users\/3"}],"replies":[{"embeddable":true,"href":"https:\/\/redsemlac.com\/semmexico\/wp-json\/wp\/v2\/comments?post=20468"}],"version-history":[{"count":0,"href":"https:\/\/redsemlac.com\/semmexico\/wp-json\/wp\/v2\/posts\/20468\/revisions"}],"wp:featuredmedia":[{"embeddable":true,"href":"https:\/\/redsemlac.com\/semmexico\/wp-json\/wp\/v2\/media\/14791"}],"wp:attachment":[{"href":"https:\/\/redsemlac.com\/semmexico\/wp-json\/wp\/v2\/media?parent=20468"}],"wp:term":[{"taxonomy":"category","embeddable":true,"href":"https:\/\/redsemlac.com\/semmexico\/wp-json\/wp\/v2\/categories?post=20468"},{"taxonomy":"post_tag","embeddable":true,"href":"https:\/\/redsemlac.com\/semmexico\/wp-json\/wp\/v2\/tags?post=20468"}],"curies":[{"name":"wp","href":"https:\/\/api.w.org\/{rel}","templated":true}]}}