{"id":20464,"date":"2020-05-09T22:21:30","date_gmt":"2020-05-09T22:21:30","guid":{"rendered":"https:\/\/redsemlac.com\/semmexico\/?p=20464"},"modified":"2023-07-21T16:18:45","modified_gmt":"2023-07-21T21:18:45","slug":"amlo-le-debe-una-disculpa-a-victimas-de-violencia-no-entiende-en-que-pais-esta-lagarde","status":"publish","type":"post","link":"https:\/\/redsemlac.com\/semmexico\/amlo-le-debe-una-disculpa-a-victimas-de-violencia-no-entiende-en-que-pais-esta-lagarde\/","title":{"rendered":"AMLO le debe una disculpa a v\u00edctimas de violencia; no entiende en qu\u00e9 pa\u00eds est\u00e1: Lagarde"},"content":{"rendered":"\n<ul class=\"wp-block-list\"><li><strong>Al negar\naumento de violencia de g\u00e9nero por confinamiento, L\u00f3pez Obrador descalifica\ndenuncias de mujeres <\/strong><\/li><\/ul>\n\n\n\n<p class=\"wp-block-paragraph\"><strong>Karina Arriaga M.\/Olivia\nNoticias<\/strong><\/p>\n\n\n\n<p class=\"wp-block-paragraph\">SemM\u00e9xico\/Olivia Noticias. Ciudad de M\u00e9xico.- El Presidente\nAndr\u00e9s Manuel L\u00f3pez Obrador debe ofrecer una disculpa a las v\u00edctimas de\nviolencia de g\u00e9nero en situaci\u00f3n de confinamiento, tras haber negado que no hay\nun incremento de casos, sostuvo Mar\u00eda Marcela Lagarde y de los R\u00edos, destacada\nfeminista, investigadora y exdiputada federal.<\/p>\n\n\n\n<p class=\"wp-block-paragraph\">Entrevistada por Oliva Noticias, indic\u00f3 que existe una\nmolestia profunda contra el Ejecutivo Nacional, quien prefiri\u00f3 decir que la\nfamilia mexicana es una \u201cunidad fraterna\u201d y olvid\u00f3 lo que han denunciado\norganismos internacionales y redes feministas sobre el aumento de casos de\nviolencia de g\u00e9nero ante los diversos factores propiciados por el\nconfinamiento, tales como el abuso de poder y la falta de equilibrio entre las\nrelaciones familiares y sociales.<\/p>\n\n\n\n<p class=\"wp-block-paragraph\">Lo dicho por L\u00f3pez Obrador, precis\u00f3, tambi\u00e9n descalifica los\npasos importantes dados por mujeres para denunciar todos los tipos de violencia\nque se ejercen sobre ellas.<\/p>\n\n\n\n<p class=\"wp-block-paragraph\">Manifest\u00f3 que adem\u00e1s de vivir la pandemia del coronavirus en\nM\u00e9xico, hay una pandemia de violencia contra mujeres y ni\u00f1as en el pa\u00eds, desde\nhace muchos a\u00f1os.&nbsp; <\/p>\n\n\n\n<p class=\"wp-block-paragraph\">&nbsp;\u201cEl Presidente no\nescucha, no aprende, no entiende en qu\u00e9 pa\u00eds est\u00e1. El confinamiento coloca a\nlas mujeres en situaci\u00f3n de mayor vulnerabilidad, de mayor fragilidad frente a\nagresores dom\u00e9sticos\u201d, se\u00f1al\u00f3.<\/p>\n\n\n\n<p class=\"wp-block-paragraph\">Puntualiz\u00f3 que lo peor que se puede hacer es negar el\nproblema, dado que as\u00ed AMLO no ayuda a garantizar los derechos humanos de\nmujeres y ni\u00f1as, pues a trav\u00e9s de sus interpretaciones de la vida social tiene\nuna alt\u00edsima incidencia en la opini\u00f3n de muchos mexicanos.<\/p>\n\n\n\n<p class=\"wp-block-paragraph\">Por otra parte, indic\u00f3 que hay una gran dificultad para\ncontabilizar a las v\u00edctimas de violencia de g\u00e9nero, debido a que a\u00fan muchas\nv\u00edctimas desconocen el derecho de denunciar este delito, adem\u00e1s de que hay\ndesconfianza hacia las instituciones.<\/p>\n\n\n\n<p class=\"wp-block-paragraph\">Afirm\u00f3 que se desconoce cu\u00e1l es la tasa de feminicidios en\nel pa\u00eds, al no existir un banco nacional de datos suficiente.<\/p>\n\n\n\n<p class=\"wp-block-paragraph\">&nbsp;\u201cEs una ignorancia\nque quiero denunciar. Los gobiernos municipales, estatales y el federal tienen\nla obligaci\u00f3n de prevenir, atender y sancionar la violencia contra las mujeres\ny ni\u00f1as\u201d.<\/p>\n","protected":false},"excerpt":{"rendered":"<p>Al negar aumento de violencia de g\u00e9nero por confinamiento, L\u00f3pez Obrador descalifica denuncias de mujeres <\/p>\n","protected":false},"author":3,"featured_media":20465,"comment_status":"open","ping_status":"open","sticky":false,"template":"","format":"standard","meta":{"_monsterinsights_skip_tracking":false,"footnotes":""},"categories":[691,54],"tags":[],"class_list":["post-20464","post","type-post","status-publish","format-standard","has-post-thumbnail","category-691","category-mujeres"],"_links":{"self":[{"href":"https:\/\/redsemlac.com\/semmexico\/wp-json\/wp\/v2\/posts\/20464","targetHints":{"allow":["GET"]}}],"collection":[{"href":"https:\/\/redsemlac.com\/semmexico\/wp-json\/wp\/v2\/posts"}],"about":[{"href":"https:\/\/redsemlac.com\/semmexico\/wp-json\/wp\/v2\/types\/post"}],"author":[{"embeddable":true,"href":"https:\/\/redsemlac.com\/semmexico\/wp-json\/wp\/v2\/users\/3"}],"replies":[{"embeddable":true,"href":"https:\/\/redsemlac.com\/semmexico\/wp-json\/wp\/v2\/comments?post=20464"}],"version-history":[{"count":0,"href":"https:\/\/redsemlac.com\/semmexico\/wp-json\/wp\/v2\/posts\/20464\/revisions"}],"wp:featuredmedia":[{"embeddable":true,"href":"https:\/\/redsemlac.com\/semmexico\/wp-json\/wp\/v2\/media\/20465"}],"wp:attachment":[{"href":"https:\/\/redsemlac.com\/semmexico\/wp-json\/wp\/v2\/media?parent=20464"}],"wp:term":[{"taxonomy":"category","embeddable":true,"href":"https:\/\/redsemlac.com\/semmexico\/wp-json\/wp\/v2\/categories?post=20464"},{"taxonomy":"post_tag","embeddable":true,"href":"https:\/\/redsemlac.com\/semmexico\/wp-json\/wp\/v2\/tags?post=20464"}],"curies":[{"name":"wp","href":"https:\/\/api.w.org\/{rel}","templated":true}]}}