{"id":20447,"date":"2020-05-09T21:31:45","date_gmt":"2020-05-09T21:31:45","guid":{"rendered":"https:\/\/redsemlac.com\/semmexico\/?p=20447"},"modified":"2023-07-21T16:18:45","modified_gmt":"2023-07-21T21:18:45","slug":"violencia-contra-mujeres-ninas-ninos-y-adolescentes-ha-aumentado-30-lorena-villavicencio","status":"publish","type":"post","link":"https:\/\/redsemlac.com\/semmexico\/violencia-contra-mujeres-ninas-ninos-y-adolescentes-ha-aumentado-30-lorena-villavicencio\/","title":{"rendered":"Violencia contra mujeres, ni\u00f1as, ni\u00f1os y adolescentes ha aumentado 30%: Lorena Villavicencio"},"content":{"rendered":"\n<ul class=\"wp-block-list\"><li><strong>Es\nimportante impulsar que se decrete la alerta de g\u00e9nero en el \u00e1mbito nacional.<\/strong><\/li><li><strong>&nbsp;Es la violencia mis\u00f3gina y feminicida la que\nnos est\u00e1 reduciendo o anulando nuestros derechos humanos, afirma.<\/strong><\/li><\/ul>\n\n\n\n<p class=\"wp-block-paragraph\"><strong>Redacci\u00f3n<\/strong><\/p>\n\n\n\n<p class=\"wp-block-paragraph\">SemM\u00e9xico\/Billie Parker Noticias. Ciudad de M\u00e9xico. 09 mayo\n2020.- La coordinadora de la Subcomisi\u00f3n de Feminicidios de la Comisi\u00f3n de\nJusticia, diputada Lorena Villavicencio Ayala (Morena), se\u00f1al\u00f3 que la violencia\ncontra las mujeres, ni\u00f1as, ni\u00f1os y adolescentes se ha incrementado en casi un\n30 por ciento en todo el pa\u00eds; estim\u00f3 importante impulsar \u2013sociedad civil,\nlegisladoras y autoridades- que se decrete la alerta de g\u00e9nero en el \u00e1mbito\nnacional.<\/p>\n\n\n\n<p class=\"wp-block-paragraph\">Durante su participaci\u00f3n en el foro virtual \u201cPresentaci\u00f3n de\nla iniciativa legislativa: Alerta Violeta\u201d, subray\u00f3 que si se establece una\nalerta de g\u00e9nero nacional donde se definan claramente las responsabilidades de\nlos estados y municipios, \u201cpodr\u00edamos empezar a hacer una gran campa\u00f1a que\nobligue a los secretarios de Educaci\u00f3n P\u00fablica a generar nuevos contenidos para\nque de esta manera vayamos a la construcci\u00f3n de una cultura igualitaria que\ntanta falta le hace a este pa\u00eds\u201d.<\/p>\n\n\n\n<p class=\"wp-block-paragraph\">La diputada se\u00f1al\u00f3 que en este acto se presenta una\npropuesta para reformar dos art\u00edculos de la Constituci\u00f3n Pol\u00edtica de la Ciudad\nde M\u00e9xico, con el objetivo de que se reconozca el derecho a una vida libre de\nviolencia y se establezca un Sistema de Atenci\u00f3n Integral para las diversas\nviolencias que padecen las mujeres.<\/p>\n\n\n\n<p class=\"wp-block-paragraph\">Consider\u00f3 que el reconocimiento del derecho a una vida libre\nde violencia tambi\u00e9n deber\u00eda estar contenido en la Constituci\u00f3n Pol\u00edtica.\nAdem\u00e1s, establecer un sistema integral multidisciplinario e interinstitucional\nque garantice la prevenci\u00f3n, detecci\u00f3n, atenci\u00f3n, investigaci\u00f3n, sanci\u00f3n y\nerradicaci\u00f3n de la violencia.<\/p>\n\n\n\n<p class=\"wp-block-paragraph\">Estim\u00f3 que todas las constituciones locales y federal deben\ngarantizar la dignidad, la integridad, el bienestar, la autonom\u00eda, \u201cel derecho\na decidir sobre nuestros cuerpos y vidas, los derechos humanos en general y las\nlibertades\u201d.<\/p>\n\n\n\n<p class=\"wp-block-paragraph\">&nbsp;\u201cLamentablemente\nestos derechos inherentes a nuestra condici\u00f3n humana, nuestra condici\u00f3n de\nmujer, muchos de ellos que ya est\u00e1n reconocidos en las constituciones, quedan\ntotalmente anulados por la violencia que estamos viviendo\u201d, agreg\u00f3.<\/p>\n\n\n\n<p class=\"wp-block-paragraph\">Sostuvo que \u201ces la violencia mis\u00f3gina y feminicida la que\nnos est\u00e1 reduciendo o anulando nuestros derechos humanos al vernos como\ndependientes, al seguir sufriendo el sometimiento y donde hay hombres que nos\nsiguen viendo como un objeto de apropiaci\u00f3n\u201d.<\/p>\n\n\n\n<p class=\"wp-block-paragraph\">Resalt\u00f3 que esta agresi\u00f3n se incrementa con la violencia\ninstitucional que desestima las denuncias porque se ha normalizado la violencia\ny las desigualdades entre hombres y mujeres.<\/p>\n\n\n\n<p class=\"wp-block-paragraph\">En el foro realizado por la organizaci\u00f3n civil Las\nConstituyentes CdMx Feministas, la legisladora asegur\u00f3 que hoy las mujeres que\nest\u00e1n confinadas en sus hogares tienen muchas dificultades para hacer las\ndenuncias por el riesgo que implica salir e incluso presentarla a trav\u00e9s de\nalg\u00fan medio electr\u00f3nico, pues tambi\u00e9n se convierte en un problema importante\nporque est\u00e1 en plena convivencia con el agresor.<\/p>\n\n\n\n<p class=\"wp-block-paragraph\">&nbsp;\u201cEs importante\nse\u00f1alar que esta pandemia no s\u00f3lo ha desnudado las deficiencias de nuestro\nsistema sanitario, sino tambi\u00e9n esa cultura mis\u00f3gina letal contra las mujeres\u201d,\nindic\u00f3.<\/p>\n\n\n\n<p class=\"wp-block-paragraph\">Villavicencio Ayala consider\u00f3 que se debe promover una\nreuni\u00f3n con la Secretar\u00eda de Educaci\u00f3n P\u00fablica para que informe qu\u00e9 se hace\npara dar cumplimiento al art\u00edculo 3 de la Constituci\u00f3n que establece que los\nprogramas educativos deben incluir los temas de derechos humanos, igualdad\nsustantiva, y educaci\u00f3n sexual, porque esto podr\u00eda favorecer la autonom\u00eda de\nlas mujeres desde la ni\u00f1ez.<\/p>\n\n\n\n<p class=\"wp-block-paragraph\">Estim\u00f3 que \u201cno puede ser que el agresor se mantenga en su\ncasa manteniendo sus privilegios, cuando deber\u00edamos darles las garant\u00edas a las\nmujeres y sus hijos para que ellas sean las que se mantengan en casa y que el\nagresor tenga que ir a alg\u00fan lugar\u201d. Se\u00f1al\u00f3 que es importante conocer el\nseguimiento que se le da a las llamadas de emergencia en el 911.<\/p>\n","protected":false},"excerpt":{"rendered":"<p>Es importante impulsar que se decrete la alerta de g\u00e9nero en el \u00e1mbito nacional.<\/p>\n","protected":false},"author":3,"featured_media":20448,"comment_status":"open","ping_status":"open","sticky":false,"template":"","format":"standard","meta":{"_monsterinsights_skip_tracking":false,"footnotes":""},"categories":[691,50],"tags":[],"class_list":["post-20447","post","type-post","status-publish","format-standard","has-post-thumbnail","category-691","category-congreso"],"_links":{"self":[{"href":"https:\/\/redsemlac.com\/semmexico\/wp-json\/wp\/v2\/posts\/20447","targetHints":{"allow":["GET"]}}],"collection":[{"href":"https:\/\/redsemlac.com\/semmexico\/wp-json\/wp\/v2\/posts"}],"about":[{"href":"https:\/\/redsemlac.com\/semmexico\/wp-json\/wp\/v2\/types\/post"}],"author":[{"embeddable":true,"href":"https:\/\/redsemlac.com\/semmexico\/wp-json\/wp\/v2\/users\/3"}],"replies":[{"embeddable":true,"href":"https:\/\/redsemlac.com\/semmexico\/wp-json\/wp\/v2\/comments?post=20447"}],"version-history":[{"count":0,"href":"https:\/\/redsemlac.com\/semmexico\/wp-json\/wp\/v2\/posts\/20447\/revisions"}],"wp:featuredmedia":[{"embeddable":true,"href":"https:\/\/redsemlac.com\/semmexico\/wp-json\/wp\/v2\/media\/20448"}],"wp:attachment":[{"href":"https:\/\/redsemlac.com\/semmexico\/wp-json\/wp\/v2\/media?parent=20447"}],"wp:term":[{"taxonomy":"category","embeddable":true,"href":"https:\/\/redsemlac.com\/semmexico\/wp-json\/wp\/v2\/categories?post=20447"},{"taxonomy":"post_tag","embeddable":true,"href":"https:\/\/redsemlac.com\/semmexico\/wp-json\/wp\/v2\/tags?post=20447"}],"curies":[{"name":"wp","href":"https:\/\/api.w.org\/{rel}","templated":true}]}}