{"id":20444,"date":"2020-05-09T21:28:31","date_gmt":"2020-05-09T21:28:31","guid":{"rendered":"https:\/\/redsemlac.com\/semmexico\/?p=20444"},"modified":"2023-07-21T16:18:45","modified_gmt":"2023-07-21T21:18:45","slug":"veracruz-56","status":"publish","type":"post","link":"https:\/\/redsemlac.com\/semmexico\/veracruz-56\/","title":{"rendered":"Alcaldesa de Veracruz denuncia a s\u00edndico por amenazas de muerte"},"content":{"rendered":"\n<ul class=\"wp-block-list\"><li><strong>Solicita\nal gobierno de Veracruz medidas precautorias y su intervenci\u00f3n.<\/strong><\/li><\/ul>\n\n\n\n<p class=\"wp-block-paragraph\"><strong>Redacci\u00f3n<\/strong><\/p>\n\n\n\n<p class=\"wp-block-paragraph\">SemM\u00e9xico\/Billie Parker Noticias. Xalapa, Veracruz. 09 mayo\n2020.- El s\u00edndico de Ixhuatl\u00e1n del Caf\u00e9, Amador Altamirano Gallardo (PAN), fue\ndenunciado por la alcaldesa Viridiana Bret\u00f3n Feito, por acoso y amenazas de\nmuerte para que abandone el cargo, lo que configura violencia pol\u00edtica de\ng\u00e9nero.<\/p>\n\n\n\n<p class=\"wp-block-paragraph\">La acusaci\u00f3n fue interpuesta ante la Fiscal\u00eda Especializada\nen Combate a la Corrupci\u00f3n del estado de Veracruz, bajo el expediente\nUIPJ\/1DXIV\/10\u00b0\/543\/2020.<\/p>\n\n\n\n<p class=\"wp-block-paragraph\">Bret\u00f3n Feito expone que teme por su vida, pues el s\u00edndico le\nha enviado varias amenazas por terceras personas para que deje el cargo, y \u00e9l\npueda \u201csubir\u201d a la Presidencia.<\/p>\n\n\n\n<p class=\"wp-block-paragraph\">&nbsp;\u201cQue si no renuncio\nal puesto va a buscar la forma de desaforarme, y si no lo hago me va a\ndesaparecer para quitarme de en medio\u201d, se\u00f1al\u00f3 la Presidenta Municipal.<\/p>\n\n\n\n<p class=\"wp-block-paragraph\">La mun\u00edcipe abunda que interpuso la denuncia porque no\nquiere ser asesinada, tal como ocurri\u00f3 con Maricela Vallejo, su vecina de\nMixtla de Altamirano, asesinada por su s\u00edndico.<\/p>\n\n\n\n<p class=\"wp-block-paragraph\">Responsabiliz\u00f3 al s\u00edndico de lo que pudiera ocurrirle a ella\no sus seres queridos y solicita de manera p\u00fablica al gobierno de Veracruz que\nintervenga, \u201cantes de que la sangre llegue al r\u00edo\u201d.<\/p>\n\n\n\n<p class=\"wp-block-paragraph\">El s\u00edndico, explica, quiere subir al cargo porque tiene\nmuchas deudas de la campa\u00f1a pasada, en donde \u00e9l mismo ha reconocido que tiene\ndeudas que saldar.<\/p>\n\n\n\n<p class=\"wp-block-paragraph\">La edil aclara en su denuncia que el s\u00edndico nunca le dio\ndinero para la contienda electoral y reitera que teme por su vida y\/o la de sus\nfamiliares.<\/p>\n\n\n\n<p class=\"wp-block-paragraph\">En los primeros d\u00edas de marzo denunci\u00f3 una campa\u00f1a de\ndesprestigio a trav\u00e9s de noticias medi\u00e1ticas y dijo que fue \u201csin sustento\u201d y\npor golpeteo pol\u00edtico.<\/p>\n\n\n\n<p class=\"wp-block-paragraph\">La alcaldesa de Ixhuatl\u00e1n del Caf\u00e9, Viridiana Bret\u00f3n Feito,\nen febrero se\u00f1alada por un empleado de una gasolinera quien supuestamente fue\nv\u00edctima de abuso de poder por parte de la mun\u00edcipe y todo indica estaba en contubernio\ncon sus detractores,<\/p>\n\n\n\n<p class=\"wp-block-paragraph\">&nbsp;\u201cAs\u00ed es\ndesgraciadamente a veces la pol\u00edtica, lo medi\u00e1tico y todo, depende de qui\u00e9n lo\npublique, no puedo dedicarme a defenderme de algo que no ocurri\u00f3, no s\u00e9 el\ntrasfondo pero s\u00ed me imagino de qui\u00e9n viene\u201d, se\u00f1al\u00f3 a la prensa local en ese\nentonces.<\/p>\n\n\n\n<p class=\"wp-block-paragraph\">Viridiana Bret\u00f3n, es pedagoga y comunicadora y en 2018 lleg\u00f3\na la alcald\u00eda por la alianza PAN-PRD.<\/p>\n","protected":false},"excerpt":{"rendered":"<p>Solicita al gobierno de Veracruz medidas precautorias y su intervenci\u00f3n.<\/p>\n","protected":false},"author":3,"featured_media":20445,"comment_status":"open","ping_status":"open","sticky":false,"template":"","format":"standard","meta":{"_monsterinsights_skip_tracking":false,"footnotes":""},"categories":[691,51],"tags":[],"class_list":["post-20444","post","type-post","status-publish","format-standard","has-post-thumbnail","category-691","category-ejecutivo"],"_links":{"self":[{"href":"https:\/\/redsemlac.com\/semmexico\/wp-json\/wp\/v2\/posts\/20444","targetHints":{"allow":["GET"]}}],"collection":[{"href":"https:\/\/redsemlac.com\/semmexico\/wp-json\/wp\/v2\/posts"}],"about":[{"href":"https:\/\/redsemlac.com\/semmexico\/wp-json\/wp\/v2\/types\/post"}],"author":[{"embeddable":true,"href":"https:\/\/redsemlac.com\/semmexico\/wp-json\/wp\/v2\/users\/3"}],"replies":[{"embeddable":true,"href":"https:\/\/redsemlac.com\/semmexico\/wp-json\/wp\/v2\/comments?post=20444"}],"version-history":[{"count":0,"href":"https:\/\/redsemlac.com\/semmexico\/wp-json\/wp\/v2\/posts\/20444\/revisions"}],"wp:featuredmedia":[{"embeddable":true,"href":"https:\/\/redsemlac.com\/semmexico\/wp-json\/wp\/v2\/media\/20445"}],"wp:attachment":[{"href":"https:\/\/redsemlac.com\/semmexico\/wp-json\/wp\/v2\/media?parent=20444"}],"wp:term":[{"taxonomy":"category","embeddable":true,"href":"https:\/\/redsemlac.com\/semmexico\/wp-json\/wp\/v2\/categories?post=20444"},{"taxonomy":"post_tag","embeddable":true,"href":"https:\/\/redsemlac.com\/semmexico\/wp-json\/wp\/v2\/tags?post=20444"}],"curies":[{"name":"wp","href":"https:\/\/api.w.org\/{rel}","templated":true}]}}