{"id":20441,"date":"2020-05-09T21:25:21","date_gmt":"2020-05-09T21:25:21","guid":{"rendered":"https:\/\/redsemlac.com\/semmexico\/?p=20441"},"modified":"2023-07-21T16:18:45","modified_gmt":"2023-07-21T21:18:45","slug":"veracruz-55","status":"publish","type":"post","link":"https:\/\/redsemlac.com\/semmexico\/veracruz-55\/","title":{"rendered":"ONU Mujeres sin llegar a Veracruz con sus programas de apoyo"},"content":{"rendered":"\n<ul class=\"wp-block-list\"><li><strong>Desde el\n2018 no hay un convenio del estado con la Entidad de la ONU para la Igualdad de\nG\u00e9nero y el Empoderamiento de la Mujer.<\/strong><\/li><\/ul>\n\n\n\n<p class=\"wp-block-paragraph\"><strong>Redacci\u00f3n<\/strong><\/p>\n\n\n\n<p class=\"wp-block-paragraph\">SemM\u00e9xico\/Billie Parker Noticias. Veracruz, Veracruz. &nbsp;09 de mayo 2020.- En su nuevo programa\ndenominado Voces de cambio: Una Segunda Oportunidad, ONU Mujeres nuevamente\nexcluye a Veracruz, siendo el lugar m\u00e1s desigual y letal de M\u00e9xico para las\nmujeres.<\/p>\n\n\n\n<p class=\"wp-block-paragraph\">ONU Mujeres solo se ha dirigido a Veracruz para realizar\nexhortos, llamamientos como ha sido el del lunes, 9 de julio de 2018 cuando\nONU-DH, ONU Mujeres y UNFPA llamaron al estado de Veracruz a cumplir con\nsentencia que protege los derechos de las mujeres; El viernes, 29 de julio de 2016\nONU Mujeres, ONU-DH y UNFPA rechazaron la reforma regresiva para los derechos\nde las mujeres en Veracruz.<\/p>\n\n\n\n<p class=\"wp-block-paragraph\">Asimismo el jueves, 11 de febrero de 2016, ONU-DH y ONU\nMujeres condenaron el asesinato de la periodista veracruzana Anabel Flores y la\nacci\u00f3n m\u00e1s reciente fue el martes, 31 de marzo de 2020 cuando ONU-Mujeres y\nONU-DH condenaron el asesinato de la periodista veracruzana Mar\u00eda Elena Ferral\nMart\u00ednez.<\/p>\n\n\n\n<p class=\"wp-block-paragraph\">Con fecha del 2017 se activ\u00f3 un convenio con la entidad\ndestinada a fomentar el empoderamiento de la mujer y la igualdad de g\u00e9nero,\nsobre la Participaci\u00f3n pol\u00edtica electoral de las mujeres en las 32 entidades\nfederativas.<\/p>\n\n\n\n<p class=\"wp-block-paragraph\">&nbsp;\u201cComo resultado del\nConvenio de colaboraci\u00f3n entre el Tribunal Electoral del Poder Judicial de la\nFederaci\u00f3n (TEPJF) y ONU Mujeres, en noviembre de 2017 se elaboraron 32 fichas\nt\u00e9cnicas con la finalidad de aportar elementos b\u00e1sicos para: a) describir la\nsituaci\u00f3n que guarda en t\u00e9rminos num\u00e9ricos la participaci\u00f3n pol\u00edtica de las\nmujeres en la entidad federativa (gubernatura, congreso local, presidencias\nmunicipales) etc.\u201d y a partir de ello no hay v\u00ednculo.<\/p>\n\n\n\n<p class=\"wp-block-paragraph\">El distanciamiento con Veracruz es responsabilidad de\nquienes gestionan programas para y en apoyo de las mujeres en Veracruz, por lo\nque resulta ilustrativo que la entidad veracruzana est\u00e1n al margen de los\nprogramas de esta importante instancia de apoyo internacional.<\/p>\n\n\n\n<p class=\"wp-block-paragraph\">Colectivos de mujeres veracruzanas responsabilizan a la\nfalta de interlocuci\u00f3n, al desconocimiento a la ausencia de voluntad pol\u00edtica\npara apoyar y mejorar la vida de una entidad donde la desigualdad, la\nviolentaci\u00f3n de sus derechos elementales, como lo es la vida, y el asesinato de\nmujeres periodistas, entre otras violencias que hacen de la entidad uno de los\nm\u00e1s peligrosos lugares para vivir para ellas.<\/p>\n\n\n\n<p class=\"wp-block-paragraph\">En Veracruz viven 4 millones 203 365 mujeres. Veracruz de\nIgnacio de la Llave ocupa el lugar 3 a nivel nacional por su n\u00famero de\nhabitantes. De acuerdo al documento de \u201clas mujeres en Veracruz de Ignacio de\nla Llave\u201d de Unifem y de Inegi se establece claramente el grado de desigualdad\nde g\u00e9nero.<\/p>\n\n\n\n<p class=\"wp-block-paragraph\">La discriminaci\u00f3n contra las mujeres asume distintas formas\nasociadas con la dignidad e igualdad. Las mujeres son tratadas por el Estado y\nla sociedad en conjunto, de manera francamente desigual, sobre la base de una\ndiscriminaci\u00f3n hist\u00f3rica. De acuerdo con el Informe de Desarrollo Humano, en\nninguna entidad federativa del pa\u00eds se observa igualdad de trato y\noportunidades entre hombres y mujeres.<\/p>\n\n\n\n<p class=\"wp-block-paragraph\">El \u00cdndice de Desarrollo relativo al G\u00e9nero (IDG) en el\nestado de Veracruz implica una merma en desarrollo humano que ha sido calculada\nen alrededor de 1.85% debida a la desigualdad entre hombres y mujeres3. Estas\ncifras destacan que las mujeres en Veracruz tienen un trato asim\u00e9trico que\nredunda en la restricci\u00f3n de sus libertades y en el ejercicio de sus derechos:\nas\u00ed, por ejemplo, la tasa de alfabetizaci\u00f3n es de 83.72% para las mujeres y de\n89.94% para los hombres; la tasa de matriculaci\u00f3n (de primaria a licenciatura)\nes para las mujeres de 64.73% y para hombres es de 66.48%.<\/p>\n\n\n\n<p class=\"wp-block-paragraph\">Pero la brecha m\u00e1s importante en uno de los componentes del\n\u00edndice se aprecia en la brecha de ingresos provenientes del trabajo: las\nmujeres ganan, en promedio, 3 172 d\u00f3lares PCC4, mientras que los hombres 7, 733\nlo que significa que ellas ganan alrededor del 41% de lo que ganan los hombres.<\/p>\n\n\n\n<p class=\"wp-block-paragraph\">En conjunto, estos indicadores sintetizados en el \u00cdndice de\nDesarrollo relativo al G\u00e9nero (IDG) colocan a la entidad en el lugar n\u00famero 28\nen relaci\u00f3n al conjunto de entidades del pa\u00eds, ligeramente arriba de Guerrero,\nOaxaca y Chiapas.<\/p>\n\n\n\n<p class=\"wp-block-paragraph\"><strong>ONU Mujeres segunda\noportunidad<\/strong><\/p>\n\n\n\n<p class=\"wp-block-paragraph\">ONU Mujeres M\u00e9xico asegura que en M\u00e9xico y en el mundo se\nhan realizado esfuerzos para alcanzar la igualdad de g\u00e9nero; sin embargo, las\nmujeres siguen teniendo menor participaci\u00f3n en la vida p\u00fablica en comparaci\u00f3n\ncon los hombres, hay menos mujeres en puestos de liderazgo y tienen menos\noportunidades en el mercado laboral.<\/p>\n\n\n\n<p class=\"wp-block-paragraph\">Esto, dice, se debe a la falta de oportunidades para las\nmujeres y diferentes factores como: leyes y pr\u00e1cticas discriminatorias,\nestereotipos de g\u00e9nero, desigualdad en el acceso a la educaci\u00f3n, violencia\ncontra las mujeres y las ni\u00f1as, matrimonios de ni\u00f1as y adolescentes, falta de\ningresos propios o control sobre los mismos, entre otros.<\/p>\n\n\n\n<p class=\"wp-block-paragraph\">Por eso anuncia el programa \u201cSegunda Oportunidad\u201d, para\ncumplir con la Agenda 2030 e impactar en los Objetivos del Desarrollo\nSostenible, particularmente los ODS n\u00famero 4 sobre garantizar una educaci\u00f3n\ninclusiva y de calidad, 5 sobre lograr la igualdad de g\u00e9nero y el\nempoderamiento de las mujeres, y para promover el empleo pleno y el trabajo\ndecente.<\/p>\n\n\n\n<p class=\"wp-block-paragraph\">&nbsp;\u201cEn M\u00e9xico se busca\nllegar por lo menos 5,000 mujeres directamente, as\u00ed como a 35 mil beneficiarias\ny beneficiarios indirectos en tres estados Puebla, Estado de M\u00e9xico y Jalisco.\nSe enfoca en mujeres j\u00f3venes que abandonaron su educaci\u00f3n por necesidad y que\nest\u00e1n interesadas en capacitarse y comenzar un emprendimiento o insertarse al\nmercado laboral\u201d sostiene ONU Mujeres.<\/p>\n\n\n\n<p class=\"wp-block-paragraph\">El programa \u201cSegunda Oportunidad\u201d de ONU Mujeres se trata de\nuna soluci\u00f3n integral para las mujeres y las j\u00f3venes que no han tenido acceso a\nla educaci\u00f3n, que est\u00e1n en riesgo de quedar en el rezago, situaci\u00f3n que est\u00e1\nimpactando de manera negativa en su obtenci\u00f3n de ingresos para su bienestar,\npor medio del acceso a m\u00e1s y mejores oportunidades econ\u00f3micas, afirman.<\/p>\n\n\n\n<p class=\"wp-block-paragraph\"><strong>Puebla<\/strong><\/p>\n\n\n\n<p class=\"wp-block-paragraph\">Informa que en la actualidad en Puebla se cuenta con 3\nCentros de Aprendizaje de ONU Mujeres, y Mar\u00eda Goretti Maldonado de 47 a\u00f1os,\noriginaria del municipio de Tehuac\u00e1n, es una de las beneficiarias del programa.<\/p>\n\n\n\n<p class=\"wp-block-paragraph\">&nbsp;\u201cActualmente estoy en\nel curso de computaci\u00f3n y con estas herramientas busco cursar la preparatoria\nen l\u00ednea. Me interes\u00f3 sobre todo el poder aprender toda la parte digital,\nsabemos que es una necesidad y hasta para poder apoyar a nuestros hijos, poder\ncuidarlos, ellos est\u00e1n todo el tiempo conectados y no sabemos qu\u00e9 hacen. El\nconocer todo esto para mi es una satisfacci\u00f3n\u201d, coment\u00f3 Mar\u00eda Goretti.<\/p>\n\n\n\n<p class=\"wp-block-paragraph\">&nbsp;\u201cEmpec\u00e9 con lo\nb\u00e1sico, lo esencial en computaci\u00f3n y esto fue una de las herramientas base para\nque nosotras nos atrevi\u00e9ramos a salir de casa y acabar la preparatoria en\nl\u00ednea. Y en mi caso, antes yo no sab\u00eda c\u00f3mo usar este tipo de plataformas y\nahora estoy lista para seguir avanzando con mis estudios\u201d, finaliz\u00f3 Mar\u00eda\nGoretti.<\/p>\n\n\n\n<p class=\"wp-block-paragraph\">Otra de las participantes en Puebla es Carmen Areli Tom\u00e1s.\n\u201cTengo 24 a\u00f1os y soy de Zinacantepec. Yo me cas\u00e9 y ya no termin\u00e9 el\nbachillerato, y el Programa de ONU Mujeres, Segunda Oportunidad ha sido un gran\napoyo para retomar mis estudios\u201d, mencion\u00f3 Carmen Areli.<\/p>\n\n\n\n<p class=\"wp-block-paragraph\">&nbsp;\u201cAl principio fue\ncomplicado, ten\u00eda miedo, mi familia me dec\u00eda que no era necesario que\nestudiara, que ten\u00eda a mi esposo y a mis hijas. Me dec\u00edan que mi esposo no me\ndar\u00eda permiso de salir todos los d\u00edas a la calle, mucho menos para salir a\nestudiar\u201d.<\/p>\n\n\n\n<p class=\"wp-block-paragraph\">&nbsp;\u201cMe preguntaba por\nqu\u00e9 no podr\u00eda hacerlo, y ahora estamos en el programa me doy cuenta de que es\nalgo que me gusta y es una oportunidad con la que voy a poder seguir\naprendiendo y con esto voy a empezar a iniciar el bachillerato y quiero que mis\ndos ni\u00f1as est\u00e9n orgullosas de mi\u201d.<\/p>\n\n\n\n<p class=\"wp-block-paragraph\">&nbsp;\u201cLa primera vez que\nfui y el equipo de ONU Mujeres nos pregunt\u00f3 si quer\u00edamos seguir estudiando, si\nquer\u00edamos ser emprendedoras, estaba muy sorprendida, vi a todas las mujeres y\nno entend\u00eda como desde ONU Mujeres podr\u00edan apoyarnos, pero ahora estoy muy feliz\nporque lo que nos dijeron, de poder seguir adelante es posible.\u201d, finaliz\u00f3\nCarmen Areli.<\/p>\n\n\n\n<p class=\"wp-block-paragraph\">Mar\u00eda Goretti Maldonado y Carmen Areli Tom\u00e1s forman parte de\nlas mujeres que actualmente acuden a los Centros de Aprendizaje en Tehuac\u00e1n y\nZinacatepec en Puebla, M\u00e9xico.<\/p>\n","protected":false},"excerpt":{"rendered":"<p>Desde el 2018 no hay un convenio del estado con la Entidad de la ONU para la Igualdad de G\u00e9nero y el Empoderamiento de la Mujer.<\/p>\n","protected":false},"author":3,"featured_media":20442,"comment_status":"open","ping_status":"open","sticky":false,"template":"","format":"standard","meta":{"_monsterinsights_skip_tracking":false,"footnotes":""},"categories":[691,51],"tags":[],"class_list":["post-20441","post","type-post","status-publish","format-standard","has-post-thumbnail","category-691","category-ejecutivo"],"_links":{"self":[{"href":"https:\/\/redsemlac.com\/semmexico\/wp-json\/wp\/v2\/posts\/20441","targetHints":{"allow":["GET"]}}],"collection":[{"href":"https:\/\/redsemlac.com\/semmexico\/wp-json\/wp\/v2\/posts"}],"about":[{"href":"https:\/\/redsemlac.com\/semmexico\/wp-json\/wp\/v2\/types\/post"}],"author":[{"embeddable":true,"href":"https:\/\/redsemlac.com\/semmexico\/wp-json\/wp\/v2\/users\/3"}],"replies":[{"embeddable":true,"href":"https:\/\/redsemlac.com\/semmexico\/wp-json\/wp\/v2\/comments?post=20441"}],"version-history":[{"count":0,"href":"https:\/\/redsemlac.com\/semmexico\/wp-json\/wp\/v2\/posts\/20441\/revisions"}],"wp:featuredmedia":[{"embeddable":true,"href":"https:\/\/redsemlac.com\/semmexico\/wp-json\/wp\/v2\/media\/20442"}],"wp:attachment":[{"href":"https:\/\/redsemlac.com\/semmexico\/wp-json\/wp\/v2\/media?parent=20441"}],"wp:term":[{"taxonomy":"category","embeddable":true,"href":"https:\/\/redsemlac.com\/semmexico\/wp-json\/wp\/v2\/categories?post=20441"},{"taxonomy":"post_tag","embeddable":true,"href":"https:\/\/redsemlac.com\/semmexico\/wp-json\/wp\/v2\/tags?post=20441"}],"curies":[{"name":"wp","href":"https:\/\/api.w.org\/{rel}","templated":true}]}}