{"id":20433,"date":"2020-05-09T20:08:15","date_gmt":"2020-05-09T20:08:15","guid":{"rendered":"https:\/\/redsemlac.com\/semmexico\/?p=20433"},"modified":"2023-07-21T16:18:45","modified_gmt":"2023-07-21T21:18:45","slug":"10-de-mayoun-dia-para-no-existir","status":"publish","type":"post","link":"https:\/\/redsemlac.com\/semmexico\/10-de-mayoun-dia-para-no-existir\/","title":{"rendered":"10 de mayo\u2026un d\u00eda para no existir"},"content":{"rendered":"\n<ul class=\"wp-block-list\"><li><strong> Tres historias distintas e iguales, la maternidad que no est\u00e1 y se queda<\/strong><\/li><\/ul>\n\n\n\n<ul class=\"wp-block-list\"><li><strong> Las madres-abuelas que dej\u00f3 el feminicidio<\/strong><\/li><\/ul>\n\n\n\n<p class=\"wp-block-paragraph\"><strong>Soledad Jarqu\u00edn Edgar<\/strong><\/p>\n\n\n\n<p class=\"wp-block-paragraph\">SemM\u00e9xico,\nCd. de M\u00e9xico, 9 de mayo, 2020.- Margarita, Magdalena y Elizabeth, dos madres y\nuna hermana en busca de justicia. Tres historias distintas e iguales. Tres\nmujeres a cargo de sus nietos, nietas, sobrinos, sobrinas, abuelas-madres\nmarcadas por la ausencia. Una maternidad que queda y no est\u00e1. Margarita no se\ninmuta, el 10 de mayo es como cualquier d\u00eda. Magdalena se quiere saltar el d\u00eda,\nla pone triste, no tiene m\u00e1s sentido en su vida, y Elizabeth piensa en su\nmadre, enferma de tristeza, que ha perdido el inter\u00e9s.<\/p>\n\n\n\n<p class=\"wp-block-paragraph\">En\nsuma, para ellas el 10 de mayo, el D\u00eda de las Madres, el significado es otro.<\/p>\n\n\n\n<p class=\"wp-block-paragraph\">Margarita\nAlan\u00eds Rosales, llora d\u00edas antes de la fecha que se aproxima, se pone triste\npensando en Campira Camorlinga, su hija asesinada en otra fecha especial, el 31\nde diciembre de 2016, por su pareja, apodado el \u201cmatanovias\u201d.<\/p>\n\n\n\n<p class=\"wp-block-paragraph\">Antes\nde ese d\u00eda, su vida era distinta, entonces dedicada a ella misma, con sus hijas\nrealizadas, con sus vidas propias. Le\u00eda y nadaba. <\/p>\n\n\n\n<p class=\"wp-block-paragraph\">Hoy, es la abuela de dos. Una ni\u00f1a peque\u00f1a que no entiende el encierro sanitario ni la ausencia de su madre o lo que sea\u2026su rebeld\u00eda es permanente, y un adolescente de 15 a\u00f1os que resuelve con dedicaci\u00f3n las cosas de la escuela. De leer y nadar, nada queda.<\/p>\n\n\n\n<figure class=\"wp-block-image size-large\"><img loading=\"lazy\" decoding=\"async\" width=\"1001\" height=\"565\" src=\"https:\/\/redsemlac.com\/semmexico\/wp-content\/uploads\/2020\/05\/campira.jpg\" alt=\"\" class=\"wp-image-20435\"\/><\/figure>\n\n\n\n<p class=\"wp-block-paragraph\">Su\ntiempo ya no es suyo. El encierro y las clases en casa, v\u00eda zoom son complejas,\nde enviar correos electr\u00f3nicos ya ni se acordaba, se adapta a las nuevas\ntecnolog\u00edas para que la peque\u00f1a de seis a\u00f1os tome sus lecciones y ella env\u00ede\nsus tareas a su maestra, mientras la peque\u00f1a a veces desganada, a veces enojada,\na veces tirada sobre la mesa toma sus clases. Margarita la observa y le pide\nque se siente bien, la ni\u00f1a responde, \u201cla <em>miss<\/em>\nno se enoja\u201d.<\/p>\n\n\n\n<p class=\"wp-block-paragraph\">La\nescuela en casa es estresante, confiesa mientras se queda de una pieza. Margarita\nAlan\u00eds parece una mujer dura a simple vista. Pero no lo es. En sus grupos de\nWhatsApp con otras madres, que como ella tambi\u00e9n son v\u00edctimas indirectas de los\nfeminicidios de sus hijas, comparte menajes alentadores, lecturas religiosas y\nde meditaci\u00f3n, porque todo ayuda.<\/p>\n\n\n\n<p class=\"wp-block-paragraph\">Hoy\nno extra\u00f1a los 10 de mayo, en realidad nunca le gustaron, aunque llora de\nrepente por Campira, est\u00e1 tranquila, en paz. Recuerda que cuando sus hijas iban\na la escuela, el 10 de mayo le signific\u00f3 m\u00e1s trabajo, pues hab\u00eda que preparar\nlos vestuarios para los festivales escolares, realizar gastos e incluso\ncomprarse su propio regalo. Y su esposo no la celebraba porque \u201cno era su mam\u00e1\u201d,\nle dec\u00eda. Ella s\u00ed, iba a festejar a su mam\u00e1.<\/p>\n\n\n\n<p class=\"wp-block-paragraph\">Alguna\nvez se sinti\u00f3 mejor, una vecina que no pod\u00eda ir al festival de la escuela de\nsus hijas le regal\u00f3 un boleto y ella fue, para su sorpresa, era un espect\u00e1culo\n\u201csolo para mujeres\u201d que le divirti\u00f3 mucho, como a todas las mam\u00e1s.<\/p>\n\n\n\n<p class=\"wp-block-paragraph\">En\nenero de 2017, llev\u00f3 a sus nietos a su casa. Un cambio de ciudad. Un giro en su\nvida. La mudanza no ha sido desempacada del todo, la vida sigui\u00f3 con prisa, se\ntransform\u00f3, asumi\u00f3 una nueva etapa y cambi\u00f3 su rutina, sus libros ni los toca.\nNo hay tiempo. Y quisiera nadar, pero no puede. Debe cuidar a la peque\u00f1a y al\nadolescente que dej\u00f3 Campira y sigue un desgastante proceso judicial por lo que\nviaja con frecuencia a la ciudad de M\u00e9xico.<\/p>\n\n\n\n<p class=\"wp-block-paragraph\">Recuerda\nque al principio la peque\u00f1a lloraba mucho, pegada a su hermano todo el tiempo.\nMargarita Alan\u00eds respir\u00f3 profundo y esper\u00f3 que las cosas cambiaran. Como\nesperando que las aguas del mar que tiene enfrente se apaciguaran\u2026Y ah\u00ed van,\npoco a poco, dice despu\u00e9s de casi cuatro a\u00f1os. En el fondo no le molesta la\nactitud retadora de la ni\u00f1a, aunque la agote hasta el cansancio, la quiere\nfuerte m\u00e1s que d\u00e9bil.<\/p>\n\n\n\n<p class=\"wp-block-paragraph\"><strong>Magdalena deja de existir<\/strong><\/p>\n\n\n\n<p class=\"wp-block-paragraph\">Magdalena\nVelarde Tepos, tiene otra visi\u00f3n. Los 10 de mayo se acabaron para ella, aunque\nsigue asistiendo a los festivales de la escuela de sus nietos.<\/p>\n\n\n\n<p class=\"wp-block-paragraph\">El\nd\u00eda de las madres deja de existir, se pone triste. <\/p>\n\n\n\n<p class=\"wp-block-paragraph\">Su\nhija Fernanda fue asesinada el 4 de enero de 2014 y tres a\u00f1os despu\u00e9s, el 28 de\nmayo de 2017, fueron asesinados sus oros dos hijos: Jos\u00e9 Alberto y Daniel,\ntodos veintea\u00f1eros. Al parecer los tres cr\u00edmenes est\u00e1n relacionados, pero no\nporque su hija \u201cfuera una loca y sus hijos estuvieran en malos pasos\u201d, como\ndice la gente, afirma ella cuya \u00fanica raz\u00f3n de existencia es la justicia y\nlimpiar sus nombres, \u201cahora por sus nietos\u201d. <\/p>\n\n\n\n<div class=\"wp-block-image\"><figure class=\"alignleft size-large is-resized\"><img loading=\"lazy\" decoding=\"async\" src=\"https:\/\/redsemlac.com\/semmexico\/wp-content\/uploads\/2020\/05\/fernanda-.jpeg\" alt=\"\" class=\"wp-image-20437\" width=\"307\" height=\"329\"\/><\/figure><\/div>\n\n\n\n<p class=\"wp-block-paragraph\">Como\nMargarita Alan\u00eds, Malena Velarde se hizo cargo de dos de sus tres nietos, una\nni\u00f1a y un ni\u00f1o. Su nueva maternidad le da miedo, le da miedo cometer un error\nque le quiten a sus nietos, le da miedo su seguridad o que la historia se\nrepita, pero, sobre todo, le da miedo no vivir lo suficiente para ver que\ncrezcan y sean personas felices. <\/p>\n\n\n\n<p class=\"wp-block-paragraph\">Su\nfamilia es desplazada. Tuvo que salir del municipio en el Estado de M\u00e9xico\ndonde viv\u00eda por amenazas, que s\u00ed se cumplieron contra sus hijos un tiempo\ndespu\u00e9s. Se refugi\u00f3 en la casa de sus familiares, que al cabo de un tiempo le\npidieron que se fuera para no poner en riesgo a toda la familia. <\/p>\n\n\n\n<p class=\"wp-block-paragraph\">Hoy\nvive en una casa muy peque\u00f1a, donde el sistema de justicia le pag\u00f3 solo tres\nmeses de renta y despu\u00e9s no quiso pagar m\u00e1s, pero el gobierno federal oblig\u00f3\nque el Estado de M\u00e9xico siguiera pagando despu\u00e9s de un tiempo.<\/p>\n\n\n\n<p class=\"wp-block-paragraph\">Con\nel encierro sanitario, su esposo fue obligado a dejar su trabajo \u2013lava platos\nen un restaurante- con el pago a la mitad de su salario. \u00bfY la ayuda del\ngobierno? Pregunto. Ni hablar, afirma. Su voz suena ir\u00f3nica y a la vez triste\ndetr\u00e1s del tel\u00e9fono. <\/p>\n\n\n\n<p class=\"wp-block-paragraph\">Magda,\ncomo le dicen sus conocidas, es hu\u00e9rfana de su hija y de sus hijos y\nabuela-madre de sus nietos y nietas. Quisiera tener a todos, pero el m\u00e1s\npeque\u00f1o vive lejos, con su padre, considerado como el probable el asesino de su\nhija. As\u00ed es la justicia. Recuerda que la Fiscal de Delitos Vinculados a la\nViolencia de G\u00e9nero, de la FGJE, Dilcia Garc\u00eda, le pidi\u00f3 que ya no viera m\u00e1s al\nni\u00f1o, recientemente la funcionaria se\u00f1al\u00f3 que ella nunca dijo eso. Male en\ncambio recuerda bien sus palabras \u201csi sale algo mal va a ser su culpa, mejor ni\nle mueva\u201d, dijo la funcionaria. Ahora lleva m\u00e1s de un a\u00f1o de no ver a su nieto.<\/p>\n\n\n\n<p class=\"wp-block-paragraph\">La\nvida le ha sido dif\u00edcil en extremo. Cada vez que requiere ayuda econ\u00f3mica, debe\nacudir a la Comisi\u00f3n Ejecutiva de Atenci\u00f3n a V\u00edctimas del Estado de M\u00e9xico,\npero la respuesta tarda hasta un a\u00f1o o seis meses, sean zapatos o sean anteojos\npara la ni\u00f1a que sufre miop\u00eda y estrabismo. Si urge algo, hay que pedir\nprestado.<\/p>\n\n\n\n<p class=\"wp-block-paragraph\">Despensas\nno, porque la ley no lo contempla, es lo que le explican en la Comisi\u00f3n. <\/p>\n\n\n\n<div class=\"wp-block-image\"><figure class=\"alignleft size-large is-resized\"><img loading=\"lazy\" decoding=\"async\" src=\"https:\/\/redsemlac.com\/semmexico\/wp-content\/uploads\/2020\/05\/jose-y-daniel-.jpeg\" alt=\"\" class=\"wp-image-20438\" width=\"314\" height=\"259\"\/><\/figure><\/div>\n\n\n\n<p class=\"wp-block-paragraph\">Magdalena\nVelarde Tepos recibe la ayuda jur\u00eddica del Observatorio Ciudadano Nacional del\nFeminicidio para el caso de su hija; en los casos de sus hijos tiene asesores\njur\u00eddicos de oficio, pero eso es como si no tuviera nada. Los tres casos est\u00e1n\nempantanados en el sistema judicial.<\/p>\n\n\n\n<p class=\"wp-block-paragraph\">Est\u00e1\ncansada, el encierro por la pandemia de la COVID 19 ha provocado desgastes, por\nla falta de ingresos y la ni\u00f1a y el ni\u00f1o no tienen un patio para jugar. De las\nclases ni hablar.<\/p>\n\n\n\n<p class=\"wp-block-paragraph\"><strong>En la puerta, mi madre espera que\nregrese mi hermana<\/strong><\/p>\n\n\n\n<p class=\"wp-block-paragraph\">Elizabeth\nMachuca Campos es hermana de Eugenia de los mismos apellidos asesinada el 28 de\noctubre 2017, tambi\u00e9n en el Estado de M\u00e9xico, por quien era su pareja.<\/p>\n\n\n\n<p class=\"wp-block-paragraph\">Su\nmadre, Martha Campos Vald\u00e9s, se hizo cargo de dos de los tres hijos de su\nhermana, una mujer adulta, para quien el D\u00eda de las Madres le resulta triste.\nNo quiere celebrar nada. Dejaron de festejar esa fecha. Eran Elizabeth y\nEugenia, dos hermanas muy unidas y separadas entre ellas por solo cuatro a\u00f1os\nde diferencia, las entusiastas que preparaban el festejo cada a\u00f1o para su mam\u00e1.<\/p>\n\n\n\n<div class=\"wp-block-image\"><figure class=\"alignleft size-large is-resized\"><img loading=\"lazy\" decoding=\"async\" src=\"https:\/\/redsemlac.com\/semmexico\/wp-content\/uploads\/2020\/05\/eugenia-machuca.jpeg\" alt=\"\" class=\"wp-image-20436\" width=\"266\" height=\"303\"\/><\/figure><\/div>\n\n\n\n<p class=\"wp-block-paragraph\">Todav\u00eda\nhoy, su madre se sienta en la puerta de su casa alrededor de las 6 de la tarde\npara esperar que Eugenia llegue del trabajo. Eugenia viv\u00eda en la casa familiar,\nten\u00eda 12 a\u00f1os divorciada y tres hijos, de 18, 14 y 12 a\u00f1os, el de en medio vive\ncon su pap\u00e1.<\/p>\n\n\n\n<p class=\"wp-block-paragraph\">Elizabeth\nMachuca tiene su propia familia, sus propios hijos, y despu\u00e9s del asesinato de\nsu hermana asumi\u00f3 la responsabilidad del litigio, su pareja termin\u00f3 por irse,\n\u201c\u00e9l no sent\u00eda el dolor que yo ten\u00eda\u201d. <\/p>\n\n\n\n<p class=\"wp-block-paragraph\">El\nasesino de su hermana, fue identificado y detenido cinco meses despu\u00e9s.<\/p>\n\n\n\n<p class=\"wp-block-paragraph\">El\nfeminicidio de Eugenia termin\u00f3 en \u201chomicidio\u201d, un cambio que hizo la fiscal\u00eda\nde \u00faltimo momento cuando le iban a dictar sentencia al victimario, Jos\u00e9 Ricardo\nN., que recibi\u00f3 43 a\u00f1os siete meses de prisi\u00f3n por el asesinato de Eugenia. <\/p>\n\n\n\n<p class=\"wp-block-paragraph\">Elizabeth\nMachuca cree que la raz\u00f3n no era que pudieran perder el caso, como explic\u00f3 la\nFiscal\u00eda del Estado de M\u00e9xico, sino la negativa de las autoridades a\ncontabilizar feminicidios. <\/p>\n\n\n\n<p class=\"wp-block-paragraph\">Por\nla pandemia, Elizabeth Machuca tuvo que cerrar su negocio, con el que mantiene\na sus hijos a ayuda a su mam\u00e1 y a su pap\u00e1 con sus sobrinos, porque el mal\ntrabajo de la Fiscal\u00eda General del Estado de M\u00e9xico nunca report\u00f3 a los hijos\nde Eugenia y la reparaci\u00f3n del da\u00f1o no fue lo que ten\u00eda que ser.<\/p>\n\n\n\n<p class=\"wp-block-paragraph\">Como\nMagdalena Velarde, en este caso, hasta esta semana recibieron ayuda de la\nComisi\u00f3n Ejecutiva de Atenci\u00f3n a V\u00edctimas del Estado de M\u00e9xico para comprar\nlentes y todo tiene que ser comprobado.<\/p>\n\n\n\n<p class=\"wp-block-paragraph\">SEM\/sj<\/p>\n","protected":false},"excerpt":{"rendered":"<p>Las madres-abuelas que dej\u00f3 el feminicidio<\/p>\n","protected":false},"author":3,"featured_media":20439,"comment_status":"open","ping_status":"open","sticky":false,"template":"","format":"standard","meta":{"_monsterinsights_skip_tracking":false,"footnotes":""},"categories":[691,54],"tags":[],"class_list":["post-20433","post","type-post","status-publish","format-standard","has-post-thumbnail","category-691","category-mujeres"],"_links":{"self":[{"href":"https:\/\/redsemlac.com\/semmexico\/wp-json\/wp\/v2\/posts\/20433","targetHints":{"allow":["GET"]}}],"collection":[{"href":"https:\/\/redsemlac.com\/semmexico\/wp-json\/wp\/v2\/posts"}],"about":[{"href":"https:\/\/redsemlac.com\/semmexico\/wp-json\/wp\/v2\/types\/post"}],"author":[{"embeddable":true,"href":"https:\/\/redsemlac.com\/semmexico\/wp-json\/wp\/v2\/users\/3"}],"replies":[{"embeddable":true,"href":"https:\/\/redsemlac.com\/semmexico\/wp-json\/wp\/v2\/comments?post=20433"}],"version-history":[{"count":0,"href":"https:\/\/redsemlac.com\/semmexico\/wp-json\/wp\/v2\/posts\/20433\/revisions"}],"wp:featuredmedia":[{"embeddable":true,"href":"https:\/\/redsemlac.com\/semmexico\/wp-json\/wp\/v2\/media\/20439"}],"wp:attachment":[{"href":"https:\/\/redsemlac.com\/semmexico\/wp-json\/wp\/v2\/media?parent=20433"}],"wp:term":[{"taxonomy":"category","embeddable":true,"href":"https:\/\/redsemlac.com\/semmexico\/wp-json\/wp\/v2\/categories?post=20433"},{"taxonomy":"post_tag","embeddable":true,"href":"https:\/\/redsemlac.com\/semmexico\/wp-json\/wp\/v2\/tags?post=20433"}],"curies":[{"name":"wp","href":"https:\/\/api.w.org\/{rel}","templated":true}]}}