{"id":20385,"date":"2020-05-08T19:21:47","date_gmt":"2020-05-08T19:21:47","guid":{"rendered":"https:\/\/redsemlac.com\/semmexico\/?p=20385"},"modified":"2023-07-21T16:18:46","modified_gmt":"2023-07-21T21:18:46","slug":"veracruz-54","status":"publish","type":"post","link":"https:\/\/redsemlac.com\/semmexico\/veracruz-54\/","title":{"rendered":"Las embarazadas en COVID-19 en riesgo de contagio por falta de camas y personal"},"content":{"rendered":"\n<ul class=\"wp-block-list\"><li><strong>Denuncia Comit\u00e9 Promotor por una Maternidad Segura en Veracruz<\/strong>.<\/li><\/ul>\n\n\n\n<p class=\"wp-block-paragraph\"><strong>Elda Montiel\u00a0<\/strong><\/p>\n\n\n\n<p class=\"wp-block-paragraph\">SemM\u00e9xico. Veracruz. 8 de mayo de 2020.- El Comit\u00e9 Promotor por una Maternidad Segura en Veracruz, se suma al exhorto a las autoridades federales y estatales para atender los acuerdos y disposiciones que garanticen la atenci\u00f3n de la salud materna en el marco de respeto a los derechos humanos que eviten poner en mayor riesgo la salud de las mujeres durante el periodo de la pandemia COVID-19.<\/p>\n\n\n\n<p class=\"wp-block-paragraph\">Preocupados porque han observado que en el marco de la fase 3 de la contingencia sanitaria los hospitales para atenci\u00f3n reproductiva materna y neonatal presentan reducci\u00f3n de personal por las medidas de poblaci\u00f3n en riesgo; la reducci\u00f3n de camas por el proceso de reconversi\u00f3n hospitalaria; y que la atenci\u00f3n en los hospitales lleva riesgo de contagio o de contagiar.<\/p>\n\n\n\n<p class=\"wp-block-paragraph\">Ante este panorama las mujeres tendr\u00e1n que buscar servicios en sus propios hogares o en unidades intermedias no hospitalarias que perciban mayor seguridad<\/p>\n\n\n\n<p class=\"wp-block-paragraph\">Tienen problemas de acceso a los servicios de especial inter\u00e9s para la salud materna como son los m\u00e9todos anticonceptivos, acceso al aborto, violencia intrafamiliar, cuidar la salud emocional de las mujeres por no considerarlos esenciales.&nbsp;<\/p>\n\n\n\n<p class=\"wp-block-paragraph\">El Cmit\u00e9 Promotor considera que llevar\u00e1 meses el restablecimiento a la normalidad de los servicios de salud sexual, reproductiva materna y neonatal (SSRMN) derivado de la&nbsp;reconversi\u00f3n organizativa y del impacto econ\u00f3mico en las finanzas p\u00fablicas.&nbsp;<\/p>\n\n\n\n<p class=\"wp-block-paragraph\">Se\u00f1alan y se suman a las medidas propuestas por la C\u00e1mara de Diputados de brindar servicios de salud reproductiva, materna y neonatal con pleno respeto a los derechos humanos y apegadas a la evidencia cient\u00edfica y las mejores condiciones de bioseguridad.&nbsp;<\/p>\n\n\n\n<p class=\"wp-block-paragraph\">Como evitar en lo posible la atenci\u00f3n de partos sin complicaciones en unidades hospitalarias de mujeres sin patolog\u00eda compatible con COVID-19, y desconcentrar la atenci\u00f3n obst\u00e9trica, ofertando servicios en diversos puntos de atenci\u00f3n de primer nivel de atenci\u00f3n.&nbsp;<\/p>\n\n\n\n<p class=\"wp-block-paragraph\">As\u00ed como adaptar unidades de primer nivel para brindar servicios exclusivos de salud reproductiva materna y neonatal, incluyendo la atenci\u00f3n de partos, cercanos a unidades hospitalarias y con posibilidad de traslado.&nbsp;<\/p>\n\n\n\n<p class=\"wp-block-paragraph\">Que la Secretar\u00eda de Salud promueva y facilite el trabajo de parteras tradicionales, parteras profesionales, as\u00ed\u0301 como de cualquier otro profesional de salud acreditado para ofertar servicios de salud a mujeres embarazadas sin complicaciones en hogares, establecimientos no hospitalarios (como casas maternas o albergues temporales para embarazadas) y unidades de primer nivel de atenci\u00f3n, incluyendo la atenci\u00f3n del parto con medidas de seguridad obst\u00e9trica y bioseguridad.<\/p>\n\n\n\n<p class=\"wp-block-paragraph\">Facilitar el acceso a certificados de nacimientos a todas personas reci\u00e9n nacidas como lo marca la ley, con independencia de si el nacimiento ocurre en hogares, hospitales u otro establecimiento.&nbsp;<\/p>\n\n\n\n<p class=\"wp-block-paragraph\">En caso necesario, establecer acuerdos con hoteles, escuelas u otra infraestructura actualmente inutilizada para adaptarla en atenci\u00f3n temporal obst\u00e9trica de pacientes no complicadas.<\/p>\n\n\n\n<p class=\"wp-block-paragraph\">Se refieren a los \u201cLineamientos de Reconversi\u00f3n Hospitalaria\u201d que la Secretaria de Salud public\u00f3 con objeto establecer los criterios y directrices de actuaci\u00f3n para la Reconversi\u00f3n Hospitalaria COVID-19 que deber\u00edan seguir los estados bajo los principios de oportunidad, calidad y eficiencia de los recursos humanos, materiales y financieros en beneficio de la poblaci\u00f3n, y muy espec\u00edficos en el caso de las mujeres embarazadas.&nbsp;&nbsp;<\/p>\n\n\n\n<p class=\"wp-block-paragraph\">En el que tambi\u00e9n se se\u00f1alaba que ten\u00edan que garantizar la atenci\u00f3n de mujeres embarazadas con sospecha de coronavirus y que tambi\u00e9n las mujeres embarazadas que se encuentren en el tercer trimestre para la resoluci\u00f3n del embarazo en las mismas unidades destinadas a COVID-19, atendiendo las necesidades de contar con un quir\u00f3fano destinado para partos o ces\u00e1reas; cuna de color radiante; material e instrumental para atenci\u00f3n de parto, equipo de reanimaci\u00f3n neonatal, equipo de protecci\u00f3n personal, insumos para la atenci\u00f3n de emergencia obst\u00e9trica (hemorragia, preeclampsia \/ eclampsia). As\u00ed como, m\u00ednimo, contar con un especialista en ginecobstetricia, un especialista en neonatolog\u00eda y dos enfermeras.&nbsp;<\/p>\n\n\n\n<p class=\"wp-block-paragraph\">Cabe recordar que desde hace m\u00e1s de 20 d\u00edas el Comit\u00e9 Promotor advirti\u00f3 que miles de mujeres embarazadas podr\u00edan correr riesgo a falta de una estrategia de atenci\u00f3n de parto, post parto y eventuales complicaciones, lo mismo dijeron las redes de mujeres parteras, por lo que la Secretar\u00eda de Salud defini\u00f3 como prioritarios los servicios obst\u00e9tricos y todos los de salud sexual y reproductivas. No obstante, no se conoce un solo espacio espec\u00edfico para las embarazadas y no hay una campa\u00f1a de orientaci\u00f3n.<\/p>\n\n\n\n<p class=\"wp-block-paragraph\">En Veracruz ha sido una constante la crisis de atenci\u00f3n medica por falta de m\u00e9dicos y enfermeras, as\u00ed como de espacios ante el incremento de pacientes con Covid 19, situaci\u00f3n denunciada an\u00f3nimamente por personal del Hospital Regional \u201cValent\u00edn G\u00f3mez Far\u00edas\u201d.&nbsp;<\/p>\n\n\n\n<p class=\"wp-block-paragraph\">Mientras que el Hospital Materno Infantil que estaba en proceso de rehabilitaci\u00f3n, a pesar de que cuenta con&nbsp;30 camas de terapia intensiva y 20 de atenci\u00f3n m\u00e9dica intermedia con ventilaci\u00f3n asistida, que ser\u00eda operado por la Secretar\u00eda de la Defensa Nacional, hasta el 5 de mayo continuaba sin ser utilizado.&nbsp;<\/p>\n","protected":false},"excerpt":{"rendered":"<p>Denuncia Comit\u00e9 Promotor por una Maternidad Segura en Veracruz.<\/p>\n","protected":false},"author":3,"featured_media":20386,"comment_status":"open","ping_status":"open","sticky":false,"template":"","format":"standard","meta":{"_monsterinsights_skip_tracking":false,"footnotes":""},"categories":[691,135],"tags":[],"class_list":["post-20385","post","type-post","status-publish","format-standard","has-post-thumbnail","category-691","category-emergencia-sanitaria-covid-19"],"_links":{"self":[{"href":"https:\/\/redsemlac.com\/semmexico\/wp-json\/wp\/v2\/posts\/20385","targetHints":{"allow":["GET"]}}],"collection":[{"href":"https:\/\/redsemlac.com\/semmexico\/wp-json\/wp\/v2\/posts"}],"about":[{"href":"https:\/\/redsemlac.com\/semmexico\/wp-json\/wp\/v2\/types\/post"}],"author":[{"embeddable":true,"href":"https:\/\/redsemlac.com\/semmexico\/wp-json\/wp\/v2\/users\/3"}],"replies":[{"embeddable":true,"href":"https:\/\/redsemlac.com\/semmexico\/wp-json\/wp\/v2\/comments?post=20385"}],"version-history":[{"count":0,"href":"https:\/\/redsemlac.com\/semmexico\/wp-json\/wp\/v2\/posts\/20385\/revisions"}],"wp:featuredmedia":[{"embeddable":true,"href":"https:\/\/redsemlac.com\/semmexico\/wp-json\/wp\/v2\/media\/20386"}],"wp:attachment":[{"href":"https:\/\/redsemlac.com\/semmexico\/wp-json\/wp\/v2\/media?parent=20385"}],"wp:term":[{"taxonomy":"category","embeddable":true,"href":"https:\/\/redsemlac.com\/semmexico\/wp-json\/wp\/v2\/categories?post=20385"},{"taxonomy":"post_tag","embeddable":true,"href":"https:\/\/redsemlac.com\/semmexico\/wp-json\/wp\/v2\/tags?post=20385"}],"curies":[{"name":"wp","href":"https:\/\/api.w.org\/{rel}","templated":true}]}}