{"id":20382,"date":"2020-05-08T19:19:13","date_gmt":"2020-05-08T19:19:13","guid":{"rendered":"https:\/\/redsemlac.com\/semmexico\/?p=20382"},"modified":"2023-07-21T16:18:46","modified_gmt":"2023-07-21T21:18:46","slug":"morir-de-hambre-o-por-el-virus-el-dilema-de-las-y-los-vendedores-ambulantes","status":"publish","type":"post","link":"https:\/\/redsemlac.com\/semmexico\/morir-de-hambre-o-por-el-virus-el-dilema-de-las-y-los-vendedores-ambulantes\/","title":{"rendered":"Morir de hambre o por el virus el dilema de las y los vendedores ambulantes"},"content":{"rendered":"\n<ul class=\"wp-block-list\"><li><strong>Afectados a nivel mundial mil 600 millones de personas, principalmente mujeres: OIT<\/strong><\/li><\/ul>\n\n\n\n<p class=\"wp-block-paragraph\"><strong>Elda Montiel\u00a0<\/strong><\/p>\n\n\n\n<p class=\"wp-block-paragraph\">SemM\u00e9xico. Cd. de M\u00e9xico. 8 de mayo de 2020.- En un momento de confinamiento global por la crisis sanitaria del COVID 19 vendedoras y vendedores ambulantes, empleadas dom\u00e9sticas, taxistas por cuenta propia y otros trabajadores del sector informal han perdido todos o buena parte de sus medios de sustento, lo que seg\u00fan la Organizaci\u00f3n Internacional del Trabajo (OIT) afecta a mil 600 de los 2 mil millones de personas con este tipo de empleos en el mundo.<\/p>\n\n\n\n<p class=\"wp-block-paragraph\">Estos incluyen a quienes laboran en los servicios de hosteler\u00eda y restauraci\u00f3n, la industria manufacturera, la venta al por mayor y al por menor, y los m\u00e1s de 500 millones de agricultoras y agricultores que abastecen los mercados urbanos.<\/p>\n\n\n\n<p class=\"wp-block-paragraph\">Las&nbsp;mujeres se ven especialmente afectadas en los sectores de alto riesgo, destaca el informe de la OIT en el que&nbsp;analiza el impacto de la crisis&nbsp;sanitaria en la econom\u00eda informal mundial que a nivel global supondr\u00eda aumentar en m\u00e1s del doble el porcentaje de trabajadores informales viviendo en situaci\u00f3n de pobreza relativa, del 25 al 59 por ciento (mil 180 millones de personas).&nbsp;<\/p>\n\n\n\n<p class=\"wp-block-paragraph\">Precisa que, en numerosos pa\u00edses, las medidas de contenci\u00f3n del COVID-19 no pueden ser aplicadas eficazmente porque estos trabajadores necesitan trabajar para alimentar a sus familias.<\/p>\n\n\n\n<p class=\"wp-block-paragraph\">Esto compromete los esfuerzos de los gobiernos dirigidos a proteger a la poblaci\u00f3n y luchar contra la pandemia y pueden convertirse en fuente de tensi\u00f3n social en pa\u00edses con una importante econom\u00eda informal, sostiene el informe.<\/p>\n\n\n\n<p class=\"wp-block-paragraph\">La mayor\u00eda de los trabajadores informales no tienen otros medios de subsistencia, por ello enfrentan un dilema que pr\u00e1cticamente no puede ser resuelto: morir de hambre o por el virus. Esta situaci\u00f3n se ha exacerbado por las perturbaciones en el suministro de alimentos que han afectado especialmente a los trabajadores de la econom\u00eda informal.<\/p>\n\n\n\n<p class=\"wp-block-paragraph\">Para los 67 millones de trabajadoras y trabajadores dom\u00e9sticos del mundo, 75 por ciento de los cuales son informales, el desempleo representa una amenaza tan grande como el mismo virus. Muchos no han podido trabajar, bien sea por solicitud de su empleador o por cumplir con las medidas de confinamiento.&nbsp;<\/p>\n\n\n\n<p class=\"wp-block-paragraph\">Aquellos que siguen trabajando enfrentan un riesgo elevado de contagio, al cuidar de familias en su domicilio privado. Para los 11 millones de trabajadores dom\u00e9sticos migrantes, la situaci\u00f3n es a\u00fan peor.<\/p>\n\n\n\n<p class=\"wp-block-paragraph\">M\u00e1s de 75 por ciento del total del empleo informal tiene lugar en empresas con menos de diez trabajadores, incluido 45 por ciento de los trabajadores independientes sin empleados.<\/p>\n\n\n\n<p class=\"wp-block-paragraph\">\u00abLa crisis del covid-19 est\u00e1 exacerbando debilidades y desigualdades que ya exist\u00edan\u00bb, subray\u00f3 Philippe Mercadent, jefe de mercados laborales inclusivos de la OIT, quien pidi\u00f3 la puesta en marcha de pol\u00edticas que apoyen a trabajadoras y trabajadores y peque\u00f1as empresas afectadas por la situaci\u00f3n actual.<\/p>\n\n\n\n<p class=\"wp-block-paragraph\">La OIT tambi\u00e9n expres\u00f3 que quienes trabajan en la econom\u00eda informal deben ser sujetos centrales para todas las respuestas frente al COVID-19. Para esto, fortalecer la participaci\u00f3n de las mujeres el di\u00e1logo entre el gobierno y la sociedad puede ser clave.&nbsp;Recomiendan adoptar la&nbsp;exposici\u00f3n de los trabajadores informales al virus; garantizar que las personas contagiadas tengan acceso a la atenci\u00f3n m\u00e9dica; proporcionen un ingreso y una ayuda alimentaria a las personas y sus familias y prevengan los da\u00f1os causados en el tejido econ\u00f3mico de los pa\u00edses.<\/p>\n\n\n\n<p class=\"wp-block-paragraph\">Estos 2 mil millones de trabajadores informales representan el 62% de la fuerza laboral a nivel mundial. En pa\u00edses de bajos ingresos, los trabajadores de la econom\u00eda sumergida representan el 90% del empleo total, mientras que en los pa\u00edses de ingresos medios ese porcentaje baja hasta el 67%, y se vuelve a reducir hasta el 18% en los pa\u00edses m\u00e1s desarrollados.<\/p>\n\n\n\n<p class=\"wp-block-paragraph\">El porcentaje de trabajadores de la econom\u00eda informal gravemente afectados por el confinamiento va desde 89 por ciento en Am\u00e9rica Latina y los Estados \u00c1rabes a 83 por ciento en \u00c1frica, 73 por ciento en Asia y el Pac\u00edfico y 64 por ciento en Europa y Asia Central.<\/p>\n\n\n\n<p class=\"wp-block-paragraph\">En \u00c1frica el porcentaje de trabajadores informales en pobreza relativa podr\u00eda pasar del 20 al 83 por ciento, lo que supondr\u00eda 324 millones de personas, y en Asia-Pac\u00edfico el ascenso ser\u00eda menor que en otras zonas, del 21 al 36 por ciento, aunque dada su mayor poblaci\u00f3n significar\u00eda 488 millones de empleados afectados.&nbsp;<br><\/p>\n","protected":false},"excerpt":{"rendered":"<p>Afectados a nivel mundial mil 600 millones de personas, principalmente mujeres: OIT<\/p>\n","protected":false},"author":3,"featured_media":20383,"comment_status":"open","ping_status":"open","sticky":false,"template":"","format":"standard","meta":{"_monsterinsights_skip_tracking":false,"footnotes":""},"categories":[691,135],"tags":[],"class_list":["post-20382","post","type-post","status-publish","format-standard","has-post-thumbnail","category-691","category-emergencia-sanitaria-covid-19"],"_links":{"self":[{"href":"https:\/\/redsemlac.com\/semmexico\/wp-json\/wp\/v2\/posts\/20382","targetHints":{"allow":["GET"]}}],"collection":[{"href":"https:\/\/redsemlac.com\/semmexico\/wp-json\/wp\/v2\/posts"}],"about":[{"href":"https:\/\/redsemlac.com\/semmexico\/wp-json\/wp\/v2\/types\/post"}],"author":[{"embeddable":true,"href":"https:\/\/redsemlac.com\/semmexico\/wp-json\/wp\/v2\/users\/3"}],"replies":[{"embeddable":true,"href":"https:\/\/redsemlac.com\/semmexico\/wp-json\/wp\/v2\/comments?post=20382"}],"version-history":[{"count":0,"href":"https:\/\/redsemlac.com\/semmexico\/wp-json\/wp\/v2\/posts\/20382\/revisions"}],"wp:featuredmedia":[{"embeddable":true,"href":"https:\/\/redsemlac.com\/semmexico\/wp-json\/wp\/v2\/media\/20383"}],"wp:attachment":[{"href":"https:\/\/redsemlac.com\/semmexico\/wp-json\/wp\/v2\/media?parent=20382"}],"wp:term":[{"taxonomy":"category","embeddable":true,"href":"https:\/\/redsemlac.com\/semmexico\/wp-json\/wp\/v2\/categories?post=20382"},{"taxonomy":"post_tag","embeddable":true,"href":"https:\/\/redsemlac.com\/semmexico\/wp-json\/wp\/v2\/tags?post=20382"}],"curies":[{"name":"wp","href":"https:\/\/api.w.org\/{rel}","templated":true}]}}