{"id":20374,"date":"2020-05-08T03:47:41","date_gmt":"2020-05-08T03:47:41","guid":{"rendered":"https:\/\/redsemlac.com\/semmexico\/?p=20374"},"modified":"2023-07-21T16:18:46","modified_gmt":"2023-07-21T21:18:46","slug":"tregua-nacional-llama-el-senado","status":"publish","type":"post","link":"https:\/\/redsemlac.com\/semmexico\/tregua-nacional-llama-el-senado\/","title":{"rendered":"Tregua nacional, llama el Senado"},"content":{"rendered":"\n<p class=\"wp-block-paragraph\"><strong>Redacci\u00f3n<\/strong><\/p>\n\n\n\n<p class=\"wp-block-paragraph\">SemM\u00e9xico. Ciudad de M\u00e9xico. 07 de mayo 2020.- Una gran tregua pol\u00edtica nacional se propuso este jueves al interior de la Junta de Coordinaci\u00f3n Pol\u00edtica del Senado de la Rep\u00fablica, en tanto dure la pandemia, con el fin de no entorpecer \u00a0el trabajo y desempe\u00f1o \u00a0de las autoridades federales, en estos momentos de mayor dificultad, donde se \u00a0registraran los picos m\u00e1s altos de infecci\u00f3n, y que demandan unidad \u00a0y cohesi\u00f3n de todos \u00a0los mexicanos.<\/p>\n\n\n\n<p class=\"wp-block-paragraph\">La propuesta fue hecha por el l\u00edder de la Junta -conocida coloquialmente c\u00f3mo Jucopo-, Ricardo Monreal \u00c1vila, a sus pares legisladores y coordinadores de las distintas fuerzas pol\u00edticas que confluyen en este \u00f3rgano de gobierno en la C\u00e1mara Alta. <\/p>\n\n\n\n<p class=\"wp-block-paragraph\">Y es que en los recientes d\u00edas el llamado bloque opositor \u2013integrado por el PAN, PRI, MC y PRD-, se han mostrado hipercr\u00edticos a todas las medidas adoptadas por el gobierno federal.<\/p>\n\n\n\n<p class=\"wp-block-paragraph\">Cabe se\u00f1alar que la tegua fue aceptada por todas las fuerzas pol\u00edticas en el Senado de la Rep\u00fablica, con el compromiso de que no ser\u00e1 tapadera de nadie.<\/p>\n\n\n\n<p class=\"wp-block-paragraph\">Hay en el ciberespacio y sus distintas redes sociales una guerra declarativa que ha provocado mucho ruido y &nbsp;la circulaci\u00f3n de notas faltas y un sinf\u00edn de descalificaciones. <\/p>\n\n\n\n<p class=\"wp-block-paragraph\">En este marco se prev\u00e9n diversas reuniones (virtuales obviamente) con el gobernador del Banco de M\u00e9xico y el Consejo Coordinador Empresarial, a fin de encontrar soluciones para la reactivaci\u00f3n econ\u00f3mica.<\/p>\n\n\n\n<p class=\"wp-block-paragraph\">La bancada de Morena se ha comprometido, as\u00ed, a la exigencia de rendici\u00f3n de cuentas y de transparencia para los funcionarios p\u00fablicos que resulten se\u00f1alados por irregularidades en el manejo de recursos, compras directas o negligencias. <\/p>\n\n\n\n<p class=\"wp-block-paragraph\">El llamado a la tegua incluye a toda la sociedad: empresarios, medios de comunicaci\u00f3n, usuarios de redes sociales, asociaciones religiosas y partidos pol\u00edticos.<\/p>\n\n\n\n<p class=\"wp-block-paragraph\">El llamado a la tregua nacional se dio en el marco de la cuarta Reuni\u00f3n semanal de la Junta de Coordinaci\u00f3n Pol\u00edtica del Senado de la Rep\u00fablica, efectuada ayer a medio d\u00eda \u2013y a distancia&#8211;.<\/p>\n\n\n\n<p class=\"wp-block-paragraph\">Uno de los acuerdos que destacaron en torno al llamado a la tregua fue que ante el pico pand\u00e9mico se mantenga la mesura y la cohesi\u00f3n, a fin de evitar la mayor polarizaci\u00f3n de los grupos opositores al gobierno de Morena. <\/p>\n\n\n\n<p class=\"wp-block-paragraph\">Ello porque la experiencia internacional ha mostrado que la polarizaci\u00f3n y la divisi\u00f3n han arrojado resultados negativos en el tratamiento de la crisis sanitaria. <\/p>\n\n\n\n<p class=\"wp-block-paragraph\">Se ejemplific\u00f3 con el caso estadunidense donde se carece de una estrategia coordinada a nivel nacional, la que ha llevado a que diversos &nbsp;gobiernos estatales han empezado a reabrir sus econom\u00edas. <\/p>\n\n\n\n<p class=\"wp-block-paragraph\">Brasil fue citado &nbsp;como otro mal ejemplo, pues las confrontaciones al interior del gobierno de Bolsonaro han provocado enfrentamientos entre la poblaci\u00f3n e integrantes de su gabinete. El gigante latinoamericano &nbsp;es el pa\u00eds con el mayor n\u00famero de muertos: ocho mil 536.<\/p>\n\n\n\n<p class=\"wp-block-paragraph\">Los ejemplos son muchos en el sur del continente, contrario a pa\u00edses como Dinamarca donde la toma de decisiones ha sido ejemplar. All\u00e1 &nbsp;los diez partidos &nbsp;que conviven en su parlamento, tanto de extrema derecha e izquierda, han &nbsp;lograron el &nbsp;acuerdos para apoyar las medidas del gobierno, y ello ha facilitado la implementaci\u00f3n de medidas sanitarias y econ\u00f3micas, adem\u00e1s de lograr una mayor disciplina entre la poblaci\u00f3n.<\/p>\n","protected":false},"excerpt":{"rendered":"<p>La propuesta fue hecha por el l\u00edder de la Junta -conocida coloquialmente c\u00f3mo Jucopo-, Ricardo Monreal \u00c1vila, a sus pares legisladores y coordinadores de las distintas fuerzas pol\u00edticas que confluyen en este \u00f3rgano de gobierno en la C\u00e1mara Alta. <\/p>\n","protected":false},"author":3,"featured_media":20375,"comment_status":"open","ping_status":"open","sticky":false,"template":"","format":"standard","meta":{"_monsterinsights_skip_tracking":false,"footnotes":""},"categories":[691,50],"tags":[],"class_list":["post-20374","post","type-post","status-publish","format-standard","has-post-thumbnail","category-691","category-congreso"],"_links":{"self":[{"href":"https:\/\/redsemlac.com\/semmexico\/wp-json\/wp\/v2\/posts\/20374","targetHints":{"allow":["GET"]}}],"collection":[{"href":"https:\/\/redsemlac.com\/semmexico\/wp-json\/wp\/v2\/posts"}],"about":[{"href":"https:\/\/redsemlac.com\/semmexico\/wp-json\/wp\/v2\/types\/post"}],"author":[{"embeddable":true,"href":"https:\/\/redsemlac.com\/semmexico\/wp-json\/wp\/v2\/users\/3"}],"replies":[{"embeddable":true,"href":"https:\/\/redsemlac.com\/semmexico\/wp-json\/wp\/v2\/comments?post=20374"}],"version-history":[{"count":0,"href":"https:\/\/redsemlac.com\/semmexico\/wp-json\/wp\/v2\/posts\/20374\/revisions"}],"wp:featuredmedia":[{"embeddable":true,"href":"https:\/\/redsemlac.com\/semmexico\/wp-json\/wp\/v2\/media\/20375"}],"wp:attachment":[{"href":"https:\/\/redsemlac.com\/semmexico\/wp-json\/wp\/v2\/media?parent=20374"}],"wp:term":[{"taxonomy":"category","embeddable":true,"href":"https:\/\/redsemlac.com\/semmexico\/wp-json\/wp\/v2\/categories?post=20374"},{"taxonomy":"post_tag","embeddable":true,"href":"https:\/\/redsemlac.com\/semmexico\/wp-json\/wp\/v2\/tags?post=20374"}],"curies":[{"name":"wp","href":"https:\/\/api.w.org\/{rel}","templated":true}]}}