{"id":20372,"date":"2020-05-08T00:46:13","date_gmt":"2020-05-08T00:46:13","guid":{"rendered":"https:\/\/redsemlac.com\/semmexico\/?p=20372"},"modified":"2023-07-21T16:18:46","modified_gmt":"2023-07-21T21:18:46","slug":"opinion-497","status":"publish","type":"post","link":"https:\/\/redsemlac.com\/semmexico\/opinion-497\/","title":{"rendered":"Mujeres y Pol\u00edtica"},"content":{"rendered":"\n<h2 class=\"wp-block-heading\"> Otro modo de ser madres <\/h2>\n\n\n\n<p class=\"wp-block-paragraph\"><strong>* La maternidad de la COVID 19<\/strong><\/p>\n\n\n\n<p class=\"wp-block-paragraph\"><strong>Soledad Jarqu\u00edn Edgar<\/strong><\/p>\n\n\n\n<p class=\"wp-block-paragraph\">SemM\u00e9xico,\n7 de mayo 2020.- En los pr\u00f3ximos d\u00edas M\u00e9xico entero se volcar\u00e1, pese a la\ncontingencia sanitaria, para celebrar a las madres mexicanas, una tradici\u00f3n\nimpuesta desde la d\u00e9cada de los a\u00f1os 20 para reconocer la abnegaci\u00f3n, la\nentrega y el amor incondicional de las mujeres que antes que cualquier otra\ncosa en la vida tienen como destino la maternidad, solo para cumplir con un rol\nfundamental para la buena armon\u00eda de la sociedad patriarcal.<\/p>\n\n\n\n<p class=\"wp-block-paragraph\">El\nmito de la maternidad desde esa visi\u00f3n, como lo plantea Marta Acevedo, se gest\u00f3\n-ahora as\u00ed, como dir\u00edan desde el Palacio Nacional: desde \u201clos conservadores\u201d-,\npara contrarrestar la fuerza de un movimiento social que en 1916 se materializ\u00f3\nen los Congresos Feministas de Yucat\u00e1n que, entre otras demandas de sus\nderechos, plantearon \u201cescandalosamente\u201d acciones de planificaci\u00f3n familiar,\nprincipalmente en aquella entidad del sureste mexicano. <\/p>\n\n\n\n<p class=\"wp-block-paragraph\">La\nverdad es que las cosas han cambiado dr\u00e1sticamente. En 1971, las feministas\nhicieron una protesta en el monumento a la madre en la ciudad de M\u00e9xico y denunciaron\nlas muertes por aborto, veinte a\u00f1os despu\u00e9s las feministas colocaron en el\nmismo lugar una placa por la maternidad voluntaria. Son casi 50 a\u00f1os de\nacciones para mirar la maternidad desde otro lugar.<\/p>\n\n\n\n<p class=\"wp-block-paragraph\">A\npartir de la d\u00e9cada de los ochenta las madres mexicanas, en espec\u00edfico en\nCiudad Ju\u00e1rez, fueron las que tomaron las calles para hacer demandas sobre la\ndesaparici\u00f3n y asesinatos de sus hijas, la pandemia de la violencia mostr\u00f3 una\ncara brutal e irreal para muchas otras. &nbsp;As\u00ed surgieron organizaciones, colectivos, como\nCasa Amiga, Nuestras Hijas de Regreso a Casa y otras que se han sumado a lo\nlargo del tiempo y que hoy mismo siguen tan actuales como entonces, porque, ya\nlo sabe usted, el fen\u00f3meno del feminicidio no se detuvo.<\/p>\n\n\n\n<p class=\"wp-block-paragraph\">El\nasesinato de sus hijas motiv\u00f3 las modificaciones m\u00e1s dr\u00e1sticas en los estudios\nde g\u00e9nero sobre la violencia machista y m\u00e1s tarde se reflejaron en las\nlegislaciones. En M\u00e9xico son ejemplares los trabajos realizados, por ejemplo,\npor Julia Mon\u00e1rrez, del Colegio de la Frontera Norte, quien inici\u00f3 estos\nestudios desde 1993. Pero esa pandemia no solo hab\u00eda sentado sus reales en\nCiudad Ju\u00e1rez, sino como lo demostrar\u00edan desde la Comisi\u00f3n Especial para Conocer\ny dar Seguimiento a las Investigaciones Relacionadas con los Feminicidios en la\nRep\u00fablica Mexicana de la LIX Legislatura (2006), que encabez\u00f3 la diputada\nMarcela Lagarde, el problema se extend\u00eda a lo largo y ancho del pa\u00eds.&nbsp; <\/p>\n\n\n\n<p class=\"wp-block-paragraph\">La\nimagen de las madres, estas no resignadas ante el dolor y la p\u00e9rdida toma un\nrostro que rompe con el estereotipo impuesto y que se deb\u00eda venerar desde\naltares ficticios, en silencio y sin chistar fuera cual fuera la realidad que\nse viv\u00eda dentro de los dulces hogares mexicanos, esos en los que todav\u00eda hay\nquienes creen que existen y peor a\u00fan lo dice, equivocadamente un molesto Andr\u00e9s\nManuel L\u00f3pez Obrador, cuyo impacto social y pol\u00edtico ser\u00eda demoledor si las\nmujeres call\u00e1ramos y lo acept\u00e1ramos como \u00e9l lo quisiera.<\/p>\n\n\n\n<p class=\"wp-block-paragraph\">Pero\ndesde 2019 las mujeres, entre ellas miles de madres, muchas de ellas buscadoras\nde sus hijas e hijos desaparecidos, las que rascan la tierra, aunque les\nsangren las u\u00f1as de los dedos, no ser\u00e1 as\u00ed. \u201cNo contar\u00e1n m\u00e1s con nuestro\nsilencio c\u00f3mplice\u201d, dice una de las premisas que a lo largo del a\u00f1o pasado hizo\nque tomaran las calles en marzo, en abril en noviembre y cada vez que fue\nnecesario. Las que rompieron y quemaron, las que pintaron sus monumentos,\npuertas, paredes\u2026 Las mismas que llenaron las ciudades de colores violeta y\nnegro el pasado 8 de marzo.<\/p>\n\n\n\n<p class=\"wp-block-paragraph\">Esas\nmadres lo han puesto en blanco y neg\u00f3: no m\u00e1s silencio. En todas las esquinas,\nplazas, parques del pa\u00eds ante lo que se volvi\u00f3 com\u00fan su presencia por la falta\nde ejercicios reales de justicia para sus hijas, la impunidad tom\u00f3 una cara\nnueva en el rostro de las mujeres, lamentablemente. <\/p>\n\n\n\n<p class=\"wp-block-paragraph\">Durante\nlos d\u00edas de confinamiento debido al SARS-COV2, causante de la enfermedad\nCOVID 19, puso en alerta a las expertas. Habr\u00e1 m\u00e1s violencia en las casas,\nadvirtieron. La convivencia con el violentador, ha generado las cifras que se\nhan explicado en los \u00faltimos d\u00edas. No estamos a salvo en nuestras casas y las\ncalles solitarias son un peligro. <\/p>\n\n\n\n<p class=\"wp-block-paragraph\">Hemos\nle\u00eddo muchas historias sobre c\u00f3mo la pasamos las mujeres en estos d\u00edas. La\njornada de trabajo se ha multiplicado. Atendemos las labores de la casa, de la\noficina y la escuela de las y los hijos en un mismo espacio-tiempo. No hay\ntiempo propio. No hay habitaci\u00f3n propia. Hay agotamiento mental a estas\nalturas. Esas nuevas madres no est\u00e1n calladas, lo est\u00e1n diciendo y seguramente,\ndetr\u00e1s de esta etapa sanitaria, habr\u00e1 muchos estudios y mucho que analizar. <\/p>\n\n\n\n<p class=\"wp-block-paragraph\">La jornada\nm\u00faltiple no se ha ido. Sigue ah\u00ed, en el mont\u00f3n de quehaceres cotidianos, que\ndigan lo que digan, sigue cargado en un gran porcentaje sobre la espalda de las\nmujeres y cuando lo hacen los hombres, ya lo saben se aplaude, se destaca en\nlos medios. <\/p>\n\n\n\n<p class=\"wp-block-paragraph\">La semana pasada MVSNoticias public\u00f3 una nota titulada: Presidenta de San L\u00e1zaro comparte trabajo dom\u00e9stico con su familia. \u00c9sta a ra\u00edz de una publicaci\u00f3n en twitter de la legisladora Laura Rojas, presidenta de la Mesa Directiva de la C\u00e1mara de Diputados, en la que llamaba a quedarse en casa y a compartir las tareas de casa con el resto de la familia, mostrando un video donde gustosa y feliz lavaba platos. Si ella, la presidenta de San L\u00e1zaro lo hace, usted por qu\u00e9 no. El efecto, pienso y quiz\u00e1 me equivoque, es el mismo que produjo aquella campa\u00f1a contra la violencia machista, donde las famosas fueron fotografiadas con los ojos morados\u2026 si a ellas les pegan, a ti por qu\u00e9 no. Bueno, y habr\u00e1 que ver, conocer y descifrar las muchas respuestas que reciben las mujeres cuando piden a sus hijos varones o a sus parejas que las ayuden en estas tareas.<\/p>\n\n\n\n<p class=\"wp-block-paragraph\">S\u00ed\nhemos salido a la calle, trabajamos en m\u00faltiples tareas, aportamos nuestro\nsueldo, casi siempre \u00edntegro a los gastos del hogar, a veces incluso en mejor\nposici\u00f3n que los varones. Pero el confinamiento, ese Qu\u00e9date en Casa, ratifica\nel trabajo dom\u00e9stico est\u00e1 en nuestras manos. A pesar de todo, estas nuevas\nformas de ser mujeres, realizadas en lo profesional y haci\u00e9ndose cachitos para\ncumplir con la estructura social establecida, jugando ese papel \u201chist\u00f3rico\u201d que\nnos toca, sin vuelta de hoja, por haber nacido con vagina y no con pene. La\nigualdad en casa est\u00e1 lejos, como el hecho de vivir plenas y sin violencia.<\/p>\n\n\n\n<p class=\"wp-block-paragraph\">Y como\ncada a\u00f1o, el 10 de mayo, tendr\u00e1 que ser visto desde la otra orilla del r\u00edo o\nmirar desde la otra forma de ser mujeres, pero no solo las mujeres, es cierto. <\/p>\n\n\n\n<p class=\"wp-block-paragraph\">El 10\nde mayo, me dicen las madres de hijas v\u00edctimas de la violencia machista en\nM\u00e9xico, no tiene nada en particular, no se vive como antes y gracias al\nfeminismo tambi\u00e9n lo desmitifican. Nos recuerda, incluso a m\u00ed, que, en este\npa\u00eds, la justicia sigue pendiente y que la justicia tambi\u00e9n es nuestro derecho.\nInsistimos, reiteramos, como cada tantos a\u00f1os \u00a1Madres s\u00ed, pero con derechos! Lo\notro es un culto hechizo.<\/p>\n","protected":false},"excerpt":{"rendered":"<p>Otro modo de ser madres<\/p>\n","protected":false},"author":3,"featured_media":8460,"comment_status":"open","ping_status":"open","sticky":false,"template":"","format":"standard","meta":{"_monsterinsights_skip_tracking":false,"footnotes":""},"categories":[691,96,75],"tags":[],"class_list":["post-20372","post","type-post","status-publish","format-standard","has-post-thumbnail","category-691","category-mujeres-y-politica","category-soledad-jarquin-edgar"],"_links":{"self":[{"href":"https:\/\/redsemlac.com\/semmexico\/wp-json\/wp\/v2\/posts\/20372","targetHints":{"allow":["GET"]}}],"collection":[{"href":"https:\/\/redsemlac.com\/semmexico\/wp-json\/wp\/v2\/posts"}],"about":[{"href":"https:\/\/redsemlac.com\/semmexico\/wp-json\/wp\/v2\/types\/post"}],"author":[{"embeddable":true,"href":"https:\/\/redsemlac.com\/semmexico\/wp-json\/wp\/v2\/users\/3"}],"replies":[{"embeddable":true,"href":"https:\/\/redsemlac.com\/semmexico\/wp-json\/wp\/v2\/comments?post=20372"}],"version-history":[{"count":0,"href":"https:\/\/redsemlac.com\/semmexico\/wp-json\/wp\/v2\/posts\/20372\/revisions"}],"wp:featuredmedia":[{"embeddable":true,"href":"https:\/\/redsemlac.com\/semmexico\/wp-json\/wp\/v2\/media\/8460"}],"wp:attachment":[{"href":"https:\/\/redsemlac.com\/semmexico\/wp-json\/wp\/v2\/media?parent=20372"}],"wp:term":[{"taxonomy":"category","embeddable":true,"href":"https:\/\/redsemlac.com\/semmexico\/wp-json\/wp\/v2\/categories?post=20372"},{"taxonomy":"post_tag","embeddable":true,"href":"https:\/\/redsemlac.com\/semmexico\/wp-json\/wp\/v2\/tags?post=20372"}],"curies":[{"name":"wp","href":"https:\/\/api.w.org\/{rel}","templated":true}]}}