{"id":20370,"date":"2020-05-08T00:44:33","date_gmt":"2020-05-08T00:44:33","guid":{"rendered":"https:\/\/redsemlac.com\/semmexico\/?p=20370"},"modified":"2023-07-21T16:18:46","modified_gmt":"2023-07-21T21:18:46","slug":"ambigu-24","status":"publish","type":"post","link":"https:\/\/redsemlac.com\/semmexico\/ambigu-24\/","title":{"rendered":"Ambig\u00fa"},"content":{"rendered":"\n<h2 class=\"wp-block-heading\"><strong>Germ\u00e1n, el desarraigado de Michoac\u00e1n y Morena<\/strong><\/h2>\n\n\n\n<p class=\"wp-block-paragraph\"><strong>+ \u201cEl pudridero\nsocial\u201d, solo en su imaginaci\u00f3n<\/strong><\/p>\n\n\n\n<p class=\"wp-block-paragraph\"><strong>+ Semana corridita\nde locuras en las ma\u00f1aneras<\/strong><\/p>\n\n\n\n<p class=\"wp-block-paragraph\"><strong>Por Martha Elba Torres Mart\u00ednez<\/strong><\/p>\n\n\n\n<p class=\"wp-block-paragraph\">SemM\u00e9xico. 07 de mayo 2020.- Germ\u00e1n Mart\u00ednez C\u00e1zares es un total desarraigado de Michoac\u00e1n. La prueba m\u00e1s evidente en estos tiempos de pandemia, es que a pesar de cobrar religiosamente 135 mil pesos mensuales como representante del estado en el Senado de la Rep\u00fablica, no es para regalar siquiera, una mascarita para el personal del IMSS o de menos, una raqu\u00edtica despensa para \u201csus paisanos\u201d.<\/p>\n\n\n\n<p class=\"wp-block-paragraph\">Como director general del IMSS (diciembre 2018-mayo 2019), se\ndio una vuelta a Morelia solo en dos ocasiones: para ver las que ser\u00edan sus\nnuevas oficinas, y la disque inauguraci\u00f3n (3 de enero 2019), a cargo del Presidente.\nNunca, jam\u00e1s, recorri\u00f3 los hospitales y cl\u00ednicas para saludar al personal que\nhoy arriesga sus vidas en esta guerra tan desigual.<\/p>\n\n\n\n<p class=\"wp-block-paragraph\">As\u00ed que en el IMSS nadie puede dar referencias sobre este\nef\u00edmero director que presume tanto su michoacanismo.<\/p>\n\n\n\n<p class=\"wp-block-paragraph\">Que naci\u00f3 en Quiroga, el primer municipio ganado por el PAN.\nPero gracias a este partido, hizo carrera pol\u00edtica y administrativa siempre en\nla capital del pa\u00eds; fue diputado federal en dos ocasiones por la v\u00eda\nplurinominal, as\u00ed como secretario de Despacho y dirigente nacional partidista\n(2007-2009), en tiempos de su incondicionalidad a Felipe Calder\u00f3n, como es hoy\ncon L\u00f3pez Obrador.<\/p>\n\n\n\n<p class=\"wp-block-paragraph\">As\u00ed que si le preguntan a los panistas de cepa sobre Germ\u00e1n,\nlo recuerdan como el responsable de la gran debacle de Acci\u00f3n Nacional en las\nelecciones intermedias y locales del 2009, con la p\u00e9rdida de las gubernaturas\nde Quer\u00e9taro y San Luis Potos\u00ed y el 60 por ciento de la representaci\u00f3n en la\nC\u00e1mara Baja. La raz\u00f3n, fue la imposici\u00f3n descarada y desaseada de candidatos.<\/p>\n\n\n\n<p class=\"wp-block-paragraph\">Y si le preguntan a morenistas sobre su senador Mart\u00ednez\nC\u00e1zares, pondr\u00e1n cara de \u00bfwhat? <\/p>\n\n\n\n<p class=\"wp-block-paragraph\">Los de a pie, no saben ni quien jodidos es. Nunca visita el\npartido ni asiste a eventos; menos tiene una oficina de representaci\u00f3n o una\npaginita en la web y nunca se re\u00fane con la prensa y mucho menos con la clase\npol\u00edtica guinda del momento.<\/p>\n\n\n\n<p class=\"wp-block-paragraph\">Es m\u00e1s, no es atrevimiento escribir que los liderazgos\npol\u00edticos morenistas ni siquiera lo reconocen. Por eso Germ\u00e1n Mart\u00ednez nunca\nviene a reunirse con las pol\u00edticas y pol\u00edticos de su partido. Es m\u00e1s, lo\ndetestan por advenedizo y oportunista; est\u00e1 en la C\u00e1mara -me dicen- pero\nMorena, no es.<\/p>\n\n\n\n<p class=\"wp-block-paragraph\">Al otro extremo, est\u00e1 el senador Crist\u00f3bal Arias Sol\u00eds, que\ntiene casas de enlace en pr\u00e1cticamente todos los municipios; que en estos tiempos\ncomenz\u00f3 donando libros para ir pasando la cuarentena, y hoy manda equipo m\u00e9dico\npara los nosocomios Covid y acerca alimentos a la gente de su partido. Que est\u00e1\nen campa\u00f1a \u00bfqui\u00e9n de los que miran al 2021, no?\u2026<\/p>\n\n\n\n<p class=\"wp-block-paragraph\">\u00a0\u00a0\u00a0\u00a0\u00a0\u00a0\u00a0\u00a0\u00a0\u00a0\u00a0\u00a0\u00a0\u00a0\u00a0\u00a0\u00a0\u00a0\u00a0\u00a0\u00a0\u00a0\u00a0\u00a0\u00a0\u00a0\u00a0\u00a0\u00a0\u00a0\u00a0\u00a0\u00a0\u00a0\u00a0\u00a0\u00a0\u00a0\u00a0\u00a0\u00a0\u00a0\u00a0\u00a0\u00a0\u00a0\u00a0\u00a0\u00a0\u00a0\u00a0\u00a0\u00a0\u00a0\u00a0\u00a0\u00a0\u00a0\u00a0\u00a0\u00a0\u00a0\u00a0\u00a0\u00a0\u00a0\u00a0\u00a0\u00a0\u00a0\u00a0\u00a0<strong>\u00a0\u00a0\u00a0\u00a0\u00a0 ***<\/strong><\/p>\n\n\n\n<p class=\"wp-block-paragraph\">Pues esta semana, Germ\u00e1n Mart\u00ednez volvi\u00f3 a despotricar\ncontra Silvano Aureoles, por el \u201cpudridero\u201d en que tiene a Michoac\u00e1n y del que\n\u201cMorena lo sacar\u00e1 porque representa el cambio verdadero\u201d. Pues como que el\nslogan no es muy oportuno, porque hasta parece castigo divino: cuando ganan con\nAmlo, le da por aparecer al canijo virus. <\/p>\n\n\n\n<p class=\"wp-block-paragraph\">Que el gobernador se defienda solo y salga el secretario de\nGobierno, Carlos Herrera, a se\u00f1alarlo de cobarde y traidor -que en eso no\nminti\u00f3 porque abandon\u00f3 el IMSS y sali\u00f3 por la puerta de atr\u00e1s del PAN-,\nentonces, vio en Morena la oportunidad de enchufarse nuevamente al presupuesto federal.\n<\/p>\n\n\n\n<p class=\"wp-block-paragraph\">El caso, que nadie puede negar que Aureoles y su staff han\nestado a la altura de los dif\u00edciles momentos que vivimos, y anda en friega\nrecorriendo personalmente hospitales, comprando equipos e insumos m\u00e9dicos, ya\nse distribuyen alimentos. En marzo entreg\u00f3 85 patrullas para apoyar la\nestrategia de salud, y esta semana, 150 m\u00e1s para la seguridad p\u00fablica. <\/p>\n\n\n\n<p class=\"wp-block-paragraph\">La doctora Diana Carpio est\u00e1 pegada en L\u00e1zaro C\u00e1rdenas donde\nse registra el mayor contagio; el tesorero Carlos Maldonado hace y hace cuentas\npor los gastos extraordinarios; los polic\u00edas, entre patrullan, entregan los\npaquetes alimenticios para no exponer al personal civil, y la Coordinaci\u00f3n de\nComunicaci\u00f3n Social emitiendo en promedio, de 8 a 10 comunicados y productos diarios\nsobre acciones en la contingencia. Todo, para evitar que Michoac\u00e1n ascienda en\nla escala de descontrol, como sucede en los estados morenistas de Ciudad de\nM\u00e9xico, Tabasco y Puebla.<\/p>\n\n\n\n<p class=\"wp-block-paragraph\">Y sale el descarado de Germ\u00e1n con que esto es un \u201cpudridero\nsocial\u201d. Se nota el gran desconocimiento que tiene sobre la entidad que dice\nque representa. \u00bfA qui\u00e9n representa? \u00bfA los morenos de aqu\u00ed? Que les pregunten.<\/p>\n\n\n\n<p class=\"wp-block-paragraph\">Efectivamente, Aureoles como otros gobernadores, tuvo sus\nchoques pol\u00edticos por la figura de los superdelegados, instancia intermedia que\nvulnerar\u00eda el Pacto Federal, porque el tema de los recursos se tratar\u00eda con\nellos y no con el Presidente. El tema se super\u00f3 y se dio vuelta a la hoja.<\/p>\n\n\n\n<p class=\"wp-block-paragraph\">Ahora que los mandatarios de Nuevo Le\u00f3n, Coahuila, Jalisco,\nDurango y Tamaulipas amenazaron con retirarse del acuerdo fiscal con el\nGobierno Federal, Silvano lleg\u00f3 con la propuesta de una Convenci\u00f3n Nacional\nHacendaria para pugnar por un mejor reparto para estados y municipios, de los\ndineros nacionales.<\/p>\n\n\n\n<p class=\"wp-block-paragraph\">Una cosa es muy distinta de la otra. Pero Germ\u00e1n no lo\nentendi\u00f3 as\u00ed, y sali\u00f3 el pasado fin de semana con se\u00f1alamientos contra Silvano,\nsin referirse para nada a la postura de los otros mandatarios.<\/p>\n\n\n\n<p class=\"wp-block-paragraph\">Las lecturas. Si como dicen, Mart\u00ednez C\u00e1zares tra\u00eda sus\nalcoholes encima, que combinado con el encierro y la tirria al perredista, eso\nlo pudo haber llevado a difundir su video jalado de los pelos. O la otra: quiso\nmandar el mensaje a Crist\u00f3bal que lleva la delantera en Morena para el 2021, de\nque no est\u00e1 \u201cmuerto\u201d. Pues entonces que no exhiba su ignorancia sobre Michoac\u00e1n\ny que no sea tan marro para apoyar con algo al estado.<\/p>\n\n\n\n<p class=\"wp-block-paragraph\">Y otra para que el senador morenista tenga claro que en\nMichoac\u00e1n no estamos tan podridos como supone. En la ma\u00f1anera de ayer, L\u00f3pez\nObrador dio a conocer los estados donde se reforzar\u00e1n las acciones antiCovid\nporque se les solt\u00f3 el diablo: el Valle de M\u00e9xico, Morelos, Guerrero, Oaxaca,\nVeracruz, Puebla y Tlaxcala.<\/p>\n\n\n\n<p class=\"wp-block-paragraph\">Al in\u00fatil de Miguel Barbosa, ya le mandaron a la\nsubsecretaria de Gobernaci\u00f3n, Diana \u00c1lvarez, para que se aplique en la\ncontenci\u00f3n de contagios que es alt\u00edsima; a Quintana Roo y Baja California\nenviaron ventiladores y a Michoac\u00e1n no ha llegado ni uno.<\/p>\n\n\n\n<p class=\"wp-block-paragraph\">\u00bfEsto que retrata? Que Silvano hace bien las cosas para\ncontener la infecci\u00f3n y salvar vidas. Un dato: en L\u00e1zaro C\u00e1rdenas, donde a la\ngente le vali\u00f3 madres la contingencia, hoy ya hay cinco unidades m\u00f3viles para\naplicaci\u00f3n de la prueba Covid y a los contagiados los aislar\u00e1n a fuerzas\u2026<\/p>\n\n\n\n<p class=\"wp-block-paragraph\">\u00a0\u00a0\u00a0\u00a0\u00a0\u00a0\u00a0\u00a0\u00a0\u00a0\u00a0\u00a0\u00a0\u00a0\u00a0\u00a0\u00a0\u00a0\u00a0\u00a0\u00a0\u00a0\u00a0\u00a0\u00a0\u00a0\u00a0\u00a0\u00a0\u00a0\u00a0\u00a0\u00a0\u00a0\u00a0\u00a0\u00a0\u00a0\u00a0\u00a0\u00a0\u00a0\u00a0\u00a0\u00a0\u00a0\u00a0\u00a0\u00a0\u00a0\u00a0\u00a0\u00a0\u00a0\u00a0\u00a0\u00a0\u00a0\u00a0\u00a0\u00a0\u00a0\u00a0\u00a0\u00a0\u00a0\u00a0\u00a0\u00a0\u00a0\u00a0\u00a0\u00a0\u00a0\u00a0\u00a0\u00a0\u00a0\u00a0\u00a0\u00a0\u00a0\u00a0\u00a0\u00a0\u00a0\u00a0\u00a0\u00a0<strong>\u00a0\u00a0\u00a0\u00a0 ***<\/strong><\/p>\n\n\n\n<p class=\"wp-block-paragraph\"><strong>LA COMIDILLA<\/strong><\/p>\n\n\n\n<p class=\"wp-block-paragraph\">Para la segunda mitad del a\u00f1o, la expectativa de CI Banco es\nque el \u201cbienestar\u201d se contraiga 8.5% en el tercer trimestre y 4.6% en el\ncuarto, con lo que su estimado para todo el 2020 es de una ca\u00edda de 8.0 por\nciento.<\/p>\n\n\n\n<p class=\"wp-block-paragraph\">En sus estimaciones, si bien el \u201cbienestar\u201d inici\u00f3 el 2020\nde forma d\u00e9bil, con una ca\u00edda de 2.4%, el verdadero golpe econ\u00f3mico derivado de\nla pandemia de Covid-19 ser\u00e1 entre abril y junio. Y los \u201cPre-Criterios 2021\u201d de\nla Secretar\u00eda de Hacienda pronostican \u201cdesarrollo\u201d del \u201cbienestar\u201d para este\na\u00f1o, de -3.9%.<\/p>\n\n\n\n<p class=\"wp-block-paragraph\">\u00bfEntendieron apreciables lectoras y lectores? Yo no. Pero es\nla nueva terminolog\u00eda de L\u00f3pez Obrador: mejor hablar de desarrollo y no de\ncrecimiento, en bienestar en vez de PIB y pensar en lo espiritual y no en lo\nmaterial.<\/p>\n\n\n\n<p class=\"wp-block-paragraph\">Como reprobar las campa\u00f1as de bots en su contra, en redes\nsociales. Pidi\u00f3 cuentas a Twitter y le balcone\u00f3 su mill\u00f3n 668 mil 863\nseguidores falsos.<\/p>\n\n\n\n<p class=\"wp-block-paragraph\">Y que tal el pol\u00edgono de frecuencia acumulada sobre Covid\nque desnud\u00f3 la mentirota del aplanamiento de contagios. Al cierre de esta\nentrega, segu\u00eda ascendiendo ya en m\u00e1s de mil 600 casos nuevos al d\u00eda, 27 mil\n634 contagiados, 7 mil 149 activos y 2 mil 704 muertos. <\/p>\n\n\n\n<p class=\"wp-block-paragraph\">En estas condiciones, el pr\u00f3ximo d\u00eda 17 se recobra la\n\u201cnormalidad\u201d en los municipios blancos. Seg\u00fan L\u00f3pez Gatell, la Jornada Nacional\nde Sana Distancia disminuy\u00f3 cerca del 60 al 75 por ciento la cantidad de\ncontagios en el pa\u00eds. \u00bfSe imaginan si no?<\/p>\n\n\n\n<p class=\"wp-block-paragraph\">Pero sobre todos estos absurdos, el de la semana,\nindudablemente es que no ha advertido \u201cdesarrollo\u201d en la violencia contra las\nmujeres a causa del confinamiento domiciliario. \u00a1Uta! \u00bfOlga S\u00e1nchez Cordero y\nArturo Herrera nunca le informaron que tuvieron que refinanciarse los refugios\npara mujeres y sus hijas e hijos por la violencia extrema que sufren? \u00bfAlfonso\nDurazo no le ha dicho que son miles las denuncias al 911 por violencia\ndom\u00e9stica? <\/p>\n\n\n\n<p class=\"wp-block-paragraph\">En el caso de la violencia en general tampoco ha advertido\n\u201cdesarrollo\u201d. \u00bfNo? El domingo 19 de abril, 105 asesinados y el lunes 20, fueron\n114. En sus primeros 16 meses de gobierno, ya hab\u00eda rebasado los 40 mil\ncr\u00edmenes violentos, 69 por ciento m\u00e1s que en el mismo lapso del gobierno de\nEnrique Pe\u00f1a Nieto.<\/p>\n","protected":false},"excerpt":{"rendered":"<p>Germ\u00e1n, el desarraigado de Michoac\u00e1n y Morena<\/p>\n","protected":false},"author":3,"featured_media":9303,"comment_status":"open","ping_status":"open","sticky":false,"template":"","format":"standard","meta":{"_monsterinsights_skip_tracking":false,"footnotes":""},"categories":[691,99,90],"tags":[],"class_list":["post-20370","post","type-post","status-publish","format-standard","has-post-thumbnail","category-691","category-ambigu","category-martha-elba-torres-martinez"],"_links":{"self":[{"href":"https:\/\/redsemlac.com\/semmexico\/wp-json\/wp\/v2\/posts\/20370","targetHints":{"allow":["GET"]}}],"collection":[{"href":"https:\/\/redsemlac.com\/semmexico\/wp-json\/wp\/v2\/posts"}],"about":[{"href":"https:\/\/redsemlac.com\/semmexico\/wp-json\/wp\/v2\/types\/post"}],"author":[{"embeddable":true,"href":"https:\/\/redsemlac.com\/semmexico\/wp-json\/wp\/v2\/users\/3"}],"replies":[{"embeddable":true,"href":"https:\/\/redsemlac.com\/semmexico\/wp-json\/wp\/v2\/comments?post=20370"}],"version-history":[{"count":0,"href":"https:\/\/redsemlac.com\/semmexico\/wp-json\/wp\/v2\/posts\/20370\/revisions"}],"wp:featuredmedia":[{"embeddable":true,"href":"https:\/\/redsemlac.com\/semmexico\/wp-json\/wp\/v2\/media\/9303"}],"wp:attachment":[{"href":"https:\/\/redsemlac.com\/semmexico\/wp-json\/wp\/v2\/media?parent=20370"}],"wp:term":[{"taxonomy":"category","embeddable":true,"href":"https:\/\/redsemlac.com\/semmexico\/wp-json\/wp\/v2\/categories?post=20370"},{"taxonomy":"post_tag","embeddable":true,"href":"https:\/\/redsemlac.com\/semmexico\/wp-json\/wp\/v2\/tags?post=20370"}],"curies":[{"name":"wp","href":"https:\/\/api.w.org\/{rel}","templated":true}]}}