{"id":20364,"date":"2020-05-07T20:45:20","date_gmt":"2020-05-07T20:45:20","guid":{"rendered":"https:\/\/redsemlac.com\/semmexico\/?p=20364"},"modified":"2023-07-21T16:18:47","modified_gmt":"2023-07-21T21:18:47","slug":"amlo-favorece-la-impunidad-en-el-caso-de-violencia-en-casa","status":"publish","type":"post","link":"https:\/\/redsemlac.com\/semmexico\/amlo-favorece-la-impunidad-en-el-caso-de-violencia-en-casa\/","title":{"rendered":"AMLO favorece la impunidad en el caso de violencia en casa"},"content":{"rendered":"\n<ul class=\"wp-block-list\"><li><strong> M\u00e1s de tres mil mujeres, hasta hoy, de la sociedad, la academia y el congreso reaccionan a tal actitud<\/strong><\/li><\/ul>\n\n\n\n<ul class=\"wp-block-list\"><li><strong>Grave que el presidente de la Rep\u00fablica desmienta a sus propias fuentes<\/strong><\/li><\/ul>\n\n\n\n<p class=\"wp-block-paragraph\"><strong>Argelia Guevara\/Elda Montiel <\/strong><\/p>\n\n\n\n<p class=\"wp-block-paragraph\">SemM\u00e9xico, Cd. de M\u00e9xico, 7 de mayo, 2020.- Los\ncomentarios del presidente Andr\u00e9s Manuel L\u00f3pez Obrador respecto a que no ha\naumentado la violencia contra las mujeres en el supuesto de las medidas de\nconfinamiento, favorecen la impunidad y env\u00edan a la sociedad el mensaje de que\nla violencia en el hogar no es relevante se\u00f1alan feministas, diputadas,\nacad\u00e9micas, y mujeres de la sociedad civil, y se extiende la reacci\u00f3n a todo el\npa\u00eds y el extranjero.<\/p>\n\n\n\n<p class=\"wp-block-paragraph\">La reprimenda al presidente es una convocatoria de la Red Nacional de Refugios (RNR), Amnist\u00eda Internacional y Equis Justicia y de diversas organizaciones donde participan funcionarias y legisladoras de todos los partidos, ex gobernadoras y dirigentes.<\/p>\n\n\n\n<p class=\"wp-block-paragraph\">La carta abierta dirigida al Ejecutivo, que sigue\ncirculando a la firma, es una respuesta a las declaraciones del presidente de\nla Rep\u00fablica de que duda que aument\u00f3 la violencia en casa y su se\u00f1alamiento de\nque la familia mexicana no es como las de otros pa\u00edses y priva ah\u00ed la\nsolidaridad y el amor. En respuesta hasta esta ma\u00f1ana m\u00e1s de 3 mil mujeres de\ntodo el pa\u00eds, se siguen acumulando adhesiones. En el comunicado le aclaran que\nla violencia contra las mujeres y las ni\u00f1as es la pandemia m\u00e1s letal que\nconfirman los datos oficiales del Secretariado Ejecutivo del SNSP.<\/p>\n\n\n\n<p class=\"wp-block-paragraph\">Ese\norganismo, del que se toman los datos oficiales en la Secretar\u00eda de Gobernaci\u00f3n,\nha documentado que a partir del confinamiento por Covid-19, que en el primer\ntrimestre del a\u00f1o se registraron 960 asesinatos de mujeres, en promedio 10 por\nd\u00eda; y las llamadas al 911 pidiendo auxilio en el hogar fueron 67,081 m\u00e1s de 24\nmil en comparaci\u00f3n con 2019.<\/p>\n\n\n\n<p class=\"wp-block-paragraph\">Admiten\nque es posible que haya menos denuncias formales ante fiscal\u00edas por la\ndificultad que representa a las mujeres denunciar, cuando adem\u00e1s hay un nivel\nde impunidad del 90 % y se ha entrado a la tercera fase de confinamiento.<\/p>\n\n\n\n<p class=\"wp-block-paragraph\">Se\u00f1alan\nque son preocupantes los comentarios del Ejecutivo, ya que sus palabras tambi\u00e9n\nson pol\u00edticas y directrices para la administraci\u00f3n p\u00fablica. <\/p>\n\n\n\n<p class=\"wp-block-paragraph\">Llaman\nal primer mandatario a atender la situaci\u00f3n de violencia que viven las mujeres,\nlas ni\u00f1as y los ni\u00f1os y a instrumentar medidas de emergencia para atender la\nque hasta hoy es la pandemia m\u00e1s letal contra las mujeres, la violencia\nfeminicida. <\/p>\n\n\n\n<p class=\"wp-block-paragraph\">Le precisan que la violencia contra las mujeres es\nla causa de m\u00e1s de la mitad de violaciones, abusos sexuales y de los asesinatos\nde las ni\u00f1as, ni\u00f1os y mujeres.<\/p>\n\n\n\n<p class=\"wp-block-paragraph\">De acuerdo a la Ley General de Acceso de las Mujeres\na una Vida Libre de Violencia, la violencia en el hogar se expresa en violencia\npsicol\u00f3gica, f\u00edsica, sexual, econ\u00f3mica, patrimonial y feminicida, que existen\nnumerosos estudios, pruebas y hechos de lo que pasa en la familia mexicana.<\/p>\n\n\n\n<p class=\"wp-block-paragraph\">Tambi\u00e9n es comprobable, que las v\u00edctimas principales\nde la violencia familiar son las mujeres, las ni\u00f1as y los ni\u00f1os, adem\u00e1s de que\nla violencia en el \u00e1mbito familiar es considerada un delito en todo el\nterritorio nacional. <\/p>\n\n\n\n<p class=\"wp-block-paragraph\">La violencia contra las mujeres es hoy el principal\nobst\u00e1culo para su desarrollo y participaci\u00f3n en la vida econ\u00f3mica, pol\u00edtica,\nsocial y cultural de nuestro pa\u00eds. <\/p>\n\n\n\n<p class=\"wp-block-paragraph\">La carta ya ha sido firmada por cientos de mujeres\nde los diversos sectores de la sociedad y organizaciones, y se siguen sumando\nfirmas.&nbsp; Entre ellas la de Pilar S\u00e1nchez\nresponsable de un refugio para mujeres, de la acad\u00e9mica Gloria Careaga, as\u00ed\ncomo redes y organizaciones, como Mujeres por un M\u00e9xico Laico, La Reed\nSeguridad, Justicia y Paz para todas las Mujeres; ADIVAC; Asociaci\u00f3n para el\nDesarrollo Integral de Personas Violadas A.C. Asistencia Legal por los Derechos\nHumanos AC ASILEGAL: \u2022 Asociaci\u00f3n Guerrerense contra la Violencia hacia las\nMujeres. A. C., Ayuda y Solidaridad con las Ni\u00f1as de la Calle I.A.P. y una\ninmensa lista.<\/p>\n\n\n\n<p class=\"wp-block-paragraph\">\u2022 Adelaida Salas Salazar<\/p>\n\n\n\n<p class=\"wp-block-paragraph\">\u2022 Adriana Lecona Escart\u00edn<\/p>\n\n\n\n<p class=\"wp-block-paragraph\">\u2022 Adriana Morales Rosas<\/p>\n\n\n\n<p class=\"wp-block-paragraph\">\u2022 Adriana Rangel Campos<\/p>\n\n\n\n<p class=\"wp-block-paragraph\">\u2022 Aida Flores<\/p>\n\n\n\n<p class=\"wp-block-paragraph\">\u2022 Aim\u00e9e Vega Montiel<\/p>\n\n\n\n<p class=\"wp-block-paragraph\">\u2022 Alejandra Ch\u00e1vez Andrade<\/p>\n\n\n\n<p class=\"wp-block-paragraph\">\u2022 Alejandra Elizabeth M\u00e9ndez Rosas<\/p>\n\n\n\n<p class=\"wp-block-paragraph\">\u2022 Alejandra Flores Bautista<\/p>\n\n\n\n<p class=\"wp-block-paragraph\">\u2022 Alejandra Tejeda Mart\u00ednez<\/p>\n\n\n\n<p class=\"wp-block-paragraph\">\u2022 Alethia Gonz\u00e1lez Collazo<\/p>\n\n\n\n<p class=\"wp-block-paragraph\">\u2022 Alicia Camacho Avitia<\/p>\n\n\n\n<p class=\"wp-block-paragraph\">\u2022 Alicia Medell\u00edn Olvera<\/p>\n\n\n\n<p class=\"wp-block-paragraph\">\u2022 Alma Araceli \u00c1vila Cort\u00e9s<\/p>\n\n\n\n<p class=\"wp-block-paragraph\">\u2022 Alma Cecilia Rosso Guajardo<\/p>\n\n\n\n<p class=\"wp-block-paragraph\">\u2022 Alma Elvira Cervantes Rosales<\/p>\n\n\n\n<p class=\"wp-block-paragraph\">\u2022 Amalia Dolores Garc\u00eda Medina<\/p>\n\n\n\n<p class=\"wp-block-paragraph\">\u2022 \u00c1mbar Uribe de la Vega<\/p>\n\n\n\n<p class=\"wp-block-paragraph\">\u2022 Amparo Macedo<\/p>\n\n\n\n<p class=\"wp-block-paragraph\">\u2022 Ana F\u00e1tima L\u00f3pez Iturr\u00edos<\/p>\n\n\n\n<p class=\"wp-block-paragraph\">\u2022 Ana Irene Muro Lagunes<\/p>\n\n\n\n<p class=\"wp-block-paragraph\">\u2022 Ana Karen de Jes\u00fas Flores<\/p>\n\n\n\n<p class=\"wp-block-paragraph\">\u2022 Anabel Amador<\/p>\n\n\n\n<p class=\"wp-block-paragraph\">\u2022 Anah\u00ed Blancas Zamora<\/p>\n\n\n\n<p class=\"wp-block-paragraph\">\u2022 Andrea G\u00f3mez Acevedo<\/p>\n\n\n\n<p class=\"wp-block-paragraph\">\u2022 Ang\u00e9lica Mar\u00eda Arredondo Sandoval<\/p>\n\n\n\n<p class=\"wp-block-paragraph\">\u2022 Ang\u00e9lica Nadurille<\/p>\n\n\n\n<p class=\"wp-block-paragraph\">\u2022 Ang\u00e9lica Rodr\u00edguez Hern\u00e1ndez<\/p>\n\n\n\n<p class=\"wp-block-paragraph\">\u2022 Anna Elia Garc\u00eda<\/p>\n\n\n\n<p class=\"wp-block-paragraph\">\u2022 Araceli Lepr\u00f3n Le\u00f3n<\/p>\n\n\n\n<p class=\"wp-block-paragraph\">\u2022 Araceli olivas Torres<\/p>\n\n\n\n<p class=\"wp-block-paragraph\">\u2022 Arely Torres Miranda<\/p>\n\n\n\n<p class=\"wp-block-paragraph\">\u2022 Arlette Yadira Delgado Velasco<\/p>\n\n\n\n<p class=\"wp-block-paragraph\">\u2022 <a>Asistencia Legal por los\nDerechos Humanos AC ASILEGAL<\/a><\/p>\n\n\n\n<p class=\"wp-block-paragraph\">\u2022 Asociaci\u00f3n Guerrerense contra la Violencia hacia las Mujeres. A. C<\/p>\n\n\n\n<p class=\"wp-block-paragraph\">\u2022 Aurora Camacho Mercado<\/p>\n\n\n\n<p class=\"wp-block-paragraph\">\u2022 Ayuda y Solidaridad con las Ni\u00f1as de la Calle I.A.P.<\/p>\n\n\n\n<p class=\"wp-block-paragraph\">\u2022 Azahalia Rodr\u00edguez Peralta<\/p>\n\n\n\n<p class=\"wp-block-paragraph\">\u2022 Azucena Evangelista Salazar<\/p>\n\n\n\n<p class=\"wp-block-paragraph\">\u2022 Beatriz Elena De Santiago Lazalde<\/p>\n\n\n\n<p class=\"wp-block-paragraph\">\u2022 Blanca Laura Lee<\/p>\n\n\n\n<p class=\"wp-block-paragraph\">\u2022 Blanca Laura Mart\u00ednez Belmares<\/p>\n\n\n\n<p class=\"wp-block-paragraph\">\u2022 Blanca Margarita Luna Parga<\/p>\n\n\n\n<p class=\"wp-block-paragraph\">\u2022 Blanca Vera Mendoza Ram\u00edrez<\/p>\n\n\n\n<p class=\"wp-block-paragraph\">\u2022 Brenda Cristal Gonz\u00e1lez Enr\u00edquez<\/p>\n\n\n\n<p class=\"wp-block-paragraph\">\u2022 Carina Chumacero Guevara<\/p>\n\n\n\n<p class=\"wp-block-paragraph\">\u2022 Carmen Berenice Gonz\u00e1lez Ortiz<\/p>\n\n\n\n<p class=\"wp-block-paragraph\">\u2022 Carmen Concepci\u00f3n Villa Galarza<\/p>\n\n\n\n<p class=\"wp-block-paragraph\">\u2022 Carmen Fabiola Rivera Rojas<\/p>\n\n\n\n<p class=\"wp-block-paragraph\">\u2022 Carolina Ramos Leyva<\/p>\n\n\n\n<p class=\"wp-block-paragraph\">\u2022 Catalina Hern\u00e1ndez Olgu\u00edn<\/p>\n\n\n\n<p class=\"wp-block-paragraph\">\u2022 Cecilia Gpe. Espinosa Mart\u00ednez<\/p>\n\n\n\n<p class=\"wp-block-paragraph\">\u2022 Cecilia Rueda Ram\u00edrez<\/p>\n\n\n\n<p class=\"wp-block-paragraph\">\u2022 Centro de Atenci\u00f3n a la Mujer Trabajadora A.C.<\/p>\n\n\n\n<p class=\"wp-block-paragraph\">\u2022 Centro de Atenci\u00f3n a la Mujer Trabajadora de\nChihuahua A.C.<\/p>\n\n\n\n<p class=\"wp-block-paragraph\">\u2022 Christian Arely Garc\u00eda Balderas<\/p>\n\n\n\n<p class=\"wp-block-paragraph\">\u2022 Cinthia Isabel Flores Cer\u00f3n<\/p>\n\n\n\n<p class=\"wp-block-paragraph\">\u2022 Claudia Alonso Pesado<\/p>\n\n\n\n<p class=\"wp-block-paragraph\">\u2022 Claudia B. Crevenna<\/p>\n\n\n\n<p class=\"wp-block-paragraph\">\u2022 Claudia Calvin<\/p>\n\n\n\n<p class=\"wp-block-paragraph\">\u2022 Claudia Castello Rebollar<\/p>\n\n\n\n<p class=\"wp-block-paragraph\">\u2022 Claudia E G Rangel Lozano<\/p>\n\n\n\n<p class=\"wp-block-paragraph\">\u2022 Claudia Marcela Leal Rodr\u00edguez<\/p>\n\n\n\n<p class=\"wp-block-paragraph\">\u2022 Claudia Moreno Huerta<\/p>\n\n\n\n<p class=\"wp-block-paragraph\">\u2022 Claudia Noriega<\/p>\n\n\n\n<p class=\"wp-block-paragraph\">\u2022 Claudia Trujillo Rinc\u00f3n<\/p>\n\n\n\n<p class=\"wp-block-paragraph\">\u2022 Claudia Victoria<\/p>\n\n\n\n<p class=\"wp-block-paragraph\">\u2022 Claudia Zamora Mu\u00f1oz<\/p>\n\n\n\n<p class=\"wp-block-paragraph\">\u2022 Colectiva Radial Poder Pol\u00edtico de las Mujeres<\/p>\n\n\n\n<p class=\"wp-block-paragraph\">\u2022 Colectivo de Mujeres por la Equidad, la Salud y la\nEducaci\u00f3n AC<\/p>\n\n\n\n<p class=\"wp-block-paragraph\">\u2022 Concepci\u00f3n Hern\u00e1ndez Mijangos<\/p>\n\n\n\n<p class=\"wp-block-paragraph\">\u2022 Conciencias Libres A.C.<\/p>\n\n\n\n<p class=\"wp-block-paragraph\">\u2022 Consejo Ciudadano de la Comisi\u00f3n Estatal de\nDerechos Humanos de San Luis Potos\u00ed<\/p>\n\n\n\n<p class=\"wp-block-paragraph\">\u2022 Coordinaci\u00f3n Feminista Olimpia de Gouges A.C.<\/p>\n\n\n\n<p class=\"wp-block-paragraph\">\u2022 Cristian Toledo Escoto<\/p>\n\n\n\n<p class=\"wp-block-paragraph\">\u2022 Cristina Renaud<\/p>\n\n\n\n<p class=\"wp-block-paragraph\">\u2022 Cynthia Navarrete Gil<\/p>\n\n\n\n<p class=\"wp-block-paragraph\">\u2022 Cyntia Ver\u00f3nica Ju\u00e1rez Enr\u00edquez<\/p>\n\n\n\n<p class=\"wp-block-paragraph\">\u2022 Dalia Jazm\u00edn Arellano Morales<\/p>\n\n\n\n<p class=\"wp-block-paragraph\">\u2022 Daniela Razo Mart\u00ednez<\/p>\n\n\n\n<p class=\"wp-block-paragraph\">\u2022 David S\u00e1nchez<\/p>\n\n\n\n<p class=\"wp-block-paragraph\">\u2022 Delia Estrada S\u00e1nchez<\/p>\n\n\n\n<p class=\"wp-block-paragraph\">\u2022 Diana Aracely Wilches Licano<\/p>\n\n\n\n<p class=\"wp-block-paragraph\">\u2022 Diana Brise\u00f1o<\/p>\n\n\n\n<p class=\"wp-block-paragraph\">\u2022 Diana Guevara \u00c1lvarez<\/p>\n\n\n\n<p class=\"wp-block-paragraph\">\u2022 Diana Ivonne Amaya Morales<\/p>\n\n\n\n<p class=\"wp-block-paragraph\">\u2022 Dip. Lorena Villavicencio<\/p>\n\n\n\n<p class=\"wp-block-paragraph\">\u2022 Dip. Mariana Rodr\u00edguez Mier<\/p>\n\n\n\n<p class=\"wp-block-paragraph\">\u2022 Dip. Martha Tagle<\/p>\n\n\n\n<p class=\"wp-block-paragraph\">\u2022 Dominga Adriana Vargas Le\u00f3n<\/p>\n\n\n\n<p class=\"wp-block-paragraph\">\u2022 Dora Adriana Ortiz Alcaide<\/p>\n\n\n\n<p class=\"wp-block-paragraph\">\u2022 Dora \u00c1vila Betancourt<\/p>\n\n\n\n<p class=\"wp-block-paragraph\">\u2022 Dora Cibrian Salas<\/p>\n\n\n\n<p class=\"wp-block-paragraph\">\u2022 Priscila Rebeca Salas Espinoza<\/p>\n\n\n\n<p class=\"wp-block-paragraph\">\u2022 Dulce Mar\u00eda Lara<\/p>\n\n\n\n<p class=\"wp-block-paragraph\">\u2022 Dulce Mar\u00eda Romo Z\u00fa\u00f1iga<\/p>\n\n\n\n<p class=\"wp-block-paragraph\">\u2022 Edith Yarely Robles Arredondo<\/p>\n\n\n\n<p class=\"wp-block-paragraph\">\u2022 Edna Consuelo Villegas Reyes<\/p>\n\n\n\n<p class=\"wp-block-paragraph\">\u2022 Elizabeth Medina<\/p>\n\n\n\n<p class=\"wp-block-paragraph\">\u2022 Elizer Ixba Alejos<\/p>\n\n\n\n<p class=\"wp-block-paragraph\">\u2022 Elvira Luna Galicia<\/p>\n\n\n\n<p class=\"wp-block-paragraph\">\u2022 Emma Rodr\u00edguez Garc\u00eda<\/p>\n\n\n\n<p class=\"wp-block-paragraph\">\u2022 Enna Maldonado Longoria<\/p>\n\n\n\n<p class=\"wp-block-paragraph\">\u2022 Erika Adriana Romano Hern\u00e1ndez<\/p>\n\n\n\n<p class=\"wp-block-paragraph\">\u2022 Erika Romero Gonz\u00e1lez<\/p>\n\n\n\n<p class=\"wp-block-paragraph\">\u2022 Estela Casados Gonz\u00e1lez<\/p>\n\n\n\n<p class=\"wp-block-paragraph\">\u2022 Eugenia Flores<\/p>\n\n\n\n<p class=\"wp-block-paragraph\">\u2022 Evangelina S\u00e1nchez Serrano<\/p>\n\n\n\n<p class=\"wp-block-paragraph\">\u2022 Evelia Estela Catal\u00e1n Casiano<\/p>\n\n\n\n<p class=\"wp-block-paragraph\">\u2022 Fabi\u00e1n Eduardo Blancas Hern\u00e1ndez<\/p>\n\n\n\n<p class=\"wp-block-paragraph\">\u2022 Fabiola Monserrat Tudon<\/p>\n\n\n\n<p class=\"wp-block-paragraph\">\u2022 Fabiola Rosas Navarro<\/p>\n\n\n\n<p class=\"wp-block-paragraph\">\u2022 Fanny Zarai Cravioto Tovar<\/p>\n\n\n\n<p class=\"wp-block-paragraph\">\u2022 Fanny Zarai Cravioto Tovar<\/p>\n\n\n\n<p class=\"wp-block-paragraph\">\u2022 Flor Cristina L\u00f3pez Cadena<\/p>\n\n\n\n<p class=\"wp-block-paragraph\">\u2022 Francisca Duarte Ahumada<\/p>\n\n\n\n<p class=\"wp-block-paragraph\">\u2022 Frente Feminista Nacional Cap\u00edtulo Guerrero<\/p>\n\n\n\n<p class=\"wp-block-paragraph\">\u2022 Frida Ang\u00e9lica G\u00f3mez<\/p>\n\n\n\n<p class=\"wp-block-paragraph\">\u2022 Frizia Corina Angulo Arciniega<\/p>\n\n\n\n<p class=\"wp-block-paragraph\">\u2022 Gabriela Delgado Ballesteros<\/p>\n\n\n\n<p class=\"wp-block-paragraph\">\u2022 Gabriela Elizabeth Garc\u00eda Palacios<\/p>\n\n\n\n<p class=\"wp-block-paragraph\">\u2022 Gabriela Gonz\u00e1lez Barrag\u00e1n<\/p>\n\n\n\n<p class=\"wp-block-paragraph\">\u2022 Gabriela Hern\u00e1ndez L\u00f3pez<\/p>\n\n\n\n<p class=\"wp-block-paragraph\">\u2022 Gabriela Rasc\u00f3n Licano<\/p>\n\n\n\n<p class=\"wp-block-paragraph\">\u2022 Gabriela S\u00e1nchez Garza<\/p>\n\n\n\n<p class=\"wp-block-paragraph\">\u2022 Gadiel Alcaraz Gil<\/p>\n\n\n\n<p class=\"wp-block-paragraph\">\u2022 Giselle Meza Martell<\/p>\n\n\n\n<p class=\"wp-block-paragraph\">\u2022 Glode de los \u00c1ngeles Flores S\u00e1nchez<\/p>\n\n\n\n<p class=\"wp-block-paragraph\">\u2022 Gloria Careaga P\u00e9rez<\/p>\n\n\n\n<p class=\"wp-block-paragraph\">\u2022 Gloria de los \u00c1ngeles Flores S\u00e1nchez<\/p>\n\n\n\n<p class=\"wp-block-paragraph\">\u2022 Gloria Guadalupe Flores Ruiz<\/p>\n\n\n\n<p class=\"wp-block-paragraph\">\u2022 Gloria L\u00f3pez Mora<\/p>\n\n\n\n<p class=\"wp-block-paragraph\">\u2022 Gloria Ram\u00edrez<\/p>\n\n\n\n<p class=\"wp-block-paragraph\">\u2022 Gloria torres Salas<\/p>\n\n\n\n<p class=\"wp-block-paragraph\">\u2022 Graciela Machuca Mart\u00ednez<\/p>\n\n\n\n<p class=\"wp-block-paragraph\">\u2022 Gretel Eunice Castorena Escalera<\/p>\n\n\n\n<p class=\"wp-block-paragraph\">\u2022 Griselda Mezquida Salda\u00f1a<\/p>\n\n\n\n<p class=\"wp-block-paragraph\">\u2022 Guadalupe Campillo Mart\u00ednez<\/p>\n\n\n\n<p class=\"wp-block-paragraph\">\u2022 Guadalupe Juli\u00e1n Ch\u00e1vez<\/p>\n\n\n\n<p class=\"wp-block-paragraph\">\u2022 Guadalupe Ortega Rodr\u00edguez<\/p>\n\n\n\n<p class=\"wp-block-paragraph\">\u2022 Guillermina Mireles Vallejo<\/p>\n\n\n\n<p class=\"wp-block-paragraph\">\u2022 Hortencia Rodr\u00edguez Z\u00fa\u00f1iga<\/p>\n\n\n\n<p class=\"wp-block-paragraph\">\u2022 Imelda Garc\u00eda Ugalde<\/p>\n\n\n\n<p class=\"wp-block-paragraph\">\u2022 Imelda Marrufo N.<\/p>\n\n\n\n<p class=\"wp-block-paragraph\">\u2022 In\u00e9s Mart\u00ednez de Castro N.<\/p>\n\n\n\n<p class=\"wp-block-paragraph\">\u2022 Instituto de Estudios Transgeneracionales<\/p>\n\n\n\n<p class=\"wp-block-paragraph\">\u2022 Instituto de Investigaci\u00f3n y Estudios para la\nAtenci\u00f3n de la Violencia hacia Ni\u00f1os,<\/p>\n\n\n\n<p class=\"wp-block-paragraph\">Ni\u00f1as y Adolescentes<\/p>\n\n\n\n<p class=\"wp-block-paragraph\">\u2022 Irene Garza Mart\u00ednez<\/p>\n\n\n\n<p class=\"wp-block-paragraph\">\u2022 Irma de Jes\u00fas Miguel Garz\u00f3n<\/p>\n\n\n\n<p class=\"wp-block-paragraph\">\u2022 Irma Estela Aguirre<\/p>\n\n\n\n<p class=\"wp-block-paragraph\">\u2022 Irma Serrano Esparza<\/p>\n\n\n\n<p class=\"wp-block-paragraph\">\u2022 Itza Casta\u00f1eda<\/p>\n\n\n\n<p class=\"wp-block-paragraph\">\u2022 Janeth Pe\u00f1a<\/p>\n\n\n\n<p class=\"wp-block-paragraph\">\u2022 Janette Carolina Carrillo Orozco<\/p>\n\n\n\n<p class=\"wp-block-paragraph\">\u2022 Jaqueline Campbell<\/p>\n\n\n\n<p class=\"wp-block-paragraph\">\u2022 Javier Antonio Moreira Rodr\u00edguez<\/p>\n\n\n\n<p class=\"wp-block-paragraph\">\u2022 Jos\u00e9 Antonio Sandoval Mu\u00f1oz<\/p>\n\n\n\n<p class=\"wp-block-paragraph\">\u2022 Jos\u00e9 Cruz Guzm\u00e1n Matias<\/p>\n\n\n\n<p class=\"wp-block-paragraph\">\u2022 J\u00f3venes en Plural A.C.<\/p>\n\n\n\n<p class=\"wp-block-paragraph\">\u2022 Judith Sol\u00eds T\u00e9llez<\/p>\n\n\n\n<p class=\"wp-block-paragraph\">\u2022 Julia Escalante De Haro<\/p>\n\n\n\n<p class=\"wp-block-paragraph\">\u2022 Julieta Hern\u00e1ndez Camargo<\/p>\n\n\n\n<p class=\"wp-block-paragraph\">\u2022 Julieta Jocabeth Mart\u00ednez Gonz\u00e1lez<\/p>\n\n\n\n<p class=\"wp-block-paragraph\">\u2022 Julieta Maribel Olgu\u00edn Castillo<\/p>\n\n\n\n<p class=\"wp-block-paragraph\">\u2022 Karla Alejandrina Garc\u00eda Tello<\/p>\n\n\n\n<p class=\"wp-block-paragraph\">\u2022 Karla Burton Moreno<\/p>\n\n\n\n<p class=\"wp-block-paragraph\">\u2022 Karla Jacott<\/p>\n\n\n\n<p class=\"wp-block-paragraph\">\u2022 Kesia Guerrero<\/p>\n\n\n\n<p class=\"wp-block-paragraph\">\u2022 Kyra N\u00fa\u00f1ez de Le\u00f3n<\/p>\n\n\n\n<p class=\"wp-block-paragraph\">\u2022 Las Constituyentes CDMX Feministas<\/p>\n\n\n\n<p class=\"wp-block-paragraph\">\u2022 Laura Baptista Gonz\u00e1lez<\/p>\n\n\n\n<p class=\"wp-block-paragraph\">\u2022 Laura Hern\u00e1ndez<\/p>\n\n\n\n<p class=\"wp-block-paragraph\">\u2022 Laura Mart\u00ednez Rodr\u00edguez<\/p>\n\n\n\n<p class=\"wp-block-paragraph\">\u2022 Laura Mena Gonz\u00e1lez<\/p>\n\n\n\n<p class=\"wp-block-paragraph\">\u2022 Laura Ofelia M\u00e1rquez Sandoval<\/p>\n\n\n\n<p class=\"wp-block-paragraph\">\u2022 Lena Garc\u00eda Feijoo<\/p>\n\n\n\n<p class=\"wp-block-paragraph\">\u2022 Leticia Burgos Ochoa<\/p>\n\n\n\n<p class=\"wp-block-paragraph\">\u2022 Leticia Guti\u00e9rrez Corona<\/p>\n\n\n\n<p class=\"wp-block-paragraph\">\u2022 Leticia Jonguitud Aguilar<\/p>\n\n\n\n<p class=\"wp-block-paragraph\">\u2022 Lilia Gonz\u00e1lez<\/p>\n\n\n\n<p class=\"wp-block-paragraph\">\u2022 Lorena Gaspar<\/p>\n\n\n\n<p class=\"wp-block-paragraph\">\u2022 Lourdes Charlotte Burgue\u00f1o S\u00e1nchez<\/p>\n\n\n\n<p class=\"wp-block-paragraph\">\u2022 Lucero N\u00fa\u00f1ez Muruaga<\/p>\n\n\n\n<p class=\"wp-block-paragraph\">\u2022 Lucia Carrillo Mart\u00ednez<\/p>\n\n\n\n<p class=\"wp-block-paragraph\">\u2022 Luc\u00eda Monserrat Garc\u00eda Fierros<\/p>\n\n\n\n<p class=\"wp-block-paragraph\">\u2022 Luc\u00eda N\u00fa\u00f1ez<\/p>\n\n\n\n<p class=\"wp-block-paragraph\">\u2022 Luis Antonio Torres Osorno<\/p>\n\n\n\n<p class=\"wp-block-paragraph\">\u2022 Luis Carlos Guajardo Guerra<\/p>\n\n\n\n<p class=\"wp-block-paragraph\">\u2022 Lunas de Hipatia A.C.<\/p>\n\n\n\n<p class=\"wp-block-paragraph\">\u2022 Luz Adriana Castillo Garc\u00eda<\/p>\n\n\n\n<p class=\"wp-block-paragraph\">\u2022 Luz Mar\u00eda Salazar Aguilar<\/p>\n\n\n\n<p class=\"wp-block-paragraph\">\u2022 Lylia Palacios Hern\u00e1ndez<\/p>\n\n\n\n<p class=\"wp-block-paragraph\">\u2022 Ma. de Lourdes Alem\u00e1n Cadena<\/p>\n\n\n\n<p class=\"wp-block-paragraph\">\u2022 Ma. Concepci\u00f3n L\u00f3pez Rosas<\/p>\n\n\n\n<p class=\"wp-block-paragraph\">\u2022 Ma. Del Carmen Montenegro N\u00fa\u00f1ez<\/p>\n\n\n\n<p class=\"wp-block-paragraph\">\u2022 Ma. Guadalupe Rodr\u00edguez L\u00f3pez<\/p>\n\n\n\n<p class=\"wp-block-paragraph\">\u2022 Manuela Mart\u00ednez<\/p>\n\n\n\n<p class=\"wp-block-paragraph\">\u2022 Mara Mu\u00f1oz Galv\u00e1n<\/p>\n\n\n\n<p class=\"wp-block-paragraph\">\u2022 Marbella Rubyn Cruz<\/p>\n\n\n\n<p class=\"wp-block-paragraph\">\u2022 Marcela Garc\u00eda V\u00e1zquez<\/p>\n\n\n\n<p class=\"wp-block-paragraph\">\u2022 Mar\u00eda Claudia Tristan Alvarado<\/p>\n\n\n\n<p class=\"wp-block-paragraph\">\u2022 Mar\u00eda Concepci\u00f3n F\u00e9lix Corral<\/p>\n\n\n\n<p class=\"wp-block-paragraph\">\u2022 Mar\u00eda Cristina Montero G\u00f3mez Far\u00edas<\/p>\n\n\n\n<p class=\"wp-block-paragraph\">\u2022 Mar\u00eda de Jes\u00fas L\u00f3pez Ortiz<\/p>\n\n\n\n<p class=\"wp-block-paragraph\">\u2022 Mar\u00eda de Lourdes God\u00ednez Guevara<\/p>\n\n\n\n<p class=\"wp-block-paragraph\">\u2022 Mar\u00eda de Lourdes Hern\u00e1ndez Ch\u00e1vez<\/p>\n\n\n\n<p class=\"wp-block-paragraph\">\u2022 Mar\u00eda de Lourdes Moreno Estrada<\/p>\n\n\n\n<p class=\"wp-block-paragraph\">\u2022 Mar\u00eda del Carmen Ordaz<\/p>\n\n\n\n<p class=\"wp-block-paragraph\">\u2022 Mar\u00eda del Mar Trejo P\u00e9rez<\/p>\n\n\n\n<p class=\"wp-block-paragraph\">\u2022 Mar\u00eda del Roci\u00f3 Dom\u00ednguez Librado<\/p>\n\n\n\n<p class=\"wp-block-paragraph\">\u2022 Mar\u00eda del Rosario Berridi Echavarr\u00eda<\/p>\n\n\n\n<p class=\"wp-block-paragraph\">\u2022 Mar\u00eda Dolores Hern\u00e1ndez Gil<\/p>\n\n\n\n<p class=\"wp-block-paragraph\">\u2022 Mar\u00eda Elena Ortega Cortes<\/p>\n\n\n\n<p class=\"wp-block-paragraph\">\u2022 Mar\u00eda Elena Ram\u00edrez Mart\u00ednez<\/p>\n\n\n\n<p class=\"wp-block-paragraph\">\u2022 Mar\u00eda Elena Ramos Rodr\u00edguez<\/p>\n\n\n\n<p class=\"wp-block-paragraph\">\u2022 Mar\u00eda Enriqueta<\/p>\n\n\n\n<p class=\"wp-block-paragraph\">\u2022 Mar\u00eda Er\u00e9ndira Sevilla Torres<\/p>\n\n\n\n<p class=\"wp-block-paragraph\">\u2022 Mar\u00eda Flor Morales Duke<\/p>\n\n\n\n<p class=\"wp-block-paragraph\">\u2022 Mar\u00eda Guadalupe de la Garza Monta\u00f1o<\/p>\n\n\n\n<p class=\"wp-block-paragraph\">\u2022 Mar\u00eda Hilda De la Vega<\/p>\n\n\n\n<p class=\"wp-block-paragraph\">\u2022 Mar\u00eda Isabel Tovar Villegas<\/p>\n\n\n\n<p class=\"wp-block-paragraph\">\u2022 Mar\u00eda J. Rosales Hern\u00e1ndez<\/p>\n\n\n\n<p class=\"wp-block-paragraph\">\u2022 Mar\u00eda Laura Cruz Renter\u00eda<\/p>\n\n\n\n<p class=\"wp-block-paragraph\">\u2022 Mar\u00eda Luisa Garfias Mar\u00edn<\/p>\n\n\n\n<p class=\"wp-block-paragraph\">\u2022 Mar\u00eda Luisa Mart\u00ednez S.<\/p>\n\n\n\n<p class=\"wp-block-paragraph\">\u2022 Mar\u00eda Luisa Sosa de la Torre<\/p>\n\n\n\n<p class=\"wp-block-paragraph\">\u2022 Mar\u00eda Luz L\u00f3pez Morales<\/p>\n\n\n\n<p class=\"wp-block-paragraph\">\u2022 Mar\u00eda Rosa Cobo<\/p>\n\n\n\n<p class=\"wp-block-paragraph\">\u2022 Mariana Ju\u00e1rez Moreno<\/p>\n\n\n\n<p class=\"wp-block-paragraph\">\u2022 Mariana V\u00e1zquez Anaya<\/p>\n\n\n\n<p class=\"wp-block-paragraph\">\u2022 Maribel Nicasio Gonz\u00e1lez<\/p>\n\n\n\n<p class=\"wp-block-paragraph\">\u2022 Maribel Rodr\u00edguez Torres<\/p>\n\n\n\n<p class=\"wp-block-paragraph\">\u2022 Maricela Oviedo<\/p>\n\n\n\n<p class=\"wp-block-paragraph\">\u2022 Mariel Albarr\u00e1n Duarte<\/p>\n\n\n\n<p class=\"wp-block-paragraph\">\u2022 Marina Reyna Aguilar<\/p>\n\n\n\n<p class=\"wp-block-paragraph\">\u2022 Marisol Aguilar<\/p>\n\n\n\n<p class=\"wp-block-paragraph\">\u2022 Marite Hern\u00e1ndez Correa<\/p>\n\n\n\n<p class=\"wp-block-paragraph\">\u2022 Marta Mercado Gonz\u00e1lez<\/p>\n\n\n\n<p class=\"wp-block-paragraph\">\u2022 Martha G\u00f3mez Moreno<\/p>\n\n\n\n<p class=\"wp-block-paragraph\">\u2022 Martha Graciela Ramos Carrasco<\/p>\n\n\n\n<p class=\"wp-block-paragraph\">\u2022 Martha Lucia<\/p>\n\n\n\n<p class=\"wp-block-paragraph\">\u2022 Martha Mart\u00ednez Mar\u00edn<\/p>\n\n\n\n<p class=\"wp-block-paragraph\">\u2022 Martha N\u00e9lida Ruiz Uribe<\/p>\n\n\n\n<p class=\"wp-block-paragraph\">\u2022 Martha Orta Rdz<\/p>\n\n\n\n<p class=\"wp-block-paragraph\">\u2022 Martha Romero Serrano<\/p>\n\n\n\n<p class=\"wp-block-paragraph\">\u2022 Martha Teresa Gonz\u00e1lez Renter\u00eda<\/p>\n\n\n\n<p class=\"wp-block-paragraph\">\u2022 Martha Yolanda Forjas Tovar<\/p>\n\n\n\n<p class=\"wp-block-paragraph\">\u2022 Martina Lara Gonz\u00e1lez<\/p>\n\n\n\n<p class=\"wp-block-paragraph\">\u2022 Maryacarmen Rodr\u00edguez<\/p>\n\n\n\n<p class=\"wp-block-paragraph\">\u2022 Marycruz Herrera Gonz\u00e1lez<\/p>\n\n\n\n<p class=\"wp-block-paragraph\">\u2022 Mauricio Macossay Vallado<\/p>\n\n\n\n<p class=\"wp-block-paragraph\">\u2022 Mayra Rosario Argumedo Vargas<\/p>\n\n\n\n<p class=\"wp-block-paragraph\">\u2022 Miguel \u00c1ngel Saurin Romero<\/p>\n\n\n\n<p class=\"wp-block-paragraph\">\u2022 Miguel Chable Rodr\u00edguez<\/p>\n\n\n\n<p class=\"wp-block-paragraph\">\u2022 Mijane Jim\u00e9nez Salinas<\/p>\n\n\n\n<p class=\"wp-block-paragraph\">\u2022 Mildred L\u00f3pez<\/p>\n\n\n\n<p class=\"wp-block-paragraph\">\u2022 Minerva Ram\u00edrez Torres<\/p>\n\n\n\n<p class=\"wp-block-paragraph\">\u2022 Miriam Salgado<\/p>\n\n\n\n<p class=\"wp-block-paragraph\">\u2022 M\u00f3nica, Centro Mujeres A.C.<\/p>\n\n\n\n<p class=\"wp-block-paragraph\">\u2022 M\u00f3nica A. Herrer\u00edas Dom\u00ednguez<\/p>\n\n\n\n<p class=\"wp-block-paragraph\">\u2022 M\u00f3nica Beatriz Pedroza Santoyo<\/p>\n\n\n\n<p class=\"wp-block-paragraph\">\u2022 M\u00f3nica Guadalupe Rosas Torres<\/p>\n\n\n\n<p class=\"wp-block-paragraph\">\u2022 M\u00f3nica Ponce Fr\u00edas<\/p>\n\n\n\n<p class=\"wp-block-paragraph\">\u2022 Movimiento Estatal de Mujeres Chihuahua<\/p>\n\n\n\n<p class=\"wp-block-paragraph\">\u2022 Mujeres en Cadena por una Vida Digna A.C.<\/p>\n\n\n\n<p class=\"wp-block-paragraph\">\u2022 Mujeres Guerrerenses por la Democracia, A.C.<\/p>\n\n\n\n<p class=\"wp-block-paragraph\">\u2022 Mujeres x M\u00e9xico en Chihuahua A.C.<\/p>\n\n\n\n<p class=\"wp-block-paragraph\">\u2022 Mujeres y Punto A.C.<\/p>\n\n\n\n<p class=\"wp-block-paragraph\">\u2022 Mujeres y Punto A.C.<\/p>\n\n\n\n<p class=\"wp-block-paragraph\">\u2022 Myrna Elizabeth Encinas Dozal<\/p>\n\n\n\n<p class=\"wp-block-paragraph\">\u2022 Nadezhda Rosas Rojas<\/p>\n\n\n\n<p class=\"wp-block-paragraph\">\u2022 Nadia L\u00f3pez Velasco<\/p>\n\n\n\n<p class=\"wp-block-paragraph\">\u2022 Nadia Maciel Paulino<\/p>\n\n\n\n<p class=\"wp-block-paragraph\">\u2022 Nahomi Gabriela Vergara Brambila<\/p>\n\n\n\n<p class=\"wp-block-paragraph\">\u2022 Nelda Benedita Antillon Mart\u00ednez<\/p>\n\n\n\n<p class=\"wp-block-paragraph\">\u2022 Nerudy Ximena Echave Ojeda<\/p>\n\n\n\n<p class=\"wp-block-paragraph\">\u2022 Noemi Jim\u00e9nez Garc\u00eda<\/p>\n\n\n\n<p class=\"wp-block-paragraph\">\u2022 Nubia Citlalli Salas<\/p>\n\n\n\n<p class=\"wp-block-paragraph\">\u2022 Nuyko Fern\u00e1ndez Gonz\u00e1lez<\/p>\n\n\n\n<p class=\"wp-block-paragraph\">\u2022 Observatorio de Justicia y Derechos Humanos de\nMujeres y Ni\u00f1as A.C.<\/p>\n\n\n\n<p class=\"wp-block-paragraph\">\u2022 Olga Mar\u00eda Cristina L\u00f3pez Hern\u00e1ndez<\/p>\n\n\n\n<p class=\"wp-block-paragraph\">\u2022 Olimpia Jaimes L\u00f3pez<\/p>\n\n\n\n<p class=\"wp-block-paragraph\">\u2022 Oresta L\u00f3pez Petez<\/p>\n\n\n\n<p class=\"wp-block-paragraph\">\u2022 Paloma Blanco L\u00f3pez<\/p>\n\n\n\n<p class=\"wp-block-paragraph\">\u2022 Paloma Blanco L\u00f3pez<\/p>\n\n\n\n<p class=\"wp-block-paragraph\">\u2022 Paola Yazmin Contreras Quintanar<\/p>\n\n\n\n<p class=\"wp-block-paragraph\">\u2022 Patricia Kurtczyn<\/p>\n\n\n\n<p class=\"wp-block-paragraph\">\u2022 Patricia Labrada<\/p>\n\n\n\n<p class=\"wp-block-paragraph\">\u2022 Patricia Mendoza<\/p>\n\n\n\n<p class=\"wp-block-paragraph\">\u2022 Patricia Olamendi Torres<\/p>\n\n\n\n<p class=\"wp-block-paragraph\">\u2022 Patricia Ponce<\/p>\n\n\n\n<p class=\"wp-block-paragraph\">\u2022 Patricia Su\u00e1rez Elizalde<\/p>\n\n\n\n<p class=\"wp-block-paragraph\">\u2022 Paulina Adriana Pi\u00f1a Ruiz<\/p>\n\n\n\n<p class=\"wp-block-paragraph\">\u2022 Paulina Elsa Zepeda Garc\u00eda<\/p>\n\n\n\n<p class=\"wp-block-paragraph\">\u2022 Perla Castillo<\/p>\n\n\n\n<p class=\"wp-block-paragraph\">\u2022 Perla del Roc\u00edo Rodr\u00edguez Mart\u00ednez<\/p>\n\n\n\n<p class=\"wp-block-paragraph\">\u2022 Pilar Alberti Manzanares<\/p>\n\n\n\n<p class=\"wp-block-paragraph\">\u2022 Poiesis S.C.<\/p>\n\n\n\n<p class=\"wp-block-paragraph\">\u2022 Queda Entre Nosotras AC<\/p>\n\n\n\n<p class=\"wp-block-paragraph\">\u2022 Raquel Schlosser<\/p>\n\n\n\n<p class=\"wp-block-paragraph\">\u2022 Rebeca Dom\u00ednguez Grimaldo<\/p>\n\n\n\n<p class=\"wp-block-paragraph\">\u2022 Red Feminista Sonorense<\/p>\n\n\n\n<p class=\"wp-block-paragraph\">\u2022 Red Mesa de Mujeres de Ciudad Ju\u00e1rez A.C.<\/p>\n\n\n\n<p class=\"wp-block-paragraph\">\u2022 Red Nacional de Refugios A.C.<\/p>\n\n\n\n<p class=\"wp-block-paragraph\">\u2022 Rehilete A.C.<\/p>\n\n\n\n<p class=\"wp-block-paragraph\">\u2022 Ricardo Camacho Hern\u00e1ndez<\/p>\n\n\n\n<p class=\"wp-block-paragraph\">\u2022 Ricardo Islas Ibarra<\/p>\n\n\n\n<p class=\"wp-block-paragraph\">\u2022 Rita Cecilia Rom\u00e1n R\u00edos<\/p>\n\n\n\n<p class=\"wp-block-paragraph\">\u2022 Roci\u00f3 D\u00edaz<\/p>\n\n\n\n<p class=\"wp-block-paragraph\">\u2022 Romelia Hinojosa Lujan<\/p>\n\n\n\n<p class=\"wp-block-paragraph\">\u2022 Rosa alejandrina Bravo Neira<\/p>\n\n\n\n<p class=\"wp-block-paragraph\">\u2022 Rosa Margarita Siordia Landeros<\/p>\n\n\n\n<p class=\"wp-block-paragraph\">\u2022 Rosa Mar\u00eda Cabrera Lotfe<\/p>\n\n\n\n<p class=\"wp-block-paragraph\">\u2022 Rosa Mar\u00eda G\u00f3mez Saavedra<\/p>\n\n\n\n<p class=\"wp-block-paragraph\">\u2022 Rosa Mar\u00eda G\u00f3mez Saavedra<\/p>\n\n\n\n<p class=\"wp-block-paragraph\">\u2022 Rosa Mar\u00eda S\u00e1enz Herrera<\/p>\n\n\n\n<p class=\"wp-block-paragraph\">\u2022 Rosa Mar\u00eda Trejo Villalobos<\/p>\n\n\n\n<p class=\"wp-block-paragraph\">\u2022 Rosa Santiago Paloalto<\/p>\n\n\n\n<p class=\"wp-block-paragraph\">\u2022 Rosalinda Ovalle Turrubiartes<\/p>\n\n\n\n<p class=\"wp-block-paragraph\">\u2022 Rosario Ortiz<\/p>\n\n\n\n<p class=\"wp-block-paragraph\">\u2022 Rossy Carrasco<\/p>\n\n\n\n<p class=\"wp-block-paragraph\">\u2022 Sandra Toledano Kolteniuk<\/p>\n\n\n\n<p class=\"wp-block-paragraph\">\u2022 Sara Guadalupe Buerba Sauri<\/p>\n\n\n\n<ul class=\"wp-block-list\"><li>Sara Lovera L\u00f3pez<\/li><\/ul>\n\n\n\n<p class=\"wp-block-paragraph\">\u2022 Sara Ortiz Garc\u00eda<\/p>\n\n\n\n<p class=\"wp-block-paragraph\">\u2022 Servicios en Prevenci\u00f3n Seguridad y Derechos\nHumanos AC.<\/p>\n\n\n\n<p class=\"wp-block-paragraph\">\u2022 Silvia Ruiz Maruri<\/p>\n\n\n\n<p class=\"wp-block-paragraph\">\u2022 Silviana Rivera Figueroa<\/p>\n\n\n\n<p class=\"wp-block-paragraph\">\u2022 Susana Herrera Guerra<\/p>\n\n\n\n<p class=\"wp-block-paragraph\">\u2022 Tamara Quiroz Guzm\u00e1n<\/p>\n\n\n\n<p class=\"wp-block-paragraph\">\u2022 Teresa Rodr\u00edguez V\u00e1squez<\/p>\n\n\n\n<p class=\"wp-block-paragraph\">\u2022 Teresita De Jes\u00fas Mendoza<\/p>\n\n\n\n<p class=\"wp-block-paragraph\">\u2022 Tita Guti\u00e9rrez<\/p>\n\n\n\n<p class=\"wp-block-paragraph\">\u2022 Tlacaelel Paredes G\u00f3mez<\/p>\n\n\n\n<p class=\"wp-block-paragraph\">\u2022 Urenda Queletzu Navarro S\u00e1nchez<\/p>\n\n\n\n<p class=\"wp-block-paragraph\">\u2022 Uriel Mena Flores<\/p>\n\n\n\n<p class=\"wp-block-paragraph\">\u2022 Varinia Hern\u00e1ndez<\/p>\n\n\n\n<p class=\"wp-block-paragraph\">\u2022 Ver\u00f3nica Aguilar V\u00e1zquez<\/p>\n\n\n\n<p class=\"wp-block-paragraph\">\u2022 Ver\u00f3nica Liss\u00fa<\/p>\n\n\n\n<p class=\"wp-block-paragraph\">\u2022 Ver\u00f3nica Y\u00e9pez Aguirre<\/p>\n\n\n\n<p class=\"wp-block-paragraph\">\u2022 Vianney Orozco Ladron de Guevara<\/p>\n\n\n\n<p class=\"wp-block-paragraph\">\u2022 V\u00edctor Manuel Ram\u00edrez S\u00e1nchez<\/p>\n\n\n\n<p class=\"wp-block-paragraph\">\u2022 Violeta Sabr\u00e1s D\u00edaz de Le\u00f3n<\/p>\n\n\n\n<p class=\"wp-block-paragraph\">\u2022 Virginia Barr\u00f3n Quiroz<\/p>\n\n\n\n<p class=\"wp-block-paragraph\">\u2022 Viridiana Ch\u00e1vez Vidales<\/p>\n\n\n\n<p class=\"wp-block-paragraph\">\u2022 Wendy Figueroa Morales<\/p>\n\n\n\n<p class=\"wp-block-paragraph\">\u2022 X\u00f3chitl Gallegos Saucedo<\/p>\n\n\n\n<p class=\"wp-block-paragraph\">\u2022 X\u00f3chitl Heredia Barrientos<\/p>\n\n\n\n<p class=\"wp-block-paragraph\">\u2022 X\u00f3chitl Ordaz Gordillo<\/p>\n\n\n\n<p class=\"wp-block-paragraph\">\u2022 X\u00f3chitl T. Arzola Vargas<\/p>\n\n\n\n<p class=\"wp-block-paragraph\">\u2022 Yadira Soledad Cort\u00e9s Castillo<\/p>\n\n\n\n<p class=\"wp-block-paragraph\">\u2022 Yaneth Ang\u00e9lica Tamayo Avalos<\/p>\n\n\n\n<p class=\"wp-block-paragraph\">\u2022 Yaotlyaocihuatl Ameyal A.C.<\/p>\n\n\n\n<p class=\"wp-block-paragraph\">\u2022 Yasmin Elizabeth Ocampo P\u00e9rez<\/p>\n\n\n\n<p class=\"wp-block-paragraph\">\u2022 Y\u00e9sica Yolanda Rangel Flores<\/p>\n\n\n\n<p class=\"wp-block-paragraph\">\u2022 Yndira Sandoval S\u00e1nchez<\/p>\n\n\n\n<p class=\"wp-block-paragraph\">\u2022 Yolitzin Sillas<\/p>\n\n\n\n<p class=\"wp-block-paragraph\">\u2022 Yunitzilim Rodr\u00edguez Pedraza<\/p>\n\n\n\n<p class=\"wp-block-paragraph\">\u2022 Yuritze Paola Arellano Morales<\/p>\n\n\n\n<p class=\"wp-block-paragraph\">\u2022 Zuleyma Sarai Vega Garc\u00eda<\/p>\n\n\n\n<p class=\"wp-block-paragraph\">SEM\/ag-em\/sj<\/p>\n","protected":false},"excerpt":{"rendered":"<p>Grave que el presidente de la Rep\u00fablica desmienta a sus propias fuentes<\/p>\n","protected":false},"author":3,"featured_media":20363,"comment_status":"open","ping_status":"open","sticky":false,"template":"","format":"standard","meta":{"_monsterinsights_skip_tracking":false,"footnotes":""},"categories":[691,54],"tags":[],"class_list":["post-20364","post","type-post","status-publish","format-standard","has-post-thumbnail","category-691","category-mujeres"],"_links":{"self":[{"href":"https:\/\/redsemlac.com\/semmexico\/wp-json\/wp\/v2\/posts\/20364","targetHints":{"allow":["GET"]}}],"collection":[{"href":"https:\/\/redsemlac.com\/semmexico\/wp-json\/wp\/v2\/posts"}],"about":[{"href":"https:\/\/redsemlac.com\/semmexico\/wp-json\/wp\/v2\/types\/post"}],"author":[{"embeddable":true,"href":"https:\/\/redsemlac.com\/semmexico\/wp-json\/wp\/v2\/users\/3"}],"replies":[{"embeddable":true,"href":"https:\/\/redsemlac.com\/semmexico\/wp-json\/wp\/v2\/comments?post=20364"}],"version-history":[{"count":0,"href":"https:\/\/redsemlac.com\/semmexico\/wp-json\/wp\/v2\/posts\/20364\/revisions"}],"wp:featuredmedia":[{"embeddable":true,"href":"https:\/\/redsemlac.com\/semmexico\/wp-json\/wp\/v2\/media\/20363"}],"wp:attachment":[{"href":"https:\/\/redsemlac.com\/semmexico\/wp-json\/wp\/v2\/media?parent=20364"}],"wp:term":[{"taxonomy":"category","embeddable":true,"href":"https:\/\/redsemlac.com\/semmexico\/wp-json\/wp\/v2\/categories?post=20364"},{"taxonomy":"post_tag","embeddable":true,"href":"https:\/\/redsemlac.com\/semmexico\/wp-json\/wp\/v2\/tags?post=20364"}],"curies":[{"name":"wp","href":"https:\/\/api.w.org\/{rel}","templated":true}]}}