{"id":20351,"date":"2020-05-07T18:52:31","date_gmt":"2020-05-07T18:52:31","guid":{"rendered":"https:\/\/redsemlac.com\/semmexico\/?p=20351"},"modified":"2023-07-21T16:18:47","modified_gmt":"2023-07-21T21:18:47","slug":"espana-llamadas-por-violencia-machista-al-016-aumentan-un-60-en-abril","status":"publish","type":"post","link":"https:\/\/redsemlac.com\/semmexico\/espana-llamadas-por-violencia-machista-al-016-aumentan-un-60-en-abril\/","title":{"rendered":"Espa\u00f1a: Llamadas, por violencia machista, al 016 aumentan un 60 % en abril"},"content":{"rendered":"\n<ul class=\"wp-block-list\"><li><strong>La estimaci\u00f3n, con respecto al a\u00f1o pasado; la segunda quincena tambi\u00e9n registr\u00f3 m\u00e1s actividad<\/strong><\/li><\/ul>\n\n\n\n<ul class=\"wp-block-list\"><li><strong>En el caso de la violencia de g\u00e9nero es una pandemia sobre otra pandemia<\/strong><\/li><\/ul>\n\n\n\n<p class=\"wp-block-paragraph\"><strong>Raquel Zapata Gonz\u00e1lez<\/strong><\/p>\n\n\n\n<p class=\"wp-block-paragraph\">SemM\u00e9xico\/AmecoPress, Madrid, 7\nde mayo, 2020.-&nbsp;Las llamadas al 016, el servicio habilitado\npara atender consultas en relaci\u00f3n a la violencia de g\u00e9nero, han aumentado\nhasta un 60 % durante abril con respecto a este mismo mes de 2019, seg\u00fan ha\ninformado este martes 5 de mayo el Ministerio de Igualdad. Por su parte, las\nconsultas online han subido en un 586 % y desde que se habilit\u00f3 el servicio de\napoyo v\u00eda Whatsapp el pasado 21 de marzo se ha dado ayuda psicol\u00f3gica a 1.283\nmujeres.<\/p>\n\n\n\n<p class=\"wp-block-paragraph\">Uno de los temores de las expertas en violencia\nde g\u00e9nero al comienzo del confinamiento era que esta imposici\u00f3n necesaria de\nquedarse en casa para frenar la curva de contagios por Covid-19 tuviera un\nefecto negativo para aquellas mujeres, ni\u00f1os y ni\u00f1as que viven en un entorno de\nviolencia. Tras registrar un incremento en significativo de 37,6 % en marzo,\nabril termina de culminar la preocupaci\u00f3n que el personal experto ven\u00eda\nanunciando con un&nbsp;<strong>incremento del 60 % de las llamadas al 016<\/strong>.\nAdem\u00e1s, durante la segunda quincena de abril se ha registrado m\u00e1s actividad,\nhabiendo un aumento en las consultas de un 13,6 % con respecto a la primera.<\/p>\n\n\n\n<figure class=\"wp-block-gallery columns-1 is-cropped wp-block-gallery-1 is-layout-flex wp-block-gallery-is-layout-flex\"><ul class=\"blocks-gallery-grid\"><li class=\"blocks-gallery-item\"><figure><img loading=\"lazy\" decoding=\"async\" width=\"650\" height=\"239\" src=\"https:\/\/redsemlac.com\/semmexico\/wp-content\/uploads\/2020\/05\/espala.jpg\" alt=\"\" data-id=\"20352\" data-full-url=\"https:\/\/redsemlac.com\/semmexico\/wp-content\/uploads\/2020\/05\/espala.jpg\" data-link=\"https:\/\/redsemlac.com\/semmexico\/?attachment_id=20352\" class=\"wp-image-20352\"\/><\/figure><\/li><li class=\"blocks-gallery-item\"><figure><img loading=\"lazy\" decoding=\"async\" width=\"650\" height=\"239\" src=\"https:\/\/redsemlac.com\/semmexico\/wp-content\/uploads\/2020\/05\/espan\u0303a-llamadas-2.jpg\" alt=\"\" data-id=\"20354\" data-full-url=\"https:\/\/redsemlac.com\/semmexico\/wp-content\/uploads\/2020\/05\/espan\u0303a-llamadas-2.jpg\" data-link=\"https:\/\/redsemlac.com\/semmexico\/?attachment_id=20354\" class=\"wp-image-20354\"\/><\/figure><\/li><li class=\"blocks-gallery-item\"><figure><img loading=\"lazy\" decoding=\"async\" width=\"650\" height=\"242\" src=\"https:\/\/redsemlac.com\/semmexico\/wp-content\/uploads\/2020\/05\/espan\u0303a-llamadas-3.jpg\" alt=\"\" data-id=\"20355\" data-full-url=\"https:\/\/redsemlac.com\/semmexico\/wp-content\/uploads\/2020\/05\/espan\u0303a-llamadas-3.jpg\" data-link=\"https:\/\/redsemlac.com\/semmexico\/?attachment_id=20355\" class=\"wp-image-20355\"\/><\/figure><\/li><li class=\"blocks-gallery-item\"><figure><img loading=\"lazy\" decoding=\"async\" width=\"650\" height=\"246\" src=\"https:\/\/redsemlac.com\/semmexico\/wp-content\/uploads\/2020\/05\/espan\u0303a-llamadas-4.jpg\" alt=\"\" data-id=\"20356\" data-full-url=\"https:\/\/redsemlac.com\/semmexico\/wp-content\/uploads\/2020\/05\/espan\u0303a-llamadas-4.jpg\" data-link=\"https:\/\/redsemlac.com\/semmexico\/?attachment_id=20356\" class=\"wp-image-20356\"\/><\/figure><\/li><\/ul><\/figure>\n\n\n\n<p class=\"wp-block-paragraph\">Como parte del Plan de Contingencia, se\ndeclararon esenciales todos aquellos servicios de asistencia integral a las\nv\u00edctimas de violencia machista. De esta manera,&nbsp;<strong>tanto el tel\u00e9fono 016\ncomo las consultas online, han seguido en funcionamiento las 24 horas del d\u00eda,\nde lunes a domingo sin descanso<\/strong>. Adem\u00e1s, en plan se reforz\u00f3 sumando un\nservicio de chat a trav\u00e9s de mensajer\u00eda instant\u00e1nea con psic\u00f3logas expertas en\neste tipo de violencia para prestar apoyo emocional y psicol\u00f3gico. \u201cAhora,\nestamos en la expectativa de la desescalada, pero en el caso de la violencia de\ng\u00e9nero es una pandemia sobre otra pandemia. <\/p>\n\n\n\n<p class=\"wp-block-paragraph\">As\u00ed la defini\u00f3 la Organizaci\u00f3n Mundial de la\nSalud cuando hablaba de ella\u201d, comentaba Victoria Rosell, en un video publicado\nen el Facebook de la Delegaci\u00f3n del Gobierno contra la Violencia de G\u00e9nero.<\/p>\n\n\n\n<p class=\"wp-block-paragraph\"><strong>Llamadas al 016, consultas online y asistencia\npsicol\u00f3gica<\/strong><\/p>\n\n\n\n<p class=\"wp-block-paragraph\">Al comparar el mes de abril de 2020 con el mes de\nabril de 2019 se ha notificado un&nbsp;<strong>incremento en las llamadas al 016 del\n60 %<\/strong>. El n\u00famero de consultas en abril del \u00faltimo a\u00f1o fue de 5.396,\nexperimentando una gran subida el mes pasado llegando a 8.632 consultas, lo que\nsupone un aumento de 3.236 llamadas en el mes de abril de un a\u00f1o a otro.&nbsp;<strong>\u201cEsto\ncorrobora la necesidad del Plan de Contingencia del Ministerio de Igualdad y\ntambi\u00e9n que se trata de un servicio esencial como se declar\u00f3 en el Real Decreto\n12\/2020\u201d<\/strong>, dilucidaba Rosell, delegada del Gobierno contra la Violencia de\nG\u00e9nero.<\/p>\n\n\n\n<p class=\"wp-block-paragraph\">Las llamadas con respecto a marzo de este mismo\na\u00f1o han aumentado un 37,6 %, lo que supone 2.361 llamadas m\u00e1s que en marzo. Por\notra parte, si comparamos la primera quincena de abril con la segunda, el\naumento ha sido del 13,6 %. La cantidad de llamadas corrobora la importancia\ndel Plan de Contingencia.<\/p>\n\n\n\n<p class=\"wp-block-paragraph\">La Asociaci\u00f3n de Mujeres Juristas THEMIS explica\nque&nbsp;<strong>\u201cpara valorar estos datos de forma exhaustiva ser\u00eda necesario\nconocer otros de forma desagregada como, por ejemplo, asunto al que se refieren\nde las consultas, reiteraci\u00f3n de consultas por una \u00fanica usuaria, llamadas o\nconsultas maliciosas o que no se refieran a agresiones f\u00edsicas o psicol\u00f3gicas\ndurante el periodo de confinamiento, etc\u00e9tera\u201d<\/strong>. Datos que normalmente son\nanalizados a posteriori en informes anuales, estando aprobado y a\u00fan pendiente\nde elaboraci\u00f3n el de 2017.<\/p>\n\n\n\n<p class=\"wp-block-paragraph\">En cuanto a las<strong>&nbsp;consultas online<\/strong>, el\nincremento ha sido de gran magnitud, aumentando en abril de 2020 un 586 % con\nrespecto a 2019. Mientras el n\u00famero de consultas en abril del \u00faltimo a\u00f1o era\n43, el mes pasado ascend\u00eda a 295. Una diferencia de 252 consultas m\u00e1s.<\/p>\n\n\n\n<p class=\"wp-block-paragraph\">Por otro lado, en lo que se refiere al&nbsp;<strong>servicio\nde atenci\u00f3n emocional y psicol\u00f3gica v\u00eda Whatsapp<\/strong>, desde que se puso en funcionamiento\nel pasado 21 de marzo ha recibido un total de&nbsp;<strong>1.283 consultas<\/strong>. Si\ncomparamos la primera quincena de abril con la segunda, el incremento ha sido\ndel 8,4 %. Los datos definitivos y su an\u00e1lisis completo se publicar\u00e1n a finales\nde mes en el bolet\u00edn estad\u00edstico de la Delegaci\u00f3n del Gobierno contra la\nViolencia de G\u00e9nero.<\/p>\n\n\n\n<p class=\"wp-block-paragraph\"><strong>#BuscaAyuda, el servicio de Twitter en\ncolaboraci\u00f3n con el Ministerio de Igualdad<\/strong><\/p>\n\n\n\n<p class=\"wp-block-paragraph\">El Ministerio de Igualdad ha colaborado con\nTwitter con el&nbsp;<strong>objetivo de que la red social cuente con informaci\u00f3n\nveraz cuando una persona usuaria busque informaci\u00f3n sobre la violencia de\ng\u00e9nero<\/strong>. De esta forma, Twitter ha ampliado su servicio global #BuscaAyuda\nincorporando un nuevo servicio de alerta en las b\u00fasquedas que aparece destacado\ncuando se busca alguna cuesti\u00f3n en relaci\u00f3n a este tipo de violencia. El\nservicio consiste, entre otros, en mostrar informaci\u00f3n autorizada sobre el Plan\nde Contingencia contra la violencia machista a aquel usuario o usuaria que\nbusca en la red t\u00e9rminos asociados.<\/p>\n\n\n\n<div class=\"wp-block-image\"><figure class=\"alignleft size-large is-resized\"><img loading=\"lazy\" decoding=\"async\" src=\"https:\/\/redsemlac.com\/semmexico\/wp-content\/uploads\/2020\/05\/espan\u0303a-llamadass-5.jpg\" alt=\"\" class=\"wp-image-20357\" width=\"298\" height=\"441\"\/><\/figure><\/div>\n\n\n\n<p class=\"wp-block-paragraph\">Como se indica en la p\u00e1gina oficial de Moncloa,\n\u201cse mostrar\u00e1 una notificaci\u00f3n en forma de Tweet fijado que aparece sobre todos\nlos dem\u00e1s resultados, animando a buscar ayuda e informarse llamando al 016,\nescribiendo un correo electr\u00f3nico a 016 online@mscbs.es o realizando una\nconsulta por mensajer\u00eda instant\u00e1nea a trav\u00e9s de los tel\u00e9fonos de un nuevo\nservicio de apoyo psicol\u00f3gico inmediato. Esta alerta, adem\u00e1s, invita a\ndirigirse a la cuenta oficial del Ministerio de Igualdad (@IgualdadGob) y la\nDelegaci\u00f3n del Gobierno contra la Violencia de G\u00e9nero (@DelGobVG), con\ninformaci\u00f3n de inter\u00e9s para la prevenci\u00f3n de la violencia machista\u201d.<\/p>\n\n\n\n<p class=\"wp-block-paragraph\">\u00abLa colaboraci\u00f3n de la comunidad en la\ndetecci\u00f3n de las violencias machistas es esencial, que toda la sociedad est\u00e9\nalerta. Las redes sociales pueden ser una herramienta clave. La vecindad que\nve, oye y llama -para asesoramiento al 016, emergencias al 112- tambi\u00e9n salva\nvidas. Nuestro aplauso de agradecimiento tambi\u00e9n es para quienes dan avisos y\nayudan a difundir los recursos contra la violencia de g\u00e9nero\u00bb, declara\nVictoria Rosell, delegada del Gobierno para la Violencia de G\u00e9nero.<\/p>\n\n\n\n<p class=\"wp-block-paragraph\">SEM\/AmecoPress\/rzg<\/p>\n","protected":false},"excerpt":{"rendered":"<p>En el caso de la violencia de g\u00e9nero es una pandemia sobre otra pandemia<\/p>\n","protected":false},"author":3,"featured_media":20353,"comment_status":"open","ping_status":"open","sticky":false,"template":"","format":"standard","meta":{"_monsterinsights_skip_tracking":false,"footnotes":""},"categories":[691,135],"tags":[],"class_list":["post-20351","post","type-post","status-publish","format-standard","has-post-thumbnail","category-691","category-emergencia-sanitaria-covid-19"],"_links":{"self":[{"href":"https:\/\/redsemlac.com\/semmexico\/wp-json\/wp\/v2\/posts\/20351","targetHints":{"allow":["GET"]}}],"collection":[{"href":"https:\/\/redsemlac.com\/semmexico\/wp-json\/wp\/v2\/posts"}],"about":[{"href":"https:\/\/redsemlac.com\/semmexico\/wp-json\/wp\/v2\/types\/post"}],"author":[{"embeddable":true,"href":"https:\/\/redsemlac.com\/semmexico\/wp-json\/wp\/v2\/users\/3"}],"replies":[{"embeddable":true,"href":"https:\/\/redsemlac.com\/semmexico\/wp-json\/wp\/v2\/comments?post=20351"}],"version-history":[{"count":0,"href":"https:\/\/redsemlac.com\/semmexico\/wp-json\/wp\/v2\/posts\/20351\/revisions"}],"wp:featuredmedia":[{"embeddable":true,"href":"https:\/\/redsemlac.com\/semmexico\/wp-json\/wp\/v2\/media\/20353"}],"wp:attachment":[{"href":"https:\/\/redsemlac.com\/semmexico\/wp-json\/wp\/v2\/media?parent=20351"}],"wp:term":[{"taxonomy":"category","embeddable":true,"href":"https:\/\/redsemlac.com\/semmexico\/wp-json\/wp\/v2\/categories?post=20351"},{"taxonomy":"post_tag","embeddable":true,"href":"https:\/\/redsemlac.com\/semmexico\/wp-json\/wp\/v2\/tags?post=20351"}],"curies":[{"name":"wp","href":"https:\/\/api.w.org\/{rel}","templated":true}]}}