{"id":20348,"date":"2020-05-07T18:27:12","date_gmt":"2020-05-07T18:27:12","guid":{"rendered":"https:\/\/redsemlac.com\/semmexico\/?p=20348"},"modified":"2023-07-21T16:18:47","modified_gmt":"2023-07-21T21:18:47","slug":"dominicana-menos-llamadas-en-cuarentena-no-significa-menos-violencia-machista","status":"publish","type":"post","link":"https:\/\/redsemlac.com\/semmexico\/dominicana-menos-llamadas-en-cuarentena-no-significa-menos-violencia-machista\/","title":{"rendered":"Dominicana: Menos llamadas en cuarentena no significa menos violencia machista"},"content":{"rendered":"\n<ul class=\"wp-block-list\"><li><strong> En confinamiento las v\u00edctimas tienen menos oportunidades de denunciar y pedir ayuda<\/strong><\/li><\/ul>\n\n\n\n<ul class=\"wp-block-list\"><li><strong>La violencia f\u00edsica aparece como el principal motivo de las llamadas<\/strong><\/li><\/ul>\n\n\n\n<p class=\"wp-block-paragraph\"><strong>Mercedes Alonso<\/strong><\/p>\n\n\n\n<p class=\"wp-block-paragraph\">SemM\u00e9xico\/SEMlac, Santo Domingo, 7 de mayo de 2020.-Durante los d\u00edas de confinamiento que vive\nla humanidad como medida esencial para evitar la propagaci\u00f3n del Covid-19, las\ninstituciones responsabilizadas de la protecci\u00f3n de la mujer ante la violencia\nde g\u00e9nero y dom\u00e9stica han asumido diversas medidas y acciones cuyos resultados a\u00fan\nno pueden medirse con exactitud, pero si marcan singulares tendencias. <\/p>\n\n\n\n<p class=\"wp-block-paragraph\">Por ejemplo, el Ministerio de la Mujer inform\u00f3\nmediante su sitio web, que desde el 17 de marzo en que inici\u00f3 la cuarentena,\nhasta el 3 de mayo, hab\u00edan podido proteger la vida de 256 personas en las Casas de Acogida.<\/p>\n\n\n\n<p class=\"wp-block-paragraph\">Comunicaron, adem\u00e1s, que en la semana del 28 de\nabril al 03 de mayo se registr\u00f3 la mayor cantidad de protecciones a v\u00edctimas de\nviolencia machista en dichos albergues, donde se ampararon a 75 personas en\nesos 6 d\u00edas, 27 de ellas mujeres y 53 hijos e hijas menores de edad, seg\u00fan revela\nel Resumen de datos Estad\u00edsticos en Periodo de Cuarentena preparado por el\nDepartamento de Investigaci\u00f3n y Estad\u00edstica de esa entidad. <\/p>\n\n\n\n<p class=\"wp-block-paragraph\">En el caso de las llamadas a la L\u00ednea Mujer *212\npara denunciar la violencia f\u00edsica, estas resultaron en un 42.8 %; o sea, que\nfueron mayor\u00eda entre las recibidas mediante el servicio telef\u00f3nico de\nasistencia en emergencias por violencia de g\u00e9nero del Ministerio de la Mujer,\nen coordinaci\u00f3n con el sistema de Nacional de Atenci\u00f3n a Emergencias y\nSeguridad 911. <\/p>\n\n\n\n<p class=\"wp-block-paragraph\">En comparaci\u00f3n con el a\u00f1o 2019, seg\u00fan los datos del\nObservatorio de Igualdad del MMujer, el promedio de llamadas por d\u00eda durante la\ncuarentena fue de 23.0, mientras que en el a\u00f1o 2019 fue de 31.1; todas ellas\nrecibidas a trav\u00e9s de la L\u00ednea Mujer *212 durante la actual cuarentena desde 22\nde las 31 provincias y el Distrito Nacional del pa\u00eds, aunque un 20.2 % de las usuarias\nno report\u00f3 el lugar de procedencia.<\/p>\n\n\n\n<p class=\"wp-block-paragraph\">No obstante, el Observatorio de Igualdad del\nMinisterio de la Mujer apunt\u00f3 que las cifras antes mencionadas no suponen una\ndisminuci\u00f3n de la violencia, mucho m\u00e1s si se tiene en cuenta que, \u201cal estar\nconfinadas en casa con los agresores, las v\u00edctimas tienen menos oportunidades\nde denunciar y pedir ayuda\u201d.<\/p>\n\n\n\n<p class=\"wp-block-paragraph\">El Ministerio de la Mujer insiste en su p\u00e1gina web\nen realizar un trabajo activo y permanente para detectar, asistir y proteger a\nmujeres v\u00edctimas de violencia de g\u00e9nero a trav\u00e9s de la L\u00ednea Mujer *212 y las\nCasas de Acogida.<\/p>\n\n\n\n<p class=\"wp-block-paragraph\">La violencia f\u00edsica aparece como el principal motivo\nde las llamadas. Durante todo el mes de abril se recibieron 23.4 llamadas cada\nd\u00eda por esta causa. <\/p>\n\n\n\n<p class=\"wp-block-paragraph\"><strong>Piden orientaciones\u2026<\/strong><\/p>\n\n\n\n<p class=\"wp-block-paragraph\">Con el prop\u00f3sito de conocer el comportamiento de las\ndenuncias de violencia de g\u00e9nero, intrafamiliar y delitos sexuales en otro de\nlos sitios que ofrece apoyo a la mujer dominicana en estos d\u00edas de aislamiento\nsocial, SEMlac-SemM\u00e9xico convers\u00f3 v\u00eda telef\u00f3nica con la magistrada Rita Mar\u00eda\nDur\u00e1n, del servicio L\u00ednea Vida, mediante el cual la Procuradur\u00eda General de la\nRep\u00fablica garantiza a las v\u00edctimas la asistencia y protecci\u00f3n necesaria durante\nel actual estado de emergencia impuesto a causa de la pandemia.<\/p>\n\n\n\n<p class=\"wp-block-paragraph\">Dur\u00e1n explic\u00f3 que existe una tendencia en los d\u00edas\nque se viven de cuarentena, de recibir llamadas de mujeres que solicitan ser orientadas:\n<\/p>\n\n\n\n<p class=\"wp-block-paragraph\">&nbsp;\u201cLa mayor\u00eda de\nestas llamadas proviene de mujeres con edades aproximadas entre 25 a 40 y\ntantos a\u00f1os, en edad reproductiva. Otras, en un buen porciento, son adolescentes\nembarazadas que llaman para preguntar qu\u00e9 pueden hacer para obtener una pensi\u00f3n\nalimentaria. Les interesa saber a d\u00f3nde pueden ir a dar a luz. En general les\norientamos acerca de la responsabilidad del padre de la criatura, que\ngeneralmente no est\u00e1 cerca de ellas y las remitimos por los canales\npertinentes\u201d. <\/p>\n\n\n\n<p class=\"wp-block-paragraph\">Ampl\u00eda la magistrada la vinculaci\u00f3n de su labor con\nlos Juzgados de Paz: \u201cque existen hasta en los sitios m\u00e1s rec\u00f3nditos del pa\u00eds y\nasisten a muchas de estas menores embarazadas. En cuanto a mujeres que sufren\nviolencia, estas llaman en el momento justo en que est\u00e1n siendo agredidas y de\ninmediato procedemos con el apoyo de la Polic\u00eda Nacional o la intervenci\u00f3n del\n911.<\/p>\n\n\n\n<p class=\"wp-block-paragraph\">\u201cOtras denuncias las realizan vecinos o familiares. Ah\u00ed\nactuamos en consecuencia con el caso, porque L\u00ednea Vida tiene esa funci\u00f3n de\noperar por los canales correspondientes, sin exponer los nombres de quienes\ndenunciaron y no desean aparecer en todo el proceso. En el caso de ni\u00f1os que se\nhallen abandonados en las calles, tambi\u00e9n apelamos a la Polic\u00eda y al 911, y\nseguimos el caso desde su traslado al Consejo Nacional para la Ni\u00f1ez y la\nAdolescencia (CONANI), hasta la jurisdicci\u00f3n que le corresponda\u201d.<\/p>\n\n\n\n<p class=\"wp-block-paragraph\">La magistrada Rita Mar\u00eda Dur\u00e1n redunda acerca de la\nasistencia que ofrecen por L\u00ednea Vida. \u201cAqu\u00ed\ntrabajamos dos equipos, cada uno 12 horas; o sea, las 24 horas,&nbsp; y coordinamos nuestra labor con las fiscal\u00edas\nbarriales. Contamos con m\u00e9dicos legistas, sic\u00f3logas, y forenses que garantizan\nque la mujer reciba la atenci\u00f3n que requiere\u201d.&nbsp;\n<\/p>\n\n\n\n<p class=\"wp-block-paragraph\">Finalmente, reflexiona que no son las llamadas de\nviolencia las que m\u00e1s han recibido desde el inicio de la cuarentena en el pa\u00eds:\n\u201cSon las de informaci\u00f3n, como le dije. Hasta madres con menores que presentan\nalguna discapacidad, preguntan c\u00f3mo pueden recibir apoyo. Otras indagan qu\u00e9\ntr\u00e1mites seguir a partir de un divorcio donde qued\u00f3 inconclusa la repartici\u00f3n\nde bienes, o la manera en que el padre debe seguir aportando a la educaci\u00f3n y\nlos derechos de los hijos nacidos del matrimonio. Tambi\u00e9n indagan sobre la\npandemia y muchos temas m\u00e1s. Les orientamos en todo lo posible.\u201d &nbsp;<\/p>\n\n\n\n<p class=\"wp-block-paragraph\"><strong>Otro punto de vista<\/strong><\/p>\n\n\n\n<p class=\"wp-block-paragraph\">De acuerdo con un estudio del Observatorio Pol\u00edtico\nDominicano (OPD), el pa\u00eds tuvo un descenso de 11.1% de las denuncias por\nviolencia de g\u00e9nero y feminicidios en el periodo de emergencia sanitaria que\nmarc\u00f3 los primeros 40 d\u00edas de distanciamiento social por la existencia del\nCOVID-19.<\/p>\n\n\n\n<p class=\"wp-block-paragraph\">El informe del OPD-Funglode (Fundaci\u00f3n Global\nDemocracia y Desarrollo) se basa en datos ofrecidos por el Ministerio de la\nMujer, los cuales reflejan que desde el 17 de marzo se recibieron unas 20\nllamadas por d\u00eda, sumando 619 hasta el 12 de abril. De estas, 360 correspond\u00edan\na mujeres denunciando violencia f\u00edsica (243), violencia psicol\u00f3gica (106) y\nviolencia verbal (11).<\/p>\n\n\n\n<p class=\"wp-block-paragraph\">Concluye la investigaci\u00f3n que \u201cesta emergencia\nsanitaria se vuelve compleja para las f\u00e9minas que sufren de violencia de\ng\u00e9nero, pues como normalmente son las encargadas de las labores de cuidado y el\ntrabajo no remunerado, la carga resulta m\u00e1s pesada para ellas (\u2026) Estas\nresponsabilidades, m\u00e1s el hecho de estar confinadas con un agresor o potencial\nagresor y la incertidumbre de a d\u00f3nde ir y qu\u00e9 hacer pueden convertirse en\nmecanismos de disuasi\u00f3n. Empero, esto incrementa el nivel de riesgo de ser\nv\u00edctimas de la violencia feminicida\u201d.<\/p>\n\n\n\n<p class=\"wp-block-paragraph\">Al respecto, el OPD-Funglode recomienda algunas\nacciones para la actualidad y cuando pase la crisis sanitaria, entre las que se\nencuentran ubicar espacios o lugares que sirvan como refugios para las mujeres\nque tengan y quieran dejar el lugar de convivencia con el agresor, utilizando\nlos protocolos establecidos para combatir el COVID-19.<\/p>\n\n\n\n<p class=\"wp-block-paragraph\">Sugiere, adem\u00e1s, realizar \u201cuna campa\u00f1a\ncomunicacional de concientizaci\u00f3n y prevenci\u00f3n contra la violencia de g\u00e9nero\nmasiva, incentivar una r\u00e1pida y eficaz actuaci\u00f3n del sistema judicial y\npolicial ante estos casos, establecer un protocolo que les permita a las\nmujeres agredidas o en riesgo de serlo solicitar ayuda en farmacias y\nsupermercados e incluir a la ministra de Mujer o a alg\u00fan especialista en temas\nde g\u00e9nero en contextos de emergencia en la Comisi\u00f3n de Alto Nivel para la\nPrevenci\u00f3n y Control del Coronavirus\u201d.<\/p>\n","protected":false},"excerpt":{"rendered":"<p>La violencia f\u00edsica aparece como el principal motivo de las llamadas<\/p>\n","protected":false},"author":3,"featured_media":20349,"comment_status":"open","ping_status":"open","sticky":false,"template":"","format":"standard","meta":{"_monsterinsights_skip_tracking":false,"footnotes":""},"categories":[691,135],"tags":[],"class_list":["post-20348","post","type-post","status-publish","format-standard","has-post-thumbnail","category-691","category-emergencia-sanitaria-covid-19"],"_links":{"self":[{"href":"https:\/\/redsemlac.com\/semmexico\/wp-json\/wp\/v2\/posts\/20348","targetHints":{"allow":["GET"]}}],"collection":[{"href":"https:\/\/redsemlac.com\/semmexico\/wp-json\/wp\/v2\/posts"}],"about":[{"href":"https:\/\/redsemlac.com\/semmexico\/wp-json\/wp\/v2\/types\/post"}],"author":[{"embeddable":true,"href":"https:\/\/redsemlac.com\/semmexico\/wp-json\/wp\/v2\/users\/3"}],"replies":[{"embeddable":true,"href":"https:\/\/redsemlac.com\/semmexico\/wp-json\/wp\/v2\/comments?post=20348"}],"version-history":[{"count":0,"href":"https:\/\/redsemlac.com\/semmexico\/wp-json\/wp\/v2\/posts\/20348\/revisions"}],"wp:featuredmedia":[{"embeddable":true,"href":"https:\/\/redsemlac.com\/semmexico\/wp-json\/wp\/v2\/media\/20349"}],"wp:attachment":[{"href":"https:\/\/redsemlac.com\/semmexico\/wp-json\/wp\/v2\/media?parent=20348"}],"wp:term":[{"taxonomy":"category","embeddable":true,"href":"https:\/\/redsemlac.com\/semmexico\/wp-json\/wp\/v2\/categories?post=20348"},{"taxonomy":"post_tag","embeddable":true,"href":"https:\/\/redsemlac.com\/semmexico\/wp-json\/wp\/v2\/tags?post=20348"}],"curies":[{"name":"wp","href":"https:\/\/api.w.org\/{rel}","templated":true}]}}