{"id":20344,"date":"2020-05-07T18:11:30","date_gmt":"2020-05-07T18:11:30","guid":{"rendered":"https:\/\/redsemlac.com\/semmexico\/?p=20344"},"modified":"2023-07-21T16:18:47","modified_gmt":"2023-07-21T21:18:47","slug":"seguiran-suspendidos-los-dos-jueces-del-caso-de-abril-perez","status":"publish","type":"post","link":"https:\/\/redsemlac.com\/semmexico\/seguiran-suspendidos-los-dos-jueces-del-caso-de-abril-perez\/","title":{"rendered":"Seguir\u00e1n suspendidos los dos jueces del caso de Abril P\u00e9rez"},"content":{"rendered":"\n<ul class=\"wp-block-list\"><li><strong>Hab\u00edan sido reincorporados para cubrir guardias por COVID 19<\/strong><\/li><\/ul>\n\n\n\n<ul class=\"wp-block-list\"><li><strong>Diputadas locales del congreso de la CDMX advirtieron que era \u201cun mensaje grave\u201d a la sociedad<\/strong><\/li><\/ul>\n\n\n\n<p class=\"wp-block-paragraph\"><strong>Elda Montiel <\/strong><\/p>\n\n\n\n<p class=\"wp-block-paragraph\">SemM\u00e9xico, Cd. de M\u00e9xico, 7 de mayo, 2020.- El\nPoder Judicial de esta ciudad reactiv\u00f3 la suspensi\u00f3n a los jueces Federico\nMosco Gonz\u00e1lez y Luis Alejandro D\u00edaz Antonio, investigados por el caso del\nfeminicidio de Abril P\u00e9rez, ocurrido el pasado 25 de noviembre del 2019 en la\nciudad de M\u00e9xico.<\/p>\n\n\n\n<p class=\"wp-block-paragraph\">Ambos jueces hab\u00edan sido reincorporados el\npasado 16 de abril ante la necesidad de contar con el mayor n\u00famero de jueces en\nmateria penal por la contingencia de la COVID 19, a pesar de que los jueces son\ninvestigados por favorecer, reclasificar los cargos y liberar a Juan Carlos\nGarc\u00eda, ex esposo de la v\u00edctima, y quien es se\u00f1alado como probable autor del\nfeminicidio.<\/p>\n\n\n\n<p class=\"wp-block-paragraph\">Cabe se\u00f1alar que el 18 de abril las diputadas\ndel Congreso de la Ciudad de M\u00e9xico, las morenistas Paula Adriana Soto Maldonado y Gabriela Osorio\nHern\u00e1ndez, presidentas de las Comisiones de Igualdad de G\u00e9nero y de Derechos\nCulturales, respectivamente hab\u00edan hecho un llamado al Consejo de la Judicatura\npues consideraban que se estaba mandando un mensaje grave a la sociedad\nminimizando la violencia contra las mujeres.<\/p>\n\n\n\n<p class=\"wp-block-paragraph\">Asimismo, en un\ncomunicado, especificaban que no era justificable la necesidad de personal para\ncubrir guardias, que se est\u00e1n aplicando durante la emergencia sanitaria por el\nbrote de Covid 19 en todo el pa\u00eds, para reincorporar a los mencionados jueces\nque est\u00e1n en proceso de investigaci\u00f3n por el caso de Abril P\u00e9rez Saga\u00f3n.&nbsp; <\/p>\n\n\n\n<p class=\"wp-block-paragraph\">Como se recordar\u00e1 el\nfeminicidio que indigno a la sociedad mexicana ocurri\u00f3 el pasado 25 de\nnoviembre de 2019, cuando Abril P\u00e9rez Saga\u00f3n recibi\u00f3 varios disparos -frente a\nsus hijos- cuando circulaba por el Circuito Interior R\u00edo Churubusco.<\/p>\n\n\n\n<p class=\"wp-block-paragraph\">Ella hab\u00eda denunciado por tentativa de\nfeminicidio a su expareja el 4 de enero del 2019, Juan Carlos Garc\u00eda, Ex CEO de\nAmazon M\u00e9xico, al golpearla con un bat de b\u00e9isbol por lo que se le dict\u00f3\nprisi\u00f3n preventiva oficiosa por parte del\njuez de control, identificado por el hermano de la v\u00edctima como Federico Mosco.&nbsp; Aunque el individuo estuvo preso, a principios\nde noviembre de 2019 un magistrado y dos jueces facilitaron su libertad.<\/p>\n\n\n\n<p class=\"wp-block-paragraph\">El Consejo de la Judicatura inform\u00f3, en un\ncomunicado de prensa, que se tom\u00f3 la decisi\u00f3n de retirar nuevamente del\nservicio a Federico Mosco Gonz\u00e1lez y&nbsp;Luis Alejandro D\u00edaz Antonio para no\nafectar la correcta administraci\u00f3n de justicia durante la emergencia sanitaria\nprovocada por el coronavirus. <\/p>\n\n\n\n<p class=\"wp-block-paragraph\">Si bien precisan que el \u00f3rgano de disciplina\ndel Poder Judicial de la Ciudad de M\u00e9xico no ha resuelto si existe alg\u00fan tipo\nde responsabilidad administrativa de alguno de estos juzgadores en el\ndenominado Caso Abril, sus integrantes dispusieron de nueva cuenta la\nsuspensi\u00f3n, pues al ser figuras p\u00fablicas, son sujetos al escrutinio de la\nsociedad por lo que es necesario mantener una buena reputaci\u00f3n.<\/p>\n\n\n\n<p class=\"wp-block-paragraph\">Consideran importante\nmencionar que el expediente administrativo se encuentra <em>sub-judice<\/em> y que la disposici\u00f3n fue tomada sin prejuzgar la\ndeterminaci\u00f3n final que se tome. Ser\u00e1 a partir de la reanudaci\u00f3n total de\nactividades en el PJCDMX, cuando el Consejo de la Judicatura local contin\u00fae la\ninvestigaci\u00f3n contra los servidores p\u00fablicos. <\/p>\n\n\n\n<p class=\"wp-block-paragraph\">Cabe destacar que la\nreincorporaci\u00f3n como Jueces de Tr\u00e1mite en Unidades de Gesti\u00f3n Judicial\ndistintas a las que se desempe\u00f1aron previamente, obedeci\u00f3, \u00fanica y\nexclusivamente, a la necesidad de contar con el mayor n\u00famero de juzgadores en\nmateria penal con motivo del Plan de Contingencia adoptado por el PJCDMX, pues\ndicha materia qued\u00f3 exenta de la suspensi\u00f3n de labores decretada por la\npandemia de Covid 19 que se enfrenta a nivel internacional.<\/p>\n\n\n\n<p class=\"wp-block-paragraph\">Ante ello, el Consejo de la Judicatura de\nla Ciudad de M\u00e9xico incorpor\u00f3 a nuevos jueces a las Unidades de Gesti\u00f3n\nJudicial 4 y 5 para atender las actividades inherentes a las mismas y de esa\nforma garantizar la adecuada impartici\u00f3n de justicia durante la crisis\nsanitaria.<\/p>\n\n\n\n<p class=\"wp-block-paragraph\">SEM\/em\/sj<\/p>\n","protected":false},"excerpt":{"rendered":"<p>Ambos jueces hab\u00edan sido reincorporados el pasado 16 de abril ante la necesidad de contar con el mayor n\u00famero de jueces en materia penal por la contingencia de la COVID 19<\/p>\n","protected":false},"author":3,"featured_media":20345,"comment_status":"open","ping_status":"open","sticky":false,"template":"","format":"standard","meta":{"_monsterinsights_skip_tracking":false,"footnotes":""},"categories":[691,51],"tags":[],"class_list":["post-20344","post","type-post","status-publish","format-standard","has-post-thumbnail","category-691","category-ejecutivo"],"_links":{"self":[{"href":"https:\/\/redsemlac.com\/semmexico\/wp-json\/wp\/v2\/posts\/20344","targetHints":{"allow":["GET"]}}],"collection":[{"href":"https:\/\/redsemlac.com\/semmexico\/wp-json\/wp\/v2\/posts"}],"about":[{"href":"https:\/\/redsemlac.com\/semmexico\/wp-json\/wp\/v2\/types\/post"}],"author":[{"embeddable":true,"href":"https:\/\/redsemlac.com\/semmexico\/wp-json\/wp\/v2\/users\/3"}],"replies":[{"embeddable":true,"href":"https:\/\/redsemlac.com\/semmexico\/wp-json\/wp\/v2\/comments?post=20344"}],"version-history":[{"count":0,"href":"https:\/\/redsemlac.com\/semmexico\/wp-json\/wp\/v2\/posts\/20344\/revisions"}],"wp:featuredmedia":[{"embeddable":true,"href":"https:\/\/redsemlac.com\/semmexico\/wp-json\/wp\/v2\/media\/20345"}],"wp:attachment":[{"href":"https:\/\/redsemlac.com\/semmexico\/wp-json\/wp\/v2\/media?parent=20344"}],"wp:term":[{"taxonomy":"category","embeddable":true,"href":"https:\/\/redsemlac.com\/semmexico\/wp-json\/wp\/v2\/categories?post=20344"},{"taxonomy":"post_tag","embeddable":true,"href":"https:\/\/redsemlac.com\/semmexico\/wp-json\/wp\/v2\/tags?post=20344"}],"curies":[{"name":"wp","href":"https:\/\/api.w.org\/{rel}","templated":true}]}}