{"id":20342,"date":"2020-05-07T18:08:33","date_gmt":"2020-05-07T18:08:33","guid":{"rendered":"https:\/\/redsemlac.com\/semmexico\/?p=20342"},"modified":"2023-07-21T16:18:47","modified_gmt":"2023-07-21T21:18:47","slug":"opinion-496","status":"publish","type":"post","link":"https:\/\/redsemlac.com\/semmexico\/opinion-496\/","title":{"rendered":"Entresemana"},"content":{"rendered":"\n<h2 class=\"wp-block-heading\"> Propaganda y las malditas redes <\/h2>\n\n\n\n<p class=\"wp-block-paragraph\"><strong>* \u00bfPor qu\u00e9 descalificar a la prensa en la mec\u00e1nica generalizada<\/strong>?<\/p>\n\n\n\n<p class=\"wp-block-paragraph\"><strong>Mois\u00e9s S\u00e1nchez Lim\u00f3n<\/strong><\/p>\n\n\n\n<p class=\"wp-block-paragraph\">SemM\u00e9xico, 7 de mayo, 2020.- Enga\u00f1ar con la verdad\nes clave en la praxis pol\u00edtica. Siempre habr\u00e1 qui\u00e9nes caigan en el garlito y\nluego se llamen sorprendidos.<\/p>\n\n\n\n<p class=\"wp-block-paragraph\">Y Andr\u00e9s Manuel L\u00f3pez Obrador es un excelente\nestratega de la propaganda, maestro sembrador de ideas, flautista de Hamel\u00edn,\nengatusador experto en la industria de la protesta que le ha dado para vivir\nsin contratiempos y sumado millones de pesos y simpatizantes que, en la ruta\ncr\u00edtica de 18 a\u00f1os de una campa\u00f1a de toda la vida, lo llev\u00f3 a la Presidencia de\nla Rep\u00fablica.<\/p>\n\n\n\n<p class=\"wp-block-paragraph\">A personajes como Andr\u00e9s Manuel suelen llamar encantadores\nde serpientes, l\u00edderes naturales que aparentemente se mimetizan con la causa de\nla membres\u00eda, es decir, los pobres y desamparados junto con sectores de la\nclase media hartos de gobiernos corruptos que esperan al dirigente capaz de\nenfrentar al poder, a lo que \u00e9l llama \u201cla mafia del poder\u201d.<\/p>\n\n\n\n<p class=\"wp-block-paragraph\">Y en esa estrategia de montarse a la cabeza de la\ngran movilizaci\u00f3n que finalmente echar\u00eda del poder a los pol\u00edticos corruptos\nasociados con poderes f\u00e1cticos, due\u00f1os del dinero e incluso capos del crimen\norganizado, como se denunci\u00f3 recurrentemente en la prensa mexicana cuando\nestaban en ejercicio los gobiernos que ahora ataca con singular prioridad\ncomparativa para demostrar que \u00e9l sabe c\u00f3mo hacerlo.<\/p>\n\n\n\n<p class=\"wp-block-paragraph\">\u00bfPor qu\u00e9 descalificar a la prensa en la mec\u00e1nica\ngeneralizada? \u00bfPor qu\u00e9 ahora acusa a las redes sociales de atacarlo y asumir\nque todo el mundo que no piensa como \u00e9l tiene la capacidad econ\u00f3mica para\ncomprar granjas de robots que, en las que ha llamado benditas redes sociales,\nlo combaten y cuestionan?<\/p>\n\n\n\n<p class=\"wp-block-paragraph\">\u00bfPor qu\u00e9 ahora traer a colaci\u00f3n la llamada\n\u201cinfodemia\u201d como la operaci\u00f3n tendente a destronar sus estrategias\npropagand\u00edsticas? Algo pas\u00f3 con la que ha evidenciado el nivel mediocre e\ninculto de sus comparsas que, en las conferencias ma\u00f1aneras, le siembran\npreguntas para explayarse y descalificar, atacar, estigmatizar a sus\nopositores.<\/p>\n\n\n\n<p class=\"wp-block-paragraph\">Hay evidencia de que sus homil\u00edas han dejado de ser\nla pauta informativa que marque la agenda pol\u00edtica nacional. <\/p>\n\n\n\n<p class=\"wp-block-paragraph\">Y, sobre todo, que sus asesores en materia de\ncomunicaci\u00f3n lo enga\u00f1an y ocultan la ra\u00edz de esta \u201cinfodemia\u201d que ocurre\nvastamente en las redes sociales cuando es consecuencia de los youtubers o\nmanipuladores de informaci\u00f3n pagados en oficinas identificadas con Morena, que\nno rinden cuentas y aparentemente pasan desapercibidas pero finalmente han sido\nexpuestas, como lo demostr\u00f3 la respuesta que dio Twitter a la petici\u00f3n de\nubicar cu\u00e1nto y qui\u00e9n paga las cuentas desde las que se mueve esa \u201cinfodemia\u201d.<\/p>\n\n\n\n<p class=\"wp-block-paragraph\">Twitter respondi\u00f3 al licenciado L\u00f3pez Obrador, de\nacuerdo con un tuit que alude a la cuenta @LopezObrador_, que son bots (robots)\n61 por ciento de sus seguidores, es decir cuatro millones 216 mil 994 de los\nsupuestos seis millones 901 mil 790 seguidores, son cuentas falsas.&nbsp; <\/p>\n\n\n\n<p class=\"wp-block-paragraph\">\u00bfEntonces? Bien por el licenciado L\u00f3pez Obrador en\nesa exitosa campa\u00f1a que lo llev\u00f3 a ganar la Presidencia de la Rep\u00fablica. <\/p>\n\n\n\n<p class=\"wp-block-paragraph\">Habr\u00eda sido pr\u00e1cticamente imposible que el Instituto\nNacional Electoral tuviese margen de maniobra y recursos para financiar una\nchapuza en los comicios y ocultar 30 millones 113 mil 483 votos depositados en\nlas urnas a favor del candidato de la alianza Juntos haremos historia,\nintegrada por el Movimiento Regeneraci\u00f3n Nacional, y los partidos del Trabajo y\nEncuentro Social.&nbsp; <\/p>\n\n\n\n<p class=\"wp-block-paragraph\">Pero, resulta que el <em>se\u00f1orpresidente<\/em> ha derrochado el bono democr\u00e1tico que concret\u00f3 la\nnoche del 1 de julio de 2018, como l\u00edder carism\u00e1tico cuya carrera se ha\nsustentado en esa propaganda que abreva en la estrategia dictada por Joseph\nGoebbels y que, en su momento, Adolfo Hitler admir\u00f3 de Benito Mussolini por su\ncapacidad de arrastrar multitudes cuyo credo se sustent\u00f3 en el antiliberalismo\ny contra la doctrina marxista que aparentemente sustanciaba la movilizaci\u00f3n de\nlas clases pobres contra los due\u00f1os del capital, los ricos, los burgueses.<\/p>\n\n\n\n<p class=\"wp-block-paragraph\">\u00bfEs de izquierda, entonces, el gobierno de L\u00f3pez\nObrador? No.<\/p>\n\n\n\n<p class=\"wp-block-paragraph\">Es una mezcla de voluntades y ambiciones personales\ny de grupos del poder f\u00e1ctico que le ha entrado al juego del doble lenguaje y\natropellado, impunemente, a quienes dentro del equipo lopezobradorista han\ntenido que operar en calidad de tragahumo y justificar actos de autoridad para\nsalvar de la debacle a un gobierno que se enfila, precisamente, al r\u00e9gimen\nautoritario, dislocado de las ofertas de campa\u00f1a que imaginaban sacar de la\npostraci\u00f3n centenaria a los m\u00e1s pobres, a los miserables.<\/p>\n\n\n\n<p class=\"wp-block-paragraph\">Y es que, mire usted, la repartici\u00f3n de\nmultimillonarios recursos v\u00eda la Secretar\u00eda del Bienestar y aparentemente\nvigilados por la Secretar\u00eda de la Funci\u00f3n P\u00fablica, ahora de obligatoria\nobservancia constitucional, cumple con el mismo objetivo que tuvo en gobiernos\npasados, de mantener a raya a esa poblaci\u00f3n que es fuente de votos. <\/p>\n\n\n\n<p class=\"wp-block-paragraph\">Los pobres seguir\u00e1n pobres, porque no hay un plan\ndefinido; no existe un rengl\u00f3n en el que se establezca, en el Plan Nacional de\nDesarrollo 2019-2024, la estructura que d\u00e9 a los pobres el margen para aspirar\na empleos bien remunerados por mano de obra calificada, porque la reforma\neducativa aprobada en el Congreso de la Uni\u00f3n por la mayor\u00eda oficialista\nsustenta su optimismo en supuestas universidades de mediocre nivel, por usar un\neufemismo.<\/p>\n\n\n\n<p class=\"wp-block-paragraph\">As\u00ed, en la elemental estrategia de desviar la\natenci\u00f3n ciudadana hacia temas triviales, cuando hay asuntos prioritarios como\nes la emergencia sanitaria y la corrupci\u00f3n que ha sido denunciada por\npersonajes integrantes de su propia causa que se\u00f1alan a integrantes de su\nadministraci\u00f3n, el licenciado ha echado a andar la estratega propagandista para\nponer a salvo a su equipo y convencer a sus seguidores, pl\u00e9yade menguada hasta\ncaer a menos de 50 por ciento en el top ten de popularidad, de que es v\u00edctima\nde sus contrincantes, \u00e9stos que desbancaron a sus operadores de las redes\nsociales.<\/p>\n\n\n\n<p class=\"wp-block-paragraph\">Y, entonces, reedit\u00f3 a la estrategia Torquemada para\nllevar a picota al ex presidente Felipe Calder\u00f3n. La semana pasada fue el\nmomento del equipo de Enrique Pe\u00f1a Nieto, quien estar\u00eda sujeto a investigaci\u00f3n\npor la Unidad de Informaci\u00f3n Financiera, cuyo jefe, Santiago Nieto, neg\u00f3 la\nespecie. Y el asunto se desinfl\u00f3 r\u00e1pidamente.<\/p>\n\n\n\n<p class=\"wp-block-paragraph\">En ese tenor propagand\u00edstico para desviar la\natenci\u00f3n de temas fundamentales, en la ma\u00f1anera del martes pasado (cinco de\nmayo) un sedicente periodista entr\u00f3 como emergente y el licenciado L\u00f3pez\nObrador le dio la palabra. <\/p>\n\n\n\n<p class=\"wp-block-paragraph\"><strong>&#8211;Vamos a abrir para preguntas. Hans Salazar Casta\u00f1eda\u2014cit\u00f3 el se\u00f1orpresidente.<\/strong><\/p>\n\n\n\n<p class=\"wp-block-paragraph\">&#8211;Buenos d\u00edas, presidente. Hans Salazar, de&nbsp;<em>ZMG\nNoticias, Gur\u00fa Pol\u00edtico y Z\u00f3calo Virtual (sic)<\/em>.<\/p>\n\n\n\n<p class=\"wp-block-paragraph\">Preguntarle, el d\u00eda de ayer sigue el tema de Felipe\nCalder\u00f3n. La autora, la periodista Anabel Hern\u00e1ndez vuelve a citar que el\npresidente encabezaba incluso reuniones con narcotraficantes de acuerdo a una\ncarta enviada por un narcotraficante apodado \u2018la Barbie\u2019.<\/p>\n\n\n\n<p class=\"wp-block-paragraph\">\u00bfPor qu\u00e9 es importante plantearle este tema en este\nmomento, presidente, a pesar de que ayer mismo un compa\u00f1ero m\u00edo ya se lo hab\u00eda\npreguntado?<\/p>\n\n\n\n<p class=\"wp-block-paragraph\">Sigue la difusi\u00f3n, ayer se difundi\u00f3 el audio de la\nentrevista a la exembajadora de Estados Unidos en M\u00e9xico.<\/p>\n\n\n\n<p class=\"wp-block-paragraph\">La pregunta concreta, presidente, y es porque en la\npoblaci\u00f3n, en la sociedad mexicana sigue habiendo la exigencia de justicia.\nUsted ya ha especificado que por lo menos en nuestro pa\u00eds va a haber, si es que\nas\u00ed lo decide la gente, a trav\u00e9s de una consulta, ser\u00eda ese mecanismo.<\/p>\n\n\n\n<p class=\"wp-block-paragraph\">Concretamente le preguntar\u00eda, presidente. En\nEstados Unidos sigue la investigaci\u00f3n contra el exsecretario de Seguridad\nP\u00fablica. \u00bfUsted estar\u00eda en esa disposici\u00f3n plena de colaboraci\u00f3n con el\ngobierno norteamericano si este pidiera la detenci\u00f3n y eventualmente entrega\ndel expresidente Felipe Calder\u00f3n?<\/p>\n\n\n\n<p class=\"wp-block-paragraph\"><strong>&#8212;<\/strong><strong>En efecto \u2013respondi\u00f3 L\u00f3pez Obrador&#8211;, hay una\ninvestigaci\u00f3n en Estados Unidos, seg\u00fan sabemos no es en contra del expresidente\nFelipe Calder\u00f3n, el que est\u00e1 detenido y est\u00e1 siendo juzgado es el secretario de\nSeguridad P\u00fablica en el gobierno de Felipe Calder\u00f3n, se\u00f1or Garc\u00eda Luna.<\/strong><\/p>\n\n\n\n<p class=\"wp-block-paragraph\"><strong>\u201cSe conoce \u2013prosigui\u00f3&#8211;que cuando se llevan a cabo estas investigaciones\nse re\u00fanen elementos, se llama a declarar a quienes tienen informaci\u00f3n y eso es\nlo que creo se va a seguir haciendo en Estados Unidos.<\/strong><\/p>\n\n\n\n<p class=\"wp-block-paragraph\"><strong>\u201cSi alguien tiene informaci\u00f3n est\u00e1 obligado tambi\u00e9n a entregarla aun\nsiendo periodista. Esta periodista Anabel Hern\u00e1ndez ha hecho trabajos de\ninvestigaci\u00f3n de primer orden, es una mujer profesional en el periodismo y\nvaliente, es una mujer excepcional.<\/strong><\/p>\n\n\n\n<p class=\"wp-block-paragraph\"><strong>Si ella lo decide, porque tambi\u00e9n es por voluntad, puede aportar esas\npruebas para este caso.<\/strong><\/p>\n\n\n\n<p class=\"wp-block-paragraph\"><strong>\u201cAcerca de abrir nosotros una investigaci\u00f3n en contra del presidente\nCalder\u00f3n, del expresidente Calder\u00f3n, pues ya dijimos que tendr\u00eda que ser a\npartir de una consulta ciudadana; y no s\u00f3lo para su caso, sino estamos\nplanteando que se le pregunte a la gente, o que los ciudadanos lo demanden,\nsobre el abrir juicios a los expresidentes del periodo neoliberal, de Salinas a\nPe\u00f1a, pasando por Zedillo, Fox y Calder\u00f3n, pero eso lo tendr\u00eda que decidir la\ngente.<\/strong><\/p>\n\n\n\n<p class=\"wp-block-paragraph\"><strong>\u201cNosotros desde el principio dijimos que quer\u00edamos pensar hacia\nadelante, que se terminara con el periodo neoliberal, que es sin\u00f3nimo de\ncorrupci\u00f3n. Dijimos que \u00edbamos a hacer nuestro trabajo, incluso dije: Esta\nsituaci\u00f3n de no iniciar procesos judiciales en contra de los expresidentes no\nsignifica tambi\u00e9n que no se aplique la ley contra nosotros, es decir, hacia\natr\u00e1s lo que la gente decida y hacia adelante que podamos ser enjuiciados\u201d.<\/strong><\/p>\n\n\n\n<p class=\"wp-block-paragraph\">El se\u00f1orpresidente fue m\u00e1s amplio en su respuesta a\nmodo, sembrada, pautada en esta estrategia de desviar la atenci\u00f3n. Maestro de\nla propaganda, hoy es v\u00edctima de sus engendros pero de ese factor saca provecho\ny se ofrece m\u00e1rtir ante sus seguidores que a\u00fallan heridos porque el pr\u00f3cer fue\npillado en las benditas redes sociales. Conste.<\/p>\n\n\n\n<p class=\"wp-block-paragraph\"><a href=\"mailto:sanchezlimon@gmail.com\">sanchezlimon@gmail.com<\/a><\/p>\n\n\n\n<p class=\"wp-block-paragraph\"><a href=\"http:\/\/www.entresemana.mx\">www.entresemana.mx<\/a><\/p>\n\n\n\n<p class=\"wp-block-paragraph\">@msanchezlimon<\/p>\n","protected":false},"excerpt":{"rendered":"<p>Propaganda y las malditas redes<\/p>\n","protected":false},"author":3,"featured_media":15805,"comment_status":"open","ping_status":"open","sticky":false,"template":"","format":"standard","meta":{"_monsterinsights_skip_tracking":false,"footnotes":""},"categories":[691,105,83],"tags":[],"class_list":["post-20342","post","type-post","status-publish","format-standard","has-post-thumbnail","category-691","category-entresemana","category-moises-sanchez-limon"],"_links":{"self":[{"href":"https:\/\/redsemlac.com\/semmexico\/wp-json\/wp\/v2\/posts\/20342","targetHints":{"allow":["GET"]}}],"collection":[{"href":"https:\/\/redsemlac.com\/semmexico\/wp-json\/wp\/v2\/posts"}],"about":[{"href":"https:\/\/redsemlac.com\/semmexico\/wp-json\/wp\/v2\/types\/post"}],"author":[{"embeddable":true,"href":"https:\/\/redsemlac.com\/semmexico\/wp-json\/wp\/v2\/users\/3"}],"replies":[{"embeddable":true,"href":"https:\/\/redsemlac.com\/semmexico\/wp-json\/wp\/v2\/comments?post=20342"}],"version-history":[{"count":0,"href":"https:\/\/redsemlac.com\/semmexico\/wp-json\/wp\/v2\/posts\/20342\/revisions"}],"wp:featuredmedia":[{"embeddable":true,"href":"https:\/\/redsemlac.com\/semmexico\/wp-json\/wp\/v2\/media\/15805"}],"wp:attachment":[{"href":"https:\/\/redsemlac.com\/semmexico\/wp-json\/wp\/v2\/media?parent=20342"}],"wp:term":[{"taxonomy":"category","embeddable":true,"href":"https:\/\/redsemlac.com\/semmexico\/wp-json\/wp\/v2\/categories?post=20342"},{"taxonomy":"post_tag","embeddable":true,"href":"https:\/\/redsemlac.com\/semmexico\/wp-json\/wp\/v2\/tags?post=20342"}],"curies":[{"name":"wp","href":"https:\/\/api.w.org\/{rel}","templated":true}]}}