{"id":20262,"date":"2020-05-06T01:05:15","date_gmt":"2020-05-06T01:05:15","guid":{"rendered":"https:\/\/redsemlac.com\/semmexico\/?p=20262"},"modified":"2023-07-21T16:18:48","modified_gmt":"2023-07-21T21:18:48","slug":"mujeres-unidas-por-la-educacion-2","status":"publish","type":"post","link":"https:\/\/redsemlac.com\/semmexico\/mujeres-unidas-por-la-educacion-2\/","title":{"rendered":"Lo que realmente est\u00e1n aprendiendo nuestras hijas e hijos en casa en esta cuarentena"},"content":{"rendered":"\n<h2 class=\"wp-block-heading\"> Mujeres Unidas por la Educaci\u00f3n<\/h2>\n\n\n\n<p class=\"wp-block-paragraph\"><strong>Por:  Laura Delgado Maldonado <\/strong>*<\/p>\n\n\n\n<p class=\"has-text-align-center has-small-font-size wp-block-paragraph\"><em>Resumen: Lo que realmente debemos priorizar como aprendizajes en este encierro, derivado de las medidas preventivas en salud por la pandemia, es poner por delante la vida afectiva familiar, el bienestar emocional de nuestros hijos, la tolerancia y respeto en nuestras interacciones en casa; todo ello aderezado con una buena dosis de educaci\u00f3n con perspectiva de g\u00e9nero.<\/em><\/p>\n\n\n\n<p class=\"wp-block-paragraph\">SemM\u00e9xico\/MUXED. 5 de mayo de 2020.- En los \u00faltimos d\u00edas he tenido la oportunidad de leer mucho sobre la saturaci\u00f3n de actividades en casa y no puedo sino suscribir este sentimiento de angustia, de que sientes que el d\u00eda no te rinde como antes, y me refiero antes de la cuarentena. Y hay que reconocerlo, tenemos m\u00e1s cosas que hacer y en menos tiempo porque muchas de las actividades que desarrollaban nuestros hijos en el colegio ahora hay que realizarlas en casa.<\/p>\n\n\n\n<p class=\"wp-block-paragraph\">Abiertamente no comparto la idea de que estamos haciendo \u201cla escuela en casa\u201d, porque porque no hay manera de compensar las experiencias y las interacciones que mis hijos viven, al lado de sus amigos, maestras y maestros. A todos sus docentes, mi esposo y yo les agradecemos el enorme esfuerzo que est\u00e1n realizando para llevar a mejor puerto la educaci\u00f3n de nuestros hijos, a pesar de las desproporcionadas exigencias de las autoridades educativas ante lo que es realmente posible, dadas las limitadas condiciones del contexto actual.<\/p>\n\n\n\n<p class=\"wp-block-paragraph\">Entendemos que no siempre resultan las cosas conforme fueron planeadas y que a algunos maestras o maestros se les ha dificultado m\u00e1s el tr\u00e1nsito hacia el uso fluido de la tecnolog\u00eda, pero, honestamente, no ten\u00edan por qu\u00e9 ser especialistas en este rubro. La calidad de las escuelas se funda en sus recursos humanos y esos persisten y son a quienes, al concluir la cuarentena, nuestros hijos regresar\u00e1n, para abrazarlos fuertemente, por el cari\u00f1o que les tienen y que se han ganado por su dedicaci\u00f3n, profesionalismo y el entusiasmo que muestran d\u00eda a d\u00eda. Conocemos su vocaci\u00f3n, sabemos que ya est\u00e1n planeando medidas remediales para alcanzar los aprendizajes que consideran indispensables para continuar avanzando en grados posteriores, pero, al tiempo. Por ahora todos estamos haciendo lo que podemos y de la mejor manera posible. El aprendizaje de contenidos del programa de estudios pas\u00f3 a segundo t\u00e9rmino, lo fundamental es el bienestar socioemocional y afectivo de todos los que estamos en casa, en este encierro obligado por las circunstancias.<\/p>\n\n\n\n<p class=\"wp-block-paragraph\">Como padres \u201cclase media con aspiraciones\u201d m\u00e1s bien lo que creo que hacemos mi esposo y yo en casa, en lo que se refiere a los aprendizajes del programa escolar, es, b\u00e1sicamente, acompa\u00f1arlos y tratar de hacerlo de la mejor manera posible, con cari\u00f1o, paciencia y un toque de humildad, por todo aquello que ya olvidamos hace a\u00f1os y que ahora tenemos la oportunidad de volver a aprender, pero de otra manera (\u00a1cu\u00e1nta raz\u00f3n ten\u00eda mi abuela al afirmar que aprende m\u00e1s quien ense\u00f1a!).<\/p>\n\n\n\n<p class=\"wp-block-paragraph\">Mis hijos son mellizos de 9 a\u00f1os y cursan actualmente el 4\u00ba grado de primaria; juegan mucho entre ellos y se apoyan en sus actividades escolares; en estas circunstancias me doy cuenta de que educarlos con perspectiva de g\u00e9nero les ha permitido, en esta cuarentena, compartir mucho tiempo juntos, ser solidarios entre ellos, negociar gustos, tiempos e incorporarse a actividades de la casa (asear su habitaci\u00f3n, ayudar en la cocina, ordenar sus cosas, etc.) y, sobre todo jugar, simplemente jugar: no hay tal clasificaci\u00f3n de \u201cson juegos de ni\u00f1os o de ni\u00f1as\u201d.<\/p>\n\n\n\n<p class=\"wp-block-paragraph\">Sobre sus actividades cotidianas, lo que indudablemente m\u00e1s extra\u00f1an es a sus amigas y amigos, y s\u00ed, tambi\u00e9n tengo que programar sesiones de Zoom para que puedan \u201cverse\u201d y jugar videojuegos simult\u00e1neamente. \u00a1S\u00e9 que no es lo mejor, pero cr\u00e9anme que de alguna manera los ayuda a tener el \u00e1nimo arriba!<\/p>\n\n\n\n<p class=\"wp-block-paragraph\">He intentado jugar con ellos Minecraft sin mucho \u00e9xito, pero s\u00ed de muy buena gana. Les comparto que, la primera vez, \u201cno sal\u00eda del ba\u00f1o de la habitaci\u00f3n que construyeron para m\u00ed, caminaba al rev\u00e9s y siempre mirando al piso\u201d; la segunda vez, \u201cme ahogu\u00e9 en un pozo que no sab\u00eda que exist\u00eda\u201d; y, la tercera, \u201cmat\u00e9 a nuestra mascota virtual\u201d, \u00a1cuando solo intentaba hacerle un cari\u00f1ito! As\u00ed es que, cualquiera que piense que los videojuegos no aportan nada, los invito a que traten de hacerlo con sus hijos, ver\u00e1n que, manejar bien los tiempos y la seguridad, no es nada f\u00e1cil. En defensa de mi orgullo materno, se requiere de mucha imaginaci\u00f3n (tan fruct\u00edfera como la de una ni\u00f1a o un ni\u00f1o) para ver cosas donde los adultos solo vemos cuadros, cubos y pixeles; as\u00ed es que cualquiera que piense que los videojuegos no aportan nada bueno los invito a que traten de jugar con sus hijas e hijos, ver\u00e1n que bien manejan los tiempos y la seguridad. Cr\u00e9anme, no es nada f\u00e1cil. Comprender el sentido de las relaciones espaciales es todo un reto. Estos tiempos de encierro ofrecen una oportunidad para que los adultos hagamos un esfuerzo por comprender mejor el mundo de nuestras ni\u00f1as, ni\u00f1os y j\u00f3venes, y, sobre todo, para que nos vinculemos con ellos, partiendo de sus intereses y poni\u00e9ndolos por encima de los nuestros, aunque \u2013debo confesar\u2013 que sigo prefiriendo los juegos de mesa y, por supuesto, los experimentos cient\u00edficos en casa, los cuales tambi\u00e9n hemos realizado con mucho \u00e9xito, estos d\u00edas.<\/p>\n\n\n\n<p class=\"wp-block-paragraph\">Ver\u00e1n, ciertamente nada ha sido \u201cmiel sobre hojuelas\u201d y a veces hasta nos podemos empalagar, por lo que un breve espacio en el rinc\u00f3n favorito de cada quien, ayuda para recargar las bater\u00edas de la tolerancia, tomar nuevos br\u00edos y regresar a la sana convivencia familiar. Al finalizar el d\u00eda y a pesar de lo agobiante de las actividades en casa, escuchar re\u00edr a mis hijos, compartir puntos de vista de alguno de los interminables art\u00edculos de mi esposo o hablar por tel\u00e9fono con mi familia lejana, me recuerda lo afortunados que somos al saber que estamos bien y que lo m\u00e1s que perdimos, como familia en esta pandemia, fue un viaje de vacaciones en Semana Santa.<\/p>\n\n\n\n<p class=\"wp-block-paragraph\">Finalmente, les comparto una \u00faltima reflexi\u00f3n que me ha dejado esta pausa en nuestra \u201crealidad normalizada\u201d, de la que la pandemia nos oblig\u00f3 a salir para entrar en el letargo del confinamiento: la vida nos pone retos que nos invitan a repensar la educaci\u00f3n de nuestros hijos para un mejor futuro, relacionado con m\u00e1s empat\u00eda hacia sus cong\u00e9neres, el respeto y cuidado por la naturaleza, el entorno y poner l\u00edmites razonables a esta desmedida necesidad del consumo humano: los aprendizajes son de otro orden y los adultos estamos obligados a reinventarnos, para bien.<\/p>\n\n\n\n<p class=\"wp-block-paragraph\"><strong><em>* Mam\u00e1, esposa, amiga y buena ciudadana de tiempo completo; psic\u00f3loga social, profesionista independiente en sus ratos libres, cofundadora de Kaans-Balam, S.C. especialista en dise\u00f1o y desarrollo de instrumentos de evaluaci\u00f3n. <\/em><\/strong><\/p>\n\n\n\n<p class=\"wp-block-paragraph\"><a href=\"mailto:lau.delma@gmail.com\" target=\"_blank\" rel=\"noreferrer noopener\">lau.delma@gmail.com<\/a>&nbsp;<\/p>\n\n\n\n<p class=\"wp-block-paragraph\">Twitter: @lau_delma<\/p>\n\n\n\n<p class=\"wp-block-paragraph\">Sitio web oficial de muxed:   <a href=\"https:\/\/www.muxed.mx\/\">https:\/\/www.muxed.mx\/<\/a> <\/p>\n","protected":false},"excerpt":{"rendered":"<p>Lo que realmente est\u00e1n aprendiendo nuestras hijas e hijos en casa en esta cuarentena<\/p>\n","protected":false},"author":3,"featured_media":20263,"comment_status":"open","ping_status":"open","sticky":false,"template":"","format":"standard","meta":{"_monsterinsights_skip_tracking":false,"footnotes":""},"categories":[691,137],"tags":[],"class_list":["post-20262","post","type-post","status-publish","format-standard","has-post-thumbnail","category-691","category-mujeres-unidas-por-la-educacion"],"_links":{"self":[{"href":"https:\/\/redsemlac.com\/semmexico\/wp-json\/wp\/v2\/posts\/20262","targetHints":{"allow":["GET"]}}],"collection":[{"href":"https:\/\/redsemlac.com\/semmexico\/wp-json\/wp\/v2\/posts"}],"about":[{"href":"https:\/\/redsemlac.com\/semmexico\/wp-json\/wp\/v2\/types\/post"}],"author":[{"embeddable":true,"href":"https:\/\/redsemlac.com\/semmexico\/wp-json\/wp\/v2\/users\/3"}],"replies":[{"embeddable":true,"href":"https:\/\/redsemlac.com\/semmexico\/wp-json\/wp\/v2\/comments?post=20262"}],"version-history":[{"count":0,"href":"https:\/\/redsemlac.com\/semmexico\/wp-json\/wp\/v2\/posts\/20262\/revisions"}],"wp:featuredmedia":[{"embeddable":true,"href":"https:\/\/redsemlac.com\/semmexico\/wp-json\/wp\/v2\/media\/20263"}],"wp:attachment":[{"href":"https:\/\/redsemlac.com\/semmexico\/wp-json\/wp\/v2\/media?parent=20262"}],"wp:term":[{"taxonomy":"category","embeddable":true,"href":"https:\/\/redsemlac.com\/semmexico\/wp-json\/wp\/v2\/categories?post=20262"},{"taxonomy":"post_tag","embeddable":true,"href":"https:\/\/redsemlac.com\/semmexico\/wp-json\/wp\/v2\/tags?post=20262"}],"curies":[{"name":"wp","href":"https:\/\/api.w.org\/{rel}","templated":true}]}}