{"id":20124,"date":"2020-05-04T15:26:04","date_gmt":"2020-05-04T15:26:04","guid":{"rendered":"https:\/\/redsemlac.com\/semmexico\/?p=20124"},"modified":"2023-07-21T16:18:51","modified_gmt":"2023-07-21T21:18:51","slug":"el-covid-19-expone-la-desigualdad-social-y-precariedad-del-trabajo-de-las-mujeres","status":"publish","type":"post","link":"https:\/\/redsemlac.com\/semmexico\/el-covid-19-expone-la-desigualdad-social-y-precariedad-del-trabajo-de-las-mujeres\/","title":{"rendered":"El COVID 19 expone la desigualdad social y precariedad del trabajo de las mujeres"},"content":{"rendered":"\n<ul class=\"wp-block-list\"><li><strong>Exigen justicias trabajadoras de la maquila, agr\u00edcola, del hogar y migrante temporal.\u00a0<\/strong><\/li><\/ul>\n\n\n\n<ul class=\"wp-block-list\"><li><strong>Salarios dignos, seguridad social y acceso al derecho a la justicia, demandas hist\u00f3ricas sin cumplir.<\/strong><\/li><\/ul>\n\n\n\n<ul class=\"wp-block-list\"><li><strong>Declaraci\u00f3n de la Coordinadora Nacional de Defensoras de los DH Laborales\u00a0\u00a0<\/strong><\/li><\/ul>\n\n\n\n<p class=\"wp-block-paragraph\"><strong>Elda Montiel\u00a0<\/strong><\/p>\n\n\n\n<p class=\"wp-block-paragraph\">SemM\u00e9xico. Cd. De M\u00e9xico. 4 de mayo de 2020.- La pandemia del COVID 19 ha puesto al descubierto la situaci\u00f3n desigual e ilegal de miles de trabajadoras en M\u00e9xico, que laboran en los l\u00edmites de la dignidad humana, bajos salarios y miles sin seguridad social.<\/p>\n\n\n\n<p class=\"wp-block-paragraph\">As\u00ed, y con motivo del 134 aniversario del Primera de Mayo, sostienen mujeres trabajadoras de la maquila, del trabajo agr\u00edcola, el del hogar y labores temporales de migrantes, en un comunicado de la Coordinadora Nacional de Defensoras de los Derechos Humanos Laborales.<\/p>\n\n\n\n<p class=\"wp-block-paragraph\">Exigen a las autoridades cumplan con la ley, los derechos laborales reconocidos por las en la Ley Federal del Trabajo y los y Tratados Internacionales firmados por M\u00e9xico.,&nbsp;<\/p>\n\n\n\n<p class=\"wp-block-paragraph\">Se\u00f1alan que las consecuencias de la emergencia sanitaria del COVID 19 ha expuesto en todos los rincones del pa\u00eds la desigualdad social y la precariedad de las condiciones laborales en todos los sectores econ\u00f3micos, particularmente en aquellos que se han designado como \u201cesenciales\u201d, que son los que realizan las mujeres, como enfermeras, dependientes, cajeras en los supermercado, cuidadoras, personal auxiliar en los hospitales, comunicaciones y toda clase de servicios, empleos considerados&nbsp;&nbsp;como esenciales, pero&nbsp;&nbsp;precarios.&nbsp;<\/p>\n\n\n\n<p class=\"wp-block-paragraph\">\u201cEl surco, la l\u00ednea de producci\u00f3n, el traspatio, la empacadora, los hogares son nuestros primeros espacios de aprendizaje y trincheras de lucha, y a trav\u00e9s de la organizaci\u00f3n es como hemos aprendido a reconocer los agravios, los derechos y los caminos para construir la justicia\u201d, afirman.<\/p>\n\n\n\n<p class=\"wp-block-paragraph\">En el marco del D\u00eda del Trabajo, mayo mes de las mujeres, trabajadoras de Chiapas, Morelos, Guerrero, Ciudad de M\u00e9xico, Coahuila, Sinaloa y Baja California conmemoran el sacrificio de los M\u00e1rtires de Chicago, en favor de la jornada de trabajo de ocho horas y el derecho a la libertad sindical.&nbsp;<\/p>\n\n\n\n<p class=\"wp-block-paragraph\">Afirman que a 134 a\u00f1os de esa gesta los empleadores siguen sin querer enterarse de esos derechos arrancados en m\u00e1s de un siglo, ni de las demandas hist\u00f3ricas y ahora adem\u00e1s de no cumplir con la pandemia del COVID 19 se ha puesto al descubierto la condici\u00f3n laboral de millones de trabajadoras, de violaciones a los convenios de la OIT y se agudiza la situaci\u00f3n de quienes realizan las labores consideradas de menos importancia.&nbsp;<\/p>\n\n\n\n<p class=\"wp-block-paragraph\">Ejemplificaron las \u00e1reas laborales m\u00e1s injusta, como las vividas por trabajadoras migrantes de origen ind\u00edgena, quienes se encuentran m\u00e1s expuestas a agravios en espacios de trabajo y vivienda, como situaciones de explotaci\u00f3n, discriminaci\u00f3n y subordinaci\u00f3n particularmente graves.<\/p>\n\n\n\n<p class=\"wp-block-paragraph\">\u201cLa violencia cotidiana en los espacios laborales como diferencia en percepci\u00f3n de sueldos y salarios con nuestros compa\u00f1eros varones, que sigue siendo un problema duro de enfrentar. En otras ocasiones, somos colocadas en sectores de menor valor agregado dentro de los procesos industriales, principalmente en la maquila\u201d.<\/p>\n\n\n\n<p class=\"wp-block-paragraph\">A esto \u201chay que sumar el acoso y abuso sexual dentro del trabajo de patrones, supervisores, y de nuestros propios compa\u00f1eros de trabajo; la discriminaci\u00f3n, muy clara en el trabajo del hogar; tambi\u00e9n la discriminaci\u00f3n para embarazadas; y ser invisibles en \u00e1mbitos de representaci\u00f3n sindical, especialmente en la toma de decisiones\u201d.<\/p>\n\n\n\n<p class=\"wp-block-paragraph\">Recuerdan que, desde la reforma laboral de 2012, no obstante, el mandato de poner en marcha pol\u00edticas que garanticen la no discriminaci\u00f3n y acceso efectivo a la justicia para mujeres trabajadoras, lo cierto es que no existen mecanismos para hacerlas efectivas, son complicados los protocolos y existen obst\u00e1culos burocr\u00e1ticos para acceder a esos mandados, es tanta la dificultad, que se puede hablar de simulaci\u00f3n.<\/p>\n\n\n\n<p class=\"wp-block-paragraph\">Luego describen las ventajas de estar organizadas, en espacios donde aprenden a reconocer los agravios, los derechos y los caminos para construir la justicia. Y explican que en la Coordinadora \u201caprendimos a reconocernos como mujeres trabajadoras y reivindicar nuestra labor, tan importante y necesaria como nuestros derechos. Aprendimos tambi\u00e9n que congregarnos y compartir con otras mujeres nos da fuerza para hablar m\u00e1s fuerte y caminar m\u00e1s lejos\u201d.<br><\/p>\n","protected":false},"excerpt":{"rendered":"<p>Salarios dignos, seguridad social y acceso al derecho a la justicia, demandas hist\u00f3ricas sin cumplir.<\/p>\n","protected":false},"author":3,"featured_media":20125,"comment_status":"open","ping_status":"open","sticky":false,"template":"","format":"standard","meta":{"_monsterinsights_skip_tracking":false,"footnotes":""},"categories":[691,135],"tags":[],"class_list":["post-20124","post","type-post","status-publish","format-standard","has-post-thumbnail","category-691","category-emergencia-sanitaria-covid-19"],"_links":{"self":[{"href":"https:\/\/redsemlac.com\/semmexico\/wp-json\/wp\/v2\/posts\/20124","targetHints":{"allow":["GET"]}}],"collection":[{"href":"https:\/\/redsemlac.com\/semmexico\/wp-json\/wp\/v2\/posts"}],"about":[{"href":"https:\/\/redsemlac.com\/semmexico\/wp-json\/wp\/v2\/types\/post"}],"author":[{"embeddable":true,"href":"https:\/\/redsemlac.com\/semmexico\/wp-json\/wp\/v2\/users\/3"}],"replies":[{"embeddable":true,"href":"https:\/\/redsemlac.com\/semmexico\/wp-json\/wp\/v2\/comments?post=20124"}],"version-history":[{"count":0,"href":"https:\/\/redsemlac.com\/semmexico\/wp-json\/wp\/v2\/posts\/20124\/revisions"}],"wp:featuredmedia":[{"embeddable":true,"href":"https:\/\/redsemlac.com\/semmexico\/wp-json\/wp\/v2\/media\/20125"}],"wp:attachment":[{"href":"https:\/\/redsemlac.com\/semmexico\/wp-json\/wp\/v2\/media?parent=20124"}],"wp:term":[{"taxonomy":"category","embeddable":true,"href":"https:\/\/redsemlac.com\/semmexico\/wp-json\/wp\/v2\/categories?post=20124"},{"taxonomy":"post_tag","embeddable":true,"href":"https:\/\/redsemlac.com\/semmexico\/wp-json\/wp\/v2\/tags?post=20124"}],"curies":[{"name":"wp","href":"https:\/\/api.w.org\/{rel}","templated":true}]}}