{"id":20120,"date":"2020-05-04T15:22:28","date_gmt":"2020-05-04T15:22:28","guid":{"rendered":"https:\/\/redsemlac.com\/semmexico\/?p=20120"},"modified":"2023-07-21T16:18:51","modified_gmt":"2023-07-21T21:18:51","slug":"opinion-488","status":"publish","type":"post","link":"https:\/\/redsemlac.com\/semmexico\/opinion-488\/","title":{"rendered":"Miradas de reportero"},"content":{"rendered":"\n<h2 class=\"wp-block-heading\"><strong>Es tiempo de pensar en un\u00a0<em>Estatuto del Periodista<\/em><\/strong><\/h2>\n\n\n\n<p class=\"wp-block-paragraph\"><strong>Por Rogelio Hern\u00e1ndez L\u00f3pez<\/strong><\/p>\n\n\n\n<p class=\"wp-block-paragraph\"><em>SemM\u00e9xico. Cd. de M\u00e9xico. 4 de mayo de 2020.- Por un periodismo libre e imparcial<\/em> \u00a0fue el lema que lanz\u00f3 la UNESCO el 3 de mayo de 2020, d\u00eda Mundial de la libertad de prensa. Parece la consigna m\u00e1s acertada pero ut\u00f3pica en este a\u00f1o de la pandemia que provoca regresiones en los est\u00e1ndares de convivencia democr\u00e1tica.<\/p>\n\n\n\n<p class=\"wp-block-paragraph\">Organismos internacionales denuncian que en todos lados las sociedades padecen olas incesantes de informaci\u00f3n falsa que desestabilizan a los gobiernos. Tambi\u00e9n brotan tentaciones autoritarias en demasiados pa\u00edses que quieren restringir o demeritar el ejercicio period\u00edstico libre del periodismo junto a otros derechos. El periodismo profesional es m\u00e1s necesario que en otros tiempos.<\/p>\n\n\n\n<p class=\"wp-block-paragraph\">En M\u00e9xico, adem\u00e1s contin\u00faan las embestidas y demeritaciones para las y los periodistas profesionales; y la m\u00e1s sensible es en el terreno laboral por recortes arbitrarios a los salarios, m\u00e1s despidos y cierres de fuentes de empleo.&nbsp;<\/p>\n\n\n\n<p class=\"wp-block-paragraph\">En esta actividad tambi\u00e9n tendr\u00edan que ocurrir cambios de fondo.<\/p>\n\n\n\n<p class=\"wp-block-paragraph\">Uno de los cambios estructurales ser\u00eda el ya reconocer legalmente a los periodistas como sujetos del inter\u00e9s p\u00fablico pero separados de las empresas de prensa. Quiz\u00e1 sea hora de estimular un movimiento que pugne por un Estatuto del Periodista, como ley reglamentaria del art\u00edculo 6\u00ba constitucional.<\/p>\n\n\n\n<p class=\"wp-block-paragraph\"><strong>Restricciones en el mundo: ONU<\/strong><\/p>\n\n\n\n<p class=\"wp-block-paragraph\">El Departamento de Comunicaci\u00f3n Global de las Naciones Unidas emiti\u00f3 el 27 de abril una actualizaci\u00f3n de sus recomendaciones de respeto a los derechos humanos durante la atenci\u00f3n a la pandemia por covid-19. All\u00ed advierte de tentaciones autoritarias en todo el mundo que afectan derechos a la informaci\u00f3n y el de informar, especialmente de la prensa y los periodistas.<\/p>\n\n\n\n<p class=\"wp-block-paragraph\">\u201cUna prensa libre siempre es esencial &#8211;recuerda&#8211; pero nunca hemos dependido de ella m\u00e1s de lo que lo hacemos en esta pandemia, cuando tantas personas est\u00e1n aisladas y temen por su salud y sus medios de vida. La informaci\u00f3n cre\u00edble y precisa es un salvavidas para todas y todos.<\/p>\n\n\n\n<p class=\"wp-block-paragraph\">\u201cNo es momento de culpar al mensajero. En lugar de amenazar a periodistas o acallar las cr\u00edticas, los Estados deber\u00edan alentar un debate saludable sobre la pandemia y sus consecuencias. Las personas tienen derecho a participar en la toma de decisiones que afectan sus vidas, y la prensa independiente es un medio vital para esto.\u201d<\/p>\n\n\n\n<p class=\"wp-block-paragraph\"><strong>Violencia en M\u00e9xico<\/strong><\/p>\n\n\n\n<p class=\"wp-block-paragraph\">Tambi\u00e9n el 27 de abril la Subsecretaria de Derechos Humanos, Poblaci\u00f3n y Migraci\u00f3n de la Secretar\u00eda de Gobernaci\u00f3n de M\u00e9xico difundi\u00f3 un inusual informe general de violaciones a los derechos de mexicanos en los tiempos de pandemia (como los que emite la Comisi\u00f3n Nacional de los Derechos Humanos) y, entre otros, resalt\u00f3 las \u201cagresiones y asesinatos de personas defensoras de derechos humanos y periodistas.\u201d<\/p>\n\n\n\n<p class=\"wp-block-paragraph\">\u201cEn lo que va del a\u00f1o \u2013sostiene&#8211;, el Mecanismo para la Protecci\u00f3n de Personas Defensoras de Derechos Humanos y Periodistas ha registrado 141 agresiones a periodistas y personas defensoras de derechos humanos, de los cuales 60 corresponden a personas defensoras de derechos humanos (22 hombres y 38 mujeres) y 81 periodistas (58 hombres y 23 mujeres). Incorpor\u00f3 otros 40 casos para su protecci\u00f3n.\u201d<\/p>\n\n\n\n<p class=\"wp-block-paragraph\"><strong>No es d\u00eda de festejos<\/strong><\/p>\n\n\n\n<p class=\"wp-block-paragraph\">La oficina para la educaci\u00f3n de las Naciones Unidas, la Unesco emiti\u00f3 un comunicado con motivo del 3 de mayo, D\u00eda Mundial de la Libertad de Prensa, donde muestra tambi\u00e9n el incremento de problemas de medios y periodistas en la emergencia mundial<\/p>\n\n\n\n<p class=\"wp-block-paragraph\">Este d\u00eda, dice la UNESCO, \u201csirve de ocasi\u00f3n para informar a los ciudadanos de las violaciones de la libertad de prensa, un recordatorio de que en docenas de pa\u00edses de todo el mundo las publicaciones son censuradas, multadas, suspendidas y clausuradas, mientras que los periodistas, editores y editores son acosados, atacados, detenidos e incluso asesinados.<\/p>\n\n\n\n<p class=\"wp-block-paragraph\">\u201cTambi\u00e9n es una fecha para&nbsp;<strong>fomentar y desarrollar iniciativas&nbsp;<\/strong>en favor de la libertad de prensa y para evaluar el estado de la libertad de prensa en todo el mundo\u201d.<\/p>\n\n\n\n<p class=\"wp-block-paragraph\"><strong>Reporteros entre presiones<\/strong><\/p>\n\n\n\n<p class=\"wp-block-paragraph\">Los debates sobre la relaci\u00f3n prensa-estado en M\u00e9xico reviven frecuentemente m\u00e1s por pr\u00e1cticas de los gobiernos y medios que por cambios en las leyes.<\/p>\n\n\n\n<p class=\"wp-block-paragraph\">Con el gobierno federal actual se han cambiado de facto varias pr\u00e1cticas que eran habituales, pero sin reglamentaci\u00f3n como la instauraci\u00f3n de conferencias de prensa diarias del presidente, la dr\u00e1stica reducci\u00f3n y reorientaci\u00f3n hacia otras empresas privadas del gasto p\u00fablico publicitario de la federaci\u00f3n.<\/p>\n\n\n\n<p class=\"wp-block-paragraph\">Tambi\u00e9n son recurrentes las \u201creplicas\u201d a periodistas y medios de prensa que incomodan al presidente Andr\u00e9s Manuel L\u00f3pez Obrador y todas las hace desde el podio presidencial del palacio nacional en conferencias a la prensa que se difunden en todos los medios p\u00fablicos, muchos privados y en las redes sociales.&nbsp;<\/p>\n\n\n\n<p class=\"wp-block-paragraph\">Como se ve las relaciones del gobierno con los medios de prensa son bastante incomodas, pero las y los reporteros quedan en medio de las tensiones que se producen por definiciones de propietarios y directivos de medios, comentaristas y columnistas. A ese medioambiente hostil para reporteros-periodistas deben, a\u00f1adirse las embestidas a su seguridad personal y la creciente precariedad laboral.<\/p>\n\n\n\n<p class=\"wp-block-paragraph\"><strong>Dos pasos hacia el Estatuto<\/strong><\/p>\n\n\n\n<p class=\"wp-block-paragraph\">Para atender las recomendaciones de la Unesco el d\u00eda de la libertad de prensa de&nbsp;<strong><em>fomentar y desarrollar iniciativas<\/em><\/strong>&nbsp;hay que referir que vienen m\u00e1s cambios a las relaciones prensa-gobierno y probablemente dos que beneficien a la mayor\u00eda de periodistas-reporteros de M\u00e9xico. Existen promesas en la oficina de la Presidencia y una iniciativa de ley en el Senado de la Rep\u00fablica.<\/p>\n\n\n\n<p class=\"wp-block-paragraph\">De ambos podr\u00edan aprovecharse para iniciar un debate hacia el&nbsp;<em>Estatuto del Periodista en M\u00e9xico.<\/em><\/p>\n\n\n\n<p class=\"wp-block-paragraph\">En la Presidencia de la Rep\u00fablica, por expresiones del director adjunto de comunicaci\u00f3n social, el periodista Jes\u00fas Cant\u00fa, tienen una agenda en tr\u00e1nsito donde incluyen acciones de protecci\u00f3n a periodistas:<\/p>\n\n\n\n<p class=\"wp-block-paragraph\">\u00b7&nbsp;&nbsp;&nbsp;&nbsp;&nbsp;&nbsp;&nbsp;<em>Esclarecer los cr\u00edmenes y que la primera l\u00ednea de investigaci\u00f3n sea el periodismo<\/em><\/p>\n\n\n\n<p class=\"wp-block-paragraph\">\u00b7&nbsp;&nbsp;&nbsp;&nbsp;&nbsp;&nbsp;&nbsp;<em>Nueva Ley sobre publicidad oficial.<\/em><\/p>\n\n\n\n<p class=\"wp-block-paragraph\">\u00b7&nbsp;&nbsp;&nbsp;&nbsp;&nbsp;&nbsp;&nbsp;<em>Revisar legislaciones de concesiones del espectro radio el\u00e9ctrico.<\/em><\/p>\n\n\n\n<p class=\"wp-block-paragraph\">\u00b7&nbsp;&nbsp;&nbsp;&nbsp;&nbsp;&nbsp;&nbsp;<em>Fortalecer a medios p\u00fablicos y comunitarios.<\/em><\/p>\n\n\n\n<p class=\"wp-block-paragraph\">\u00b7&nbsp;&nbsp;&nbsp;&nbsp;&nbsp;&nbsp;&nbsp;<em>Revisar el c\u00f3digo civil federal y los c\u00f3digos penales en varios estados.<\/em><\/p>\n\n\n\n<p class=\"wp-block-paragraph\">\u00b7&nbsp;&nbsp;&nbsp;&nbsp;&nbsp;&nbsp;&nbsp;<em>Establecer monto del fondo y convocatorias para estimular el periodismo de investigaci\u00f3n, coordinado por la UNESCO.<\/em><\/p>\n\n\n\n<p class=\"wp-block-paragraph\">\u00b7&nbsp;&nbsp;&nbsp;&nbsp;&nbsp;&nbsp;&nbsp;<em>Iniciativa de seguridad social para los periodistas que no cuentan con ella.<\/em><\/p>\n\n\n\n<p class=\"wp-block-paragraph\">Por otro lado, hay un segundo avance en el Senado de la Rep\u00fablica. El legislador independiente, Emilio \u00c1lvarez Icaza, antes de la pandemia avanzaba a pasos acelerados en la estructuraci\u00f3n de una iniciativa para reconocer derechos laborales a los trabajadores del periodismo.<\/p>\n\n\n\n<p class=\"wp-block-paragraph\">Esta iniciativa de reformas a las leyes del trabajo y del Impuesto sobre la Renta propone que el Estado mexicano reconozca siete derechos para periodistas profesionales entre ellos los que restaurar\u00edan algunos de los m\u00e1s averiados en miles de colegas, de tener prestaciones laborales y un salario profesional digno.<\/p>\n\n\n\n<p class=\"wp-block-paragraph\">All\u00ed est\u00e1 tambi\u00e9n la propuesta de cr\u00e9ditos fiscales para realizar la funci\u00f3n period\u00edstica. A interpretaci\u00f3n de este reportero, eso impulsar\u00eda la creaci\u00f3n de cientos de peque\u00f1as empresas period\u00edsticas no lucrativas para que puedan acceder a los cr\u00e9ditos fiscales y, de paso, al poner el requisito de producir contenidos propios y diferentes ayudar\u00eda a pluralizar las fuentes y la informaci\u00f3n de inter\u00e9s p\u00fablico.<\/p>\n\n\n\n<p class=\"wp-block-paragraph\">En el gobierno federal tambi\u00e9n tienen la oportunidad de revisar y modificar el sentido del Mecanismo de protecci\u00f3n a periodistas y personas defensoras de los derechos humanos para que ya no sea solamente una instancia operativa semipoliciaca dentro de la Segob y que traslade la protecci\u00f3n cautelar a la Secretar\u00eda de Seguridad con supervisi\u00f3n ciudadana.<\/p>\n\n\n\n<p class=\"wp-block-paragraph\">Se trata de que ese mecanismo federal se transforme en un \u00e1rea de dise\u00f1o de pol\u00edticas p\u00fablicas y estrategias nacionales por los derechos de los periodistas como sujetos de inter\u00e9s p\u00fablico y como las y los profesionales de la informaci\u00f3n que necesita la ciudadan\u00eda para informar sin m\u00f3viles mercantiles. Sus primeros pasos ser\u00edan; perfilar una estrategia nacional de prevenci\u00f3n a periodistas vulnerables y un plan de empleo previo reconocimiento jur\u00eddico y fiscal de empresas peque\u00f1as de periodismo no lucrativo.<\/p>\n\n\n\n<p class=\"wp-block-paragraph\">Estos dos pasos ser\u00edan la base de un estatuto del periodista profesional, de las mujeres y hombres que cumplen una funci\u00f3n social estrat\u00e9gica para la paz y la democracia.<\/p>\n\n\n\n<p class=\"wp-block-paragraph\">Un paso es de Presidencia de reconocer a los periodistas como sujeto social independiente de las grandes empresas medi\u00e1ticas con derechos a la seguridad social y al trabajo bien remunerado; el otro es la iniciativa del Senador \u00c1lvarez Icaza para reconocer a los periodistas profesionales como sujetos del inter\u00e9s p\u00fablico, profesionales con derechos laborales y otros seis derechos.&nbsp;<\/p>\n\n\n\n<p class=\"wp-block-paragraph\">Un estatuto, como se sabe es un ordenamiento jur\u00eddico pertinente y eficaz sobre derechos y obligaciones y para que se cumplan normas en contratos. Y para el caso mexicano, podr\u00eda ser reglamentario del segundo p\u00e1rrafo del art\u00edculo sexto constitucional.&nbsp;<\/p>\n\n\n\n<p class=\"wp-block-paragraph\">\u00bfSer\u00e1 tiempo de comenzar a definir este otro cambio de fondo en las relaciones Prensa Estado para reconocer a las y los periodistas profesionales como personas f\u00edsicas de inter\u00e9s p\u00fablico, con personalidad jur\u00eddica, fiscal, con responsabilidades y derechos profesionales?<\/p>\n","protected":false},"excerpt":{"rendered":"<p>Es tiempo de pensar en un Estatuto del Periodista<\/p>\n","protected":false},"author":3,"featured_media":8473,"comment_status":"open","ping_status":"open","sticky":false,"template":"","format":"standard","meta":{"_monsterinsights_skip_tracking":false,"footnotes":""},"categories":[691,106,85],"tags":[],"class_list":["post-20120","post","type-post","status-publish","format-standard","has-post-thumbnail","category-691","category-mirada-de-reportero","category-rogelio-hernandez-lopez"],"_links":{"self":[{"href":"https:\/\/redsemlac.com\/semmexico\/wp-json\/wp\/v2\/posts\/20120","targetHints":{"allow":["GET"]}}],"collection":[{"href":"https:\/\/redsemlac.com\/semmexico\/wp-json\/wp\/v2\/posts"}],"about":[{"href":"https:\/\/redsemlac.com\/semmexico\/wp-json\/wp\/v2\/types\/post"}],"author":[{"embeddable":true,"href":"https:\/\/redsemlac.com\/semmexico\/wp-json\/wp\/v2\/users\/3"}],"replies":[{"embeddable":true,"href":"https:\/\/redsemlac.com\/semmexico\/wp-json\/wp\/v2\/comments?post=20120"}],"version-history":[{"count":0,"href":"https:\/\/redsemlac.com\/semmexico\/wp-json\/wp\/v2\/posts\/20120\/revisions"}],"wp:featuredmedia":[{"embeddable":true,"href":"https:\/\/redsemlac.com\/semmexico\/wp-json\/wp\/v2\/media\/8473"}],"wp:attachment":[{"href":"https:\/\/redsemlac.com\/semmexico\/wp-json\/wp\/v2\/media?parent=20120"}],"wp:term":[{"taxonomy":"category","embeddable":true,"href":"https:\/\/redsemlac.com\/semmexico\/wp-json\/wp\/v2\/categories?post=20120"},{"taxonomy":"post_tag","embeddable":true,"href":"https:\/\/redsemlac.com\/semmexico\/wp-json\/wp\/v2\/tags?post=20120"}],"curies":[{"name":"wp","href":"https:\/\/api.w.org\/{rel}","templated":true}]}}