{"id":20117,"date":"2020-05-04T15:21:09","date_gmt":"2020-05-04T15:21:09","guid":{"rendered":"https:\/\/redsemlac.com\/semmexico\/?p=20117"},"modified":"2023-07-21T16:18:51","modified_gmt":"2023-07-21T21:18:51","slug":"opinion-487","status":"publish","type":"post","link":"https:\/\/redsemlac.com\/semmexico\/opinion-487\/","title":{"rendered":"Alfa Omega"},"content":{"rendered":"\n<h2 class=\"wp-block-heading\"> <strong>Se Apag\u00f3 La Voz del Pueblo Olvidado, Falleci\u00f3 \u201cEl Caif\u00e1n\u201d Oscar Ch\u00e1vez<\/strong> <\/h2>\n\n\n\n<p class=\"wp-block-paragraph\"><strong>Jorge Herrera Valenzuela<\/strong><\/p>\n\n\n\n<p class=\"wp-block-paragraph\">SemM\u00e9xico. Cd. de M\u00e9xico. 4 de mayo de 2020.- El invisible y letal coronavirus cort\u00f3 la existencia a uno de los m\u00e1s representativos de la canci\u00f3n de protesta, de las pel\u00edculas costumbristas y&nbsp;<strong>el medio art\u00edstico mexicano est\u00e1 de luto<\/strong>. Con la partida del cantautor nacido hace 85 a\u00f1os, en el barrio de Portales, en la Ciudad de M\u00e9xico, solo quedan dos de los seis principales protagonistas de \u201c<strong>Los Caifanes<\/strong>\u201d y uno del grupo de comediantes que en los a\u00f1os 60 se presentaba en el escenario del&nbsp;<strong>Caf\u00e9 Col\u00f3n<\/strong>.<\/p>\n\n\n\n<p class=\"wp-block-paragraph\">As\u00ed es, ha muerto&nbsp;<strong>Oscar Ch\u00e1vez Fern\u00e1ndez<\/strong>, a quien le llamaron \u201cEl Caif\u00e1n Mayor\u201d. Un paro respiratorio puso fin a su vida, el jueves pasado, en el Hospital 20 de Noviembre, del ISSSTE, en la Capital del Pa\u00eds. Viv\u00eda con su esposa. No tuvieron hijos. La noticia se difundi\u00f3 por todo M\u00e9xico y se dijo que posteriormente, despu\u00e9s de la pandemia, se le rendir\u00e1 un homenaje en la sala principal del Palacio de Bella Artes. En la programaci\u00f3n de varias televisoras se presentan diversos videos de este reconocido cantautor.<\/p>\n\n\n\n<p class=\"wp-block-paragraph\">Recuerdo que hace unos sesenta a\u00f1os en un peque\u00f1o escenario del Caf\u00e9 Col\u00f3n, en los altos de un hotel de Paseo de la Reforma, frente a la hoy sede de la C\u00e1mara de Senadores, se presentaba un espect\u00e1culo que encabezaba Oscar Ch\u00e1vez, para entonces ya int\u00e9rprete de canciones de protesta y otras de corte rom\u00e1ntico. Le acompa\u00f1aban Mar\u00eda Luisa Guadalupe Alcal\u00e1 (\u201cClaudia\u201d en la serie Doctor C\u00e1ndido P\u00e9rez), Guadalupe V\u00e1zquez (\u201cPaula\u201d en esa misma serie televisiva), Los Aguilares y Ernesto G\u00f3mez Cruz que hacia el personaje de \u201cDon Desiderato\u201d, \u00fanico sobreviviente del grupo.<\/p>\n\n\n\n<p class=\"wp-block-paragraph\">Aunque fue muy galardonado por sus canciones y la interpretaci\u00f3n de las mismas, Oscar ten\u00eda una pasi\u00f3n desde sus a\u00f1os de juventud: la actuaci\u00f3n. Eso lo llev\u00f3 a estudiar con los mejores maestros en el Instituto Nacional de Bellas Artes y en la Universidad Nacional Aut\u00f3noma de M\u00e9xico. Adem\u00e1s por su varonil y fuerte voz era un excelente declamador y en la serie sonora Voz Viva de M\u00e9xico recit\u00f3 poemas de Sor Juana In\u00e9s de la Cruz, de Gilberto Owen y de Amado Nervo.<\/p>\n\n\n\n<p class=\"wp-block-paragraph\">Miles de fan\u00e1ticos lo segu\u00edan en los lugares donde actuaba. Oscar en 18 ocasiones, cuentan sus bi\u00f3grafos, dio recitales ante un abarradotado Auditorio Nacional y lo mismo ocurr\u00eda al ser presentado en diversos escenarios del interior de la Rep\u00fablica. No pocas fueron las veces que hizo d\u00fao con Tania Libertad, con Eugenia Le\u00f3n, con Armando Manzanero. Juntos grabaron varios discos. En 1963 hizo su primer \u00e1lbum, titulado Herencia L\u00edrica Mexicana y despu\u00e9s de su \u00e9xito cinematogr\u00e1fico en Los Caifanes, lanza su segundo volumen de esa misma serie.<\/p>\n\n\n\n<p class=\"wp-block-paragraph\"><strong>LOS CAIFANES, CINTA COSTUMBRISTA<\/strong><\/p>\n\n\n\n<p class=\"wp-block-paragraph\">En 1967 y bajo la direcci\u00f3n de Juan Ib\u00e1\u00f1ez se lleva a la pantalla grande la pel\u00edcula \u201cLos Caifanes\u201d que fue un rotundo \u00e9xito; la filmaci\u00f3n se hizo el a\u00f1o anterior, tomando como tema diversos aspectos de la vida nocturna en una metr\u00f3poli como lo era el Distrito Federal. La cinta fue clasificada como una comedia costumbrista que romp\u00eda con muchos tab\u00faes de la \u00e9poca.<\/p>\n\n\n\n<p class=\"wp-block-paragraph\">Los papeles estelares estuvieron a cargo de dos estrellas juveniles: Julissa y Enrique \u00c1lvarez F\u00e9lix. Ella una joven desparpajada, deseosa de compartir aventuras, hizo el personaje de Paloma y el hijo de La Do\u00f1a, era el escrupuloso se\u00f1orito Jaime de Landa. Ambos una noche se encuentran, sorpresivamente, con los cuatro ocupantes de un coche; la pareja es interceptada. Paloma advierte que est\u00e1n frente a suceso in\u00e9dito y Jaime se&nbsp;&nbsp;muestra reticente para tratar con los cuatro desconocidos.<\/p>\n\n\n\n<p class=\"wp-block-paragraph\">El cuarteto lo forman Oscar Ch\u00e1vez,&nbsp;<strong>\u201cEl Estilos\u201d<\/strong>; el due\u00f1o del autom\u00f3vil, Sergio Jim\u00e9nez, \u201c<strong>Capit\u00e1n Gato<\/strong>\u201d; Eduardo L\u00f3pez Rojas, \u201c<strong>El Mazacote<\/strong>\u201d y Ernesto G\u00f3mez Cruz, \u201c<strong>El Azteca<\/strong>\u201d. Tambi\u00e9n tiene una breve participaci\u00f3n el escritor Carlos Monsiv\u00e1is, como un \u201cSantacl\u00f3s\u201d ebrio al que uno de \u201cLos Caifanes\u201d le quema la peluca. Desde luego quienes no se han deleitado con los 95 de duraci\u00f3n de la pel\u00edcula, pues deben de verla.<\/p>\n\n\n\n<p class=\"wp-block-paragraph\">De todos los personajes mencionados,&nbsp;<strong>incluyendo<\/strong>&nbsp;a Monsiv\u00e1is, los sobrevivientes son&nbsp;<strong>Ernesto G\u00f3mez Cruz<\/strong>&nbsp;y la siempre guapa&nbsp;<strong>Julissa<\/strong>. El actor originario del Puerto de Veracruz debut\u00f3 en el cine con \u201cLos Caifanes\u201d y ha intervenido en una veintena de pel\u00edculas como El Infierno, donde es jefe de narcos; en 2003 le otorgaron el Ariel por su desempe\u00f1o como obispo en El Crimen del Padre Amaro. Ernesto anda en rededor de los 85 a\u00f1os.<\/p>\n\n\n\n<p class=\"wp-block-paragraph\"><strong>Julia Isabel del Llano Macedo<\/strong>, Julissa en el medio art\u00edstico, adem\u00e1s de sus destacadas actuaciones en la \u00e9poca de oro de los j\u00f3venes rocanroleros, tambi\u00e9n ha hecho cine y telenovelas. A sus 76 a\u00f1os de edad, sigue joven y atractiva. Esta estrella naci\u00f3 en el Distrito Federal y en 1982 obtuvo su primer Ariel, creo que fue por su papel en la pel\u00edcula Colorina.<\/p>\n\n\n\n<p class=\"wp-block-paragraph\">El t\u00edtulo de este comentario, \u201cme lo pirate\u00e9\u201d de la primera plana del diario Milenio, edici\u00f3n del viernes pasado.<\/p>\n\n\n\n<p class=\"wp-block-paragraph\"><strong>PORFIRIO FRENA A L\u00d3PEZ DICTADOR<\/strong><\/p>\n\n\n\n<p class=\"wp-block-paragraph\">De nueva cuenta es el polifac\u00e9tico, pol\u00e9mico y pol\u00edtico-pol\u00edtico&nbsp;<strong>Porfirio Mu\u00f1oz Ledo<\/strong>, quien le marca el alto al tabasque\u00f1o que \u00e9l (Porfirio) y&nbsp;<strong>Cuauht\u00e9moc C\u00e1rdenas&nbsp;<\/strong>introdujeron a la pol\u00edtica nacional. El hoy diputado por Morena y expresidente de la actual legislatura al saber que Andr\u00e9s Manuel L\u00f3pez quiere controlar el presupuesto federal, Mu\u00f1oz Ledo le pregunt\u00f3: \u201c\u00bf<strong>Para qu\u00e9 quiere m\u00e1s facultades?\u201d<\/strong>&nbsp;y precis\u00f3 que constitucionalmente est\u00e1 prohibido reunir en un solo mando dos poderes, aqu\u00ed ser\u00edan el Ejecutivo y el Legislativo, a \u00e9ste corresponde lo del presupuesto.<\/p>\n\n\n\n<p class=\"wp-block-paragraph\">La realidad es que el presidente L\u00f3pez sigue dando pasos, olvidando que protest\u00f3 respetar la Constituci\u00f3n Pol\u00edtica de los Estados Unidos Mexicanos y desde el primer d\u00eda del sexenio la ha violado. Fue electo para gobernar hasta 2024, pero insiste en que convoque para saber si sigue o se va. Ese plan le fall\u00f3, por lo que se lanz\u00f3 a que el Congreso de la Uni\u00f3n le d\u00e9 manos libres para manejar el erario nacional.&nbsp;<\/p>\n\n\n\n<p class=\"wp-block-paragraph\">Por lo pronto la Comisi\u00f3n Permanente del Congreso de la Uni\u00f3n, instalada el viernes pasado, acord\u00f3 posponer la discusi\u00f3n sobre ese tema, aunque el diputado Mario Delgado adelant\u00f3 que puede darse el per\u00edodo extraodinario en cualquier momento para tratar lo de la \u201cemergencia econ\u00f3mica\u201d. Aunque prosiga con los programas sociales, contin\u00fae repartiendo dinero, extra\u00eddo de la bolsa de los impuestos que paga el pueblo, su popularidad sigue disminuyendo.<\/p>\n\n\n\n<p class=\"wp-block-paragraph\"><strong>P.D.<\/strong>&nbsp;Al abrir la agenda de las efem\u00e9rides encontr\u00e9 cuatros fechas para comentar. Mucho o\u00edmos el nombre de&nbsp;<strong>Francisco del Paso y Troncoso,&nbsp;<\/strong>pero ignoramos que se trata de un personaje del Siglo XIX. Veracruzano de nacimiento, historiador y profesor de n\u00e1huatl, adem\u00e1s de director del Museo Nacional de Arqueolog\u00eda, Historia y Etnolog\u00eda. Muri\u00f3 el 30 de abril de 1916, a los 74 a\u00f1os, en Florencia, Italia\u2026La tarde del 30 de abril de 1931 terminaron la construcci\u00f3n de un edificio de 104 pisos en Nueva York y al d\u00eda siguiente el presidente Herbert Hoover inaugur\u00f3 el famoso&nbsp;<strong>Empire State Building&nbsp;<\/strong>que hasta 1971 fue el edificio m\u00e1s alto en el mundo\u2026Ahora voy al medio art\u00edstico mexicano. Un 30 de abril, de 2009, dej\u00f3 de existir la primera gran actriz&nbsp;&nbsp;que cumpli\u00f3 75 a\u00f1os interrumpidos de carrera art\u00edstica en teatro, cine y televisi\u00f3n. Ella fue la defe\u00f1a&nbsp;<strong>Amparito Arozamena<\/strong>, hija de \u201cEl Nanche\u201d. Amparito empez\u00f3 en teatro a los 10 a\u00f1os de edad, en la obra \u201cEl Hada de Barro\u201d. Su nombre lo impusieron a la medalla que la Asociaci\u00f3n Nacional de Actores entrega a quienes cumplan 75 a\u00f1os en el medio\u2026Bueno, el d\u00eda citado en 2010 falleci\u00f3 la guap\u00edsima&nbsp;<strong>Carmelita Gonz\u00e1lez<\/strong>, tambi\u00e9n nacida en la Ciudad de M\u00e9xico. En 1945, a los 17 a\u00f1os, se inici\u00f3 como actriz en la pel\u00edcula Camino de Sacramento y su \u00faltima filmaci\u00f3n fue en 1999, adem\u00e1s de actuar en un centenar de cintas y hacer muchas telenovelas.<\/p>\n\n\n\n<p class=\"wp-block-paragraph\"><strong><a href=\"mailto:jherrerav@live.com.mx\" target=\"_blank\" rel=\"noreferrer noopener\">jherrerav@live.com.mx<\/a><\/strong>&nbsp;&nbsp;<\/p>\n","protected":false},"excerpt":{"rendered":"<p>Se Apag\u00f3 La Voz del Pueblo Olvidado, Falleci\u00f3 \u201cEl Caif\u00e1n\u201d Oscar Ch\u00e1vez <\/p>\n","protected":false},"author":3,"featured_media":20118,"comment_status":"open","ping_status":"open","sticky":false,"template":"","format":"standard","meta":{"_monsterinsights_skip_tracking":false,"footnotes":""},"categories":[691,94,110],"tags":[],"class_list":["post-20117","post","type-post","status-publish","format-standard","has-post-thumbnail","category-691","category-jorge-herrera-valenzuela","category-la-opinion-columnas"],"_links":{"self":[{"href":"https:\/\/redsemlac.com\/semmexico\/wp-json\/wp\/v2\/posts\/20117","targetHints":{"allow":["GET"]}}],"collection":[{"href":"https:\/\/redsemlac.com\/semmexico\/wp-json\/wp\/v2\/posts"}],"about":[{"href":"https:\/\/redsemlac.com\/semmexico\/wp-json\/wp\/v2\/types\/post"}],"author":[{"embeddable":true,"href":"https:\/\/redsemlac.com\/semmexico\/wp-json\/wp\/v2\/users\/3"}],"replies":[{"embeddable":true,"href":"https:\/\/redsemlac.com\/semmexico\/wp-json\/wp\/v2\/comments?post=20117"}],"version-history":[{"count":0,"href":"https:\/\/redsemlac.com\/semmexico\/wp-json\/wp\/v2\/posts\/20117\/revisions"}],"wp:featuredmedia":[{"embeddable":true,"href":"https:\/\/redsemlac.com\/semmexico\/wp-json\/wp\/v2\/media\/20118"}],"wp:attachment":[{"href":"https:\/\/redsemlac.com\/semmexico\/wp-json\/wp\/v2\/media?parent=20117"}],"wp:term":[{"taxonomy":"category","embeddable":true,"href":"https:\/\/redsemlac.com\/semmexico\/wp-json\/wp\/v2\/categories?post=20117"},{"taxonomy":"post_tag","embeddable":true,"href":"https:\/\/redsemlac.com\/semmexico\/wp-json\/wp\/v2\/tags?post=20117"}],"curies":[{"name":"wp","href":"https:\/\/api.w.org\/{rel}","templated":true}]}}