{"id":20112,"date":"2020-05-03T22:19:53","date_gmt":"2020-05-03T22:19:53","guid":{"rendered":"https:\/\/redsemlac.com\/semmexico\/?p=20112"},"modified":"2023-07-21T16:18:51","modified_gmt":"2023-07-21T21:18:51","slug":"el-periodismo-sin-miedo-ni-favoritismo-es-el-antidoto-a-la-pandemia-de-desinformacion-guterres","status":"publish","type":"post","link":"https:\/\/redsemlac.com\/semmexico\/el-periodismo-sin-miedo-ni-favoritismo-es-el-antidoto-a-la-pandemia-de-desinformacion-guterres\/","title":{"rendered":"El \u201cperiodismo sin miedo ni favoritismo\u201d es el ant\u00eddoto a la pandemia de desinformaci\u00f3n: Guterres"},"content":{"rendered":"\n<p class=\"wp-block-paragraph\"><strong>Redacci\u00f3n<\/strong><\/p>\n\n\n\n<p class=\"wp-block-paragraph\">SemM\u00e9xico\/ONU Noticias. 03 de mayo 2020.- En el D\u00eda Mundial\nde la Libertad de Prensa, mientras muchos periodistas son blancos de medidas\nrepresivas por Estados durante la crisis por COVID-19, el Secretario general de\nla ONU, Ant\u00f3nio Guterres, inst\u00f3 a los Gobiernos a proteger a los periodistas y que\nfortalezcan y mantengan la libertad de prensa, \u201cant\u00eddoto\u201d a la \u201cpandemia de\ndesinformaci\u00f3n\u201c.<\/p>\n\n\n\n<p class=\"wp-block-paragraph\"><strong>Mensaje del\nSecretario General con motivo del D\u00eda Mundial de la Libertad de Prensa de 2020<\/strong><\/p>\n\n\n\n<p class=\"wp-block-paragraph\">Los periodistas y los trabajadores de los medios de\ncomunicaci\u00f3n cumplen una tarea fundamental para ayudarnos a tomar decisiones\ninformadas. Mientras el mundo lucha contra la pandemia del COVID-19, esas\ndecisiones pueden marcar la diferencia entre la vida y la muerte.<\/p>\n\n\n\n<p class=\"wp-block-paragraph\">En el D\u00eda Mundial de la Libertad de Prensa, hacemos un llamamiento a los Gobiernos y a otras partes interesadas para que garanticen que las y los periodistas puedan hacer su trabajo durante toda la pandemia de COVID-19 y despu\u00e9s tambi\u00e9n.<\/p>\n\n\n\n<p class=\"wp-block-paragraph\">A medida que la pandemia se extiende, tambi\u00e9n ha dado lugar\na una segunda pandemia de desinformaci\u00f3n, desde consejos de salud perjudiciales\nhasta teor\u00edas conspirativas descabelladas.<\/p>\n\n\n\n<p class=\"wp-block-paragraph\">La prensa nos brinda el ant\u00eddoto: noticias y an\u00e1lisis\nverificados, cient\u00edficos y basados en la realidad. Pero desde que comenz\u00f3 la\npandemia, muchos periodistas est\u00e1n siendo objeto de mayores restricciones y\ncastigos tan solo por hacer su trabajo.<\/p>\n\n\n\n<p class=\"wp-block-paragraph\">Las restricciones temporales a la libertad de circulaci\u00f3n\nson esenciales para vencer al COVID-19. Sin embargo, no se debe abusar de ellas\ncomo excusa para reprimir la capacidad de los periodistas de llevar a cabo su\nlabor.<\/p>\n\n\n\n<p class=\"wp-block-paragraph\">Hoy, agradecemos a los medios de comunicaci\u00f3n por\nproporcionar datos f\u00e1cticos y an\u00e1lisis; por hacer rendir cuentas a los\ndirigentes de todos los sectores; y por decir las cosas como son.<\/p>\n\n\n\n<p class=\"wp-block-paragraph\">Reconocemos en particular a los que desempe\u00f1an un papel\nfundamental para salvar vidas en la informaci\u00f3n sobre la salud p\u00fablica.<\/p>\n\n\n\n<p class=\"wp-block-paragraph\">Y pedimos a los Gobiernos que protejan a los trabajadores de los medios de comunicaci\u00f3n y que fortalezcan y mantengan la libertad de prensa, que es esencial para un futuro de paz, justicia y derechos humanos para todos.<\/p>\n\n\n\n<h4 class=\"wp-block-heading\">D\u00eda Mundial de la Libertad de Prensa<\/h4>\n\n\n\n<p class=\"wp-block-paragraph\">El 3 de mayo fue proclamado como el D\u00eda Mundial de la Libertad de Prensa en 1993, por la Asamblea General de las Naciones Unidas, siguiendo la recomendaci\u00f3n de la Conferencia General de la UNESCO. La fecha se eligi\u00f3 para que coincidiera con el aniversario de la&nbsp;Declaraci\u00f3n de Windhoek, en la cual los representantes de medios de comunicaci\u00f3n africanos que participaban en un seminario organizado por la UNESCO en la capital de Namibia, elaboraron un documento donde se recog\u00edan los principios de la libertad de prensa.<\/p>\n","protected":false},"excerpt":{"rendered":"<p>D\u00eda Mundial de la Libertad de Prensa<br \/>\n3 mayo, 2020 ALL DAY<br \/>\nEl 3 de mayo fue proclamado como el D\u00eda Mundial de la Libertad de Prensa en 1993, por la Asamblea General de las Naciones Unidas, siguiendo la recomendaci\u00f3n de la Conferencia General de la UNESCO. La fecha se eligi\u00f3 para que coincidiera con el aniversario de la Declaraci\u00f3n de Windhoek, en la cual los representantes de medios de comunicaci\u00f3n africanos que participaban en un seminario organizado por la UNESCO en la capital de Namibia, elaboraron un documento donde se recog\u00edan los principios de la libertad de prensa.<\/p>\n","protected":false},"author":3,"featured_media":19078,"comment_status":"open","ping_status":"open","sticky":false,"template":"","format":"standard","meta":{"_monsterinsights_skip_tracking":false,"footnotes":""},"categories":[691,53],"tags":[],"class_list":["post-20112","post","type-post","status-publish","format-standard","has-post-thumbnail","category-691","category-internacional"],"_links":{"self":[{"href":"https:\/\/redsemlac.com\/semmexico\/wp-json\/wp\/v2\/posts\/20112","targetHints":{"allow":["GET"]}}],"collection":[{"href":"https:\/\/redsemlac.com\/semmexico\/wp-json\/wp\/v2\/posts"}],"about":[{"href":"https:\/\/redsemlac.com\/semmexico\/wp-json\/wp\/v2\/types\/post"}],"author":[{"embeddable":true,"href":"https:\/\/redsemlac.com\/semmexico\/wp-json\/wp\/v2\/users\/3"}],"replies":[{"embeddable":true,"href":"https:\/\/redsemlac.com\/semmexico\/wp-json\/wp\/v2\/comments?post=20112"}],"version-history":[{"count":0,"href":"https:\/\/redsemlac.com\/semmexico\/wp-json\/wp\/v2\/posts\/20112\/revisions"}],"wp:featuredmedia":[{"embeddable":true,"href":"https:\/\/redsemlac.com\/semmexico\/wp-json\/wp\/v2\/media\/19078"}],"wp:attachment":[{"href":"https:\/\/redsemlac.com\/semmexico\/wp-json\/wp\/v2\/media?parent=20112"}],"wp:term":[{"taxonomy":"category","embeddable":true,"href":"https:\/\/redsemlac.com\/semmexico\/wp-json\/wp\/v2\/categories?post=20112"},{"taxonomy":"post_tag","embeddable":true,"href":"https:\/\/redsemlac.com\/semmexico\/wp-json\/wp\/v2\/tags?post=20112"}],"curies":[{"name":"wp","href":"https:\/\/api.w.org\/{rel}","templated":true}]}}