{"id":20109,"date":"2020-05-03T18:33:34","date_gmt":"2020-05-03T18:33:34","guid":{"rendered":"https:\/\/redsemlac.com\/semmexico\/?p=20109"},"modified":"2023-07-21T16:18:51","modified_gmt":"2023-07-21T21:18:51","slug":"michoacan-39","status":"publish","type":"post","link":"https:\/\/redsemlac.com\/semmexico\/michoacan-39\/","title":{"rendered":"Michoac\u00e1n: Garantizada, atenci\u00f3n a embarazadas durante  COVID-19"},"content":{"rendered":"\n<ul class=\"wp-block-list\"><li><strong>Exhortan\na no abandonar el seguimiento m\u00e9dico del embarazo y acudir a la unidad de salud\nm\u00e1s cercana en caso de presentar alg\u00fan malestar.<\/strong><\/li><\/ul>\n\n\n\n<p class=\"wp-block-paragraph\"><strong>Redacci\u00f3n<\/strong><\/p>\n\n\n\n<p class=\"wp-block-paragraph\">SemM\u00e9xico. Morelia, Michoac\u00e1n, 03 de mayo de 2020.- La\natenci\u00f3n del embarazo, parto, puerperio y de la persona reci\u00e9n nacida, se\nclasifican como servicios esenciales durante la pandemia por COVID-19, en todas\nlas unidades m\u00e9dicas de la Secretar\u00eda de Salud de Michoac\u00e1n (SSM).<\/p>\n\n\n\n<p class=\"wp-block-paragraph\">Al respecto, la SSM hace un llamado a la poblaci\u00f3n para que\nel seguimiento de las etapas mencionadas no se vea interrumpido y acudan a su\nunidad m\u00e9dica m\u00e1s cercana en caso de alg\u00fan malestar.<\/p>\n\n\n\n<p class=\"wp-block-paragraph\">Por su parte, la jefa de Salud Reproductiva de la SSM,\nClaudia Vega Garc\u00eda, explic\u00f3 los cuidados que deben tener las mujeres\nembarazadas durante la contingencia, principalmente, continuar con el control\ndel embarazo, acudiendo a todas las citas de control ya programadas, atendiendo\nlas recomendaciones que haga el m\u00e9dico, sobre la manera en c\u00f3mo asistir.<\/p>\n\n\n\n<p class=\"wp-block-paragraph\">\u201cEs importante identificar desde el hogar, las se\u00f1ales y\nsignos de alarma durante un embarazo, como puede ser que veas lucecitas,\nescuchar zumbidos, pies hinchados, secreci\u00f3n de l\u00edquido por la vagina o sangre,\ndificultad para orinar o que el beb\u00e9 deje de moverse\u201d, explic\u00f3 la funcionaria\nestatal. <\/p>\n\n\n\n<p class=\"wp-block-paragraph\">Tambi\u00e9n la especialista recomend\u00f3 seguir todas las medidas\npreventivas como el lavado y desinfecci\u00f3n frecuente de manos, no tocar cara,\nojo, nariz y boca, usar de manera correcta el cubrebocas y mantener una sana\ndistancia.<\/p>\n\n\n\n<p class=\"wp-block-paragraph\">La SSM pone a disposici\u00f3n de la poblaci\u00f3n el 800-123-2890\ncon 11 l\u00edneas para resolver todas sus dudas, as\u00ed como el micrositio\nbit.ly\/MichCOVID-19 donde encontrar\u00e1n toda la informaci\u00f3n disponible sobre\nCOVID-19.<\/p>\n\n\n\n<p class=\"wp-block-paragraph\">SEM\/IL<\/p>\n","protected":false},"excerpt":{"rendered":"<p>Exhortan a no abandonar el seguimiento m\u00e9dico del embarazo y acudir a la unidad de salud m\u00e1s cercana en caso de presentar alg\u00fan malestar.<\/p>\n","protected":false},"author":3,"featured_media":20110,"comment_status":"open","ping_status":"open","sticky":false,"template":"","format":"standard","meta":{"_monsterinsights_skip_tracking":false,"footnotes":""},"categories":[691,51],"tags":[],"class_list":["post-20109","post","type-post","status-publish","format-standard","has-post-thumbnail","category-691","category-ejecutivo"],"_links":{"self":[{"href":"https:\/\/redsemlac.com\/semmexico\/wp-json\/wp\/v2\/posts\/20109","targetHints":{"allow":["GET"]}}],"collection":[{"href":"https:\/\/redsemlac.com\/semmexico\/wp-json\/wp\/v2\/posts"}],"about":[{"href":"https:\/\/redsemlac.com\/semmexico\/wp-json\/wp\/v2\/types\/post"}],"author":[{"embeddable":true,"href":"https:\/\/redsemlac.com\/semmexico\/wp-json\/wp\/v2\/users\/3"}],"replies":[{"embeddable":true,"href":"https:\/\/redsemlac.com\/semmexico\/wp-json\/wp\/v2\/comments?post=20109"}],"version-history":[{"count":0,"href":"https:\/\/redsemlac.com\/semmexico\/wp-json\/wp\/v2\/posts\/20109\/revisions"}],"wp:featuredmedia":[{"embeddable":true,"href":"https:\/\/redsemlac.com\/semmexico\/wp-json\/wp\/v2\/media\/20110"}],"wp:attachment":[{"href":"https:\/\/redsemlac.com\/semmexico\/wp-json\/wp\/v2\/media?parent=20109"}],"wp:term":[{"taxonomy":"category","embeddable":true,"href":"https:\/\/redsemlac.com\/semmexico\/wp-json\/wp\/v2\/categories?post=20109"},{"taxonomy":"post_tag","embeddable":true,"href":"https:\/\/redsemlac.com\/semmexico\/wp-json\/wp\/v2\/tags?post=20109"}],"curies":[{"name":"wp","href":"https:\/\/api.w.org\/{rel}","templated":true}]}}