{"id":20031,"date":"2020-05-02T17:02:45","date_gmt":"2020-05-02T17:02:45","guid":{"rendered":"https:\/\/redsemlac.com\/semmexico\/?p=20031"},"modified":"2023-07-21T16:18:51","modified_gmt":"2023-07-21T21:18:51","slug":"sudan-prohibe-la-mutilacion-genital-femenina-y-da-un-paso-historico-hacia-los-derechos-de-la-mujer","status":"publish","type":"post","link":"https:\/\/redsemlac.com\/semmexico\/sudan-prohibe-la-mutilacion-genital-femenina-y-da-un-paso-historico-hacia-los-derechos-de-la-mujer\/","title":{"rendered":"Sud\u00e1n proh\u00edbe la mutilaci\u00f3n genital femenina y da un paso hist\u00f3rico hacia los derechos de la mujer"},"content":{"rendered":"\n<p class=\"wp-block-paragraph\"><strong>Por:  Delfina Velarde\/Intriper<\/strong><\/p>\n\n\n\n<p class=\"wp-block-paragraph\">SemM\u00e9xico\/Intriper.com. 02 de mayo 2020.-  En un paso hist\u00f3rico hacia los derechos de la mujer,\u00a0<strong>Sud\u00e1n finalmente ha criminalizado la pr\u00e1ctica de la mutilaci\u00f3n genital femenina<\/strong>. Una pr\u00e1ctica que los y las activistas en contra celebran, aunque\u00a0<strong>con la preocupaci\u00f3n de que una ley no sea suficiente para poner freno a una pr\u00e1ctica socialmente muy arraigada.\u00a0<\/strong><\/p>\n\n\n\n<p class=\"wp-block-paragraph\">En el futuro, quienes llevan a cabo la mutilaci\u00f3n genital femenina, ya sea dentro de un establecimiento m\u00e9dico o en otro lugar,&nbsp;<strong>ahora pueden enfrentar tres a\u00f1os tras las rejas y una multa<\/strong>, seg\u00fan inform\u00f3 el medio&nbsp;<em><a href=\"https:\/\/www.nytimes.com\/2020\/04\/30\/world\/africa\/sudan-outlaws-female-genital-mutilation-.html\">The New York Times.<\/a><\/em><\/p>\n\n\n\n<p class=\"wp-block-paragraph\">Esta enmienda a la legislaci\u00f3n penal se hizo el 22 de abril y ha sido aclamada como<strong>&nbsp;el comienzo de una \u201cnueva era\u201d para los derechos de las mujeres en Sud\u00e1n.<\/strong><\/p>\n\n\n\n<p class=\"wp-block-paragraph\">Seg\u00fan cifras de la ONU, aproximadamente<strong>&nbsp;el 87% de las mujeres y ni\u00f1as sudanesas entre las edades de 14 y 49 a\u00f1os han sufrido alguna forma de mutilaci\u00f3n genital femenina.<\/strong><\/p>\n\n\n\n<p class=\"wp-block-paragraph\">Esta pr\u00e1ctica es sumamente riesgosa para las mujeres ya que puede provocar problemas m\u00e9dicos graves, como infecciones del tracto urinario, infecciones uterinas, infecciones renales, quistes, problemas reproductivos y relaciones sexuales dolorosas.<\/p>\n\n\n\n<p class=\"wp-block-paragraph\">Organizaciones en defensa de los derechos de las mujeres han declarado que este nuevo castigo ayudar\u00e1 a detener la mutilaci\u00f3n genital femenina. Sin embargo, creen que a\u00fan habr\u00e1 dificultades por delante.<\/p>\n\n\n\n<p class=\"wp-block-paragraph\">Adem\u00e1s, aunque esta legislaci\u00f3n es bienvenida, todav\u00eda existen pocas pol\u00edticas para proteger a las mujeres y las ni\u00f1as. Por ejemplo, delitos como la violaci\u00f3n conyugal y el matrimonio infantil no se consideran delitos.<\/p>\n\n\n\n<p class=\"wp-block-paragraph\">Se estima que al menos 200 millones de ni\u00f1as y mujeres en todo el mundo han sufrido esta pr\u00e1ctica en al menos 27 pa\u00edses africanos, as\u00ed como zonas de Asia y Oriente Medio.<\/p>\n","protected":false},"excerpt":{"rendered":"<p>Esta enmienda a la legislaci\u00f3n penal se hizo el 22 de abril y ha sido aclamada como el comienzo de una \u201cnueva era\u201d para los derechos de las mujeres en Sud\u00e1n.<\/p>\n","protected":false},"author":3,"featured_media":20032,"comment_status":"open","ping_status":"open","sticky":false,"template":"","format":"standard","meta":{"_monsterinsights_skip_tracking":false,"footnotes":""},"categories":[691,53],"tags":[],"class_list":["post-20031","post","type-post","status-publish","format-standard","has-post-thumbnail","category-691","category-internacional"],"_links":{"self":[{"href":"https:\/\/redsemlac.com\/semmexico\/wp-json\/wp\/v2\/posts\/20031","targetHints":{"allow":["GET"]}}],"collection":[{"href":"https:\/\/redsemlac.com\/semmexico\/wp-json\/wp\/v2\/posts"}],"about":[{"href":"https:\/\/redsemlac.com\/semmexico\/wp-json\/wp\/v2\/types\/post"}],"author":[{"embeddable":true,"href":"https:\/\/redsemlac.com\/semmexico\/wp-json\/wp\/v2\/users\/3"}],"replies":[{"embeddable":true,"href":"https:\/\/redsemlac.com\/semmexico\/wp-json\/wp\/v2\/comments?post=20031"}],"version-history":[{"count":0,"href":"https:\/\/redsemlac.com\/semmexico\/wp-json\/wp\/v2\/posts\/20031\/revisions"}],"wp:featuredmedia":[{"embeddable":true,"href":"https:\/\/redsemlac.com\/semmexico\/wp-json\/wp\/v2\/media\/20032"}],"wp:attachment":[{"href":"https:\/\/redsemlac.com\/semmexico\/wp-json\/wp\/v2\/media?parent=20031"}],"wp:term":[{"taxonomy":"category","embeddable":true,"href":"https:\/\/redsemlac.com\/semmexico\/wp-json\/wp\/v2\/categories?post=20031"},{"taxonomy":"post_tag","embeddable":true,"href":"https:\/\/redsemlac.com\/semmexico\/wp-json\/wp\/v2\/tags?post=20031"}],"curies":[{"name":"wp","href":"https:\/\/api.w.org\/{rel}","templated":true}]}}