{"id":20028,"date":"2020-05-01T18:31:00","date_gmt":"2020-05-01T18:31:00","guid":{"rendered":"https:\/\/redsemlac.com\/semmexico\/?p=20028"},"modified":"2023-07-21T15:26:56","modified_gmt":"2023-07-21T20:26:56","slug":"ahora-van-por-los-recursos-de-mujeres-indigenas-recorte-del-75-por-ciento-al-inpi","status":"publish","type":"post","link":"https:\/\/redsemlac.com\/semmexico\/ahora-van-por-los-recursos-de-mujeres-indigenas-recorte-del-75-por-ciento-al-inpi\/","title":{"rendered":"Ahora van por los recursos de mujeres ind\u00edgenas, recorte del 75 por ciento al INPI"},"content":{"rendered":"\n<ul class=\"wp-block-list\"><li><strong>M\u00e1s de 100 organizaciones y personas denuncian despojo a las\nCAMIS<\/strong><\/li><li><strong>Las Casas de Mujeres en los pueblos \u00fanica instancia para\ngarantizar derechos y prevenir la violencia de g\u00e9nero<\/strong><\/li><li><strong>Piden a Olga S\u00e1nchez Cordero que no acepte lo inadmisible<\/strong><\/li><li><strong>Ya aument\u00f3 la violencia familiar&nbsp; y las parteras salvan vidas a mujeres de\npueblos originarios<\/strong><\/li><\/ul>\n\n\n\n<p class=\"wp-block-paragraph\"><strong>Por Sara Lovera<\/strong><\/p>\n\n\n\n<p class=\"wp-block-paragraph\">SemM\u00e9xico. Ciudad de M\u00e9xico.\n01 de mayo 2020.- En los pr\u00f3ximos d\u00edas podr\u00edan quedarse sin recursos las 24\nCasas de la Mujer Ind\u00edgena CAMIS, que atienden nacimientos con parteras\ntradicionales y trabajan para prevenir la violencia contra las ind\u00edgenas, lo\nque agudizar\u00e1 la situaci\u00f3n de al menos 6 millones de mujeres de los pueblos originarios.\nA este intento representantes, organizaciones, acad\u00e9micas y dirigentes\nind\u00edgenas califican como inadmisible.<\/p>\n\n\n\n<p class=\"wp-block-paragraph\">Ello sucede como\nconsecuencia del ajuste presupuestal ordenado por el presidente Andr\u00e9s Manuel\nL\u00f3pez Obrador, donde se anuncia una reducci\u00f3n de 75 por ciento de los recursos\ndel Instituto Nacional de Pueblos Ind\u00edgenas (INPI), lo que pone en peligro al\n\u00fanico programa que atiende a mujeres en sus derechos sexuales y reproductivos,\nque previene la violencia de g\u00e9nero y atiende las urgencias de violencia en\ncasa, que han crecido por la pandemia.<\/p>\n\n\n\n<p class=\"wp-block-paragraph\">En una carta la Red de Casas\nde la Mujer ind\u00edgena, con cerca de 100 firmas de organizaciones independientes,\nactivistas y acad\u00e9micas piden la intervenci\u00f3n inmediata de Olga S\u00e1nchez\nCordero, secretaria de gobernaci\u00f3n y presidenta Comisi\u00f3n Nacional para la\nAtenci\u00f3n y Erradicaci\u00f3n de la Violencia contra las Mujeres, (CONAVIM),&nbsp; porque ella sabe muy bien que las CAMIS son\nlas \u00fanicas instancias de atenci\u00f3n a las mujeres de los pueblos originarios, en\ncuestiones tan cruciales como su salud reproductiva, sus derechos humanos y\neventos de violencia.<\/p>\n\n\n\n<p class=\"wp-block-paragraph\">Se\u00f1alan que como en el caso\nde los Refugios, los recursos para su operaci\u00f3n \u2013 las CAMIS existen desde hace\n17 a\u00f1os- est\u00e1 etiquetado en el Presupuesto de la Federaci\u00f3n y fue aprobado por\nla C\u00e1mara de Diputados. Advierten de lo que significar\u00e1 el recorte el\npresupuestal para las CAMIS y su trabajo. Se trata de casas operadas solo por\nmujeres, avaladas por su comunidad y evaluadas por el INPI.<\/p>\n\n\n\n<p class=\"wp-block-paragraph\">Lo m\u00e1s grave es que est\u00e1n\nmuy preocupadas las coordinadoras o responsables, porque ya hay un retraso en\nlos recursos y &nbsp;en abril debi\u00f3 salir una\nnueva &nbsp;convocatoria para presentar\nproyectos y concursar en la distribuci\u00f3n de fondos, esos etiquetados en el\npresupuesto, que no son altos y en cambio ofrecen grandes apoyos a las mujeres\nind\u00edgenas, y se inscribe en una pol\u00edtica de apoyo a \u201clos m\u00e1s pobres\u201d, algunas\ncasas operan con&nbsp; 12 o 14 mil pesos al\nmes y est\u00e1n trabajando en zonas de alta y muy alta marginaci\u00f3n en estados con\npoblaci\u00f3n ind\u00edgena como Oaxaca, Chiapas, Yucat\u00e1n, Puebla, Hidalgo, Veracruz,\nQuer\u00e9taro, en San Quint\u00edn, Baja California, en Michoac\u00e1n, Sonora, Guerrero y\nNuevo Le\u00f3n. Hoy solamente est\u00e1n en la incertidumbre, el \u00fanico aviso que tienen\nes sobre el recorte que se har\u00e1. <\/p>\n\n\n\n<p class=\"wp-block-paragraph\">Avaladas por un conjunto de\norganizaciones sociales, defensoras de los pueblos ind\u00edgenas, mujeres de la\nacademia, instituciones acad\u00e9micas, y activistas, aseguran que el trabajo de\nlas CAMIS, de operaci\u00f3n tripartita -ind\u00edgenas, sociedad civil y &nbsp;apoyo econ\u00f3mico del gobierno- ha generado\nprobados beneficios que est\u00e1n evaluados, estudiados por organismos acad\u00e9micos\ncomo el CIDE y el Instituto de Salud P\u00fablica; son refugios para mujeres\nmaltratadas, &nbsp;casas aut\u00f3nomas, &nbsp;donde las mujeres ind\u00edgenas y afromexicanas,\ntrabajan con sus iguales, y que para desarrollarse o existir, necesitan cumplir\ncon un proyecto que es del gobierno federal, centrado en la salud sexual y\nreproductiva y la no violencia contra las mujeres.<\/p>\n\n\n\n<p class=\"wp-block-paragraph\">La carta a S\u00e1nchez Cordero\ntiene copia a las comisiones de igualdad del Congreso de la Uni\u00f3n, quienes\naprobaron el recurso, que no puede ser eliminado, tambi\u00e9n al director del INP,\npara su conocimiento a la presidenta del Instituto Nacional de las Mujeres, a\nla comisionada de CONAVIM, a la sociedad y a las mujeres. Lo firman m\u00e1s de 100\npersonas, organizaciones y responsables de las CAMIS.<\/p>\n\n\n\n<p class=\"wp-block-paragraph\">En la carta dicen que\ncomprenden la situaci\u00f3n cr\u00edtica por la que atraviesa nuestro pa\u00eds por la\npandemia de Covid 19 y reconocen las medidas que ha tenido que establecer el\ngobierno federal para atender la emergencia, pero se\u00f1alan que estos ajustes\nafectar\u00e1n gravemente un trabajo de largo alcance en momentos en que aument\u00f3 la\nviolencia contra las mujeres ind\u00edgenas y peligran miles de mujeres embarazadas\ny prontas a parir.<\/p>\n\n\n\n<p class=\"wp-block-paragraph\">Informan que la demanda del\nservicio de las casas ha ido en aumento, y, que por ahora no tienen recursos.\nSin embargo, siguen atendiendo a las mujeres, dando orientaciones y asesor\u00edas\nv\u00eda llamadas y audios la mayor\u00eda en lengua materna, algunas CAMIS est\u00e1n\natendiendo partos pues los Centros de Salud han priorizado la atenci\u00f3n de\nenfermedades del coronavirus y las mujeres tienen que acudir a las Casas de la\nMujer Ind\u00edgenas, por lo que es fundamental su financiamiento.<\/p>\n\n\n\n<p class=\"wp-block-paragraph\">Explican a S\u00e1nchez Cordero\nque en el contexto de la pandemia las CAMI pueden ser aliadas muy importantes\npara todas las pol\u00edticas de contenci\u00f3n y de atenci\u00f3n no s\u00f3lo a la pandemia si\nno tambi\u00e9n en sus efectos en la violencia contra las mujeres y ni\u00f1as ind\u00edgenas\ncomo puede ser en la detecci\u00f3n y acompa\u00f1amiento de los casos de violencia,\nincluso en la transmisi\u00f3n de mensajes en nuestras lenguas y contexto de\nprevenci\u00f3n e informaci\u00f3n sobre el COVID 19. <\/p>\n\n\n\n<p class=\"wp-block-paragraph\">Aclaran que se solidarizan\ncon las medidas que se est\u00e1n tomando\u201d pero tambi\u00e9n queremos&nbsp;&nbsp; insistir en nuestra petici\u00f3n para que en el\nconjunto de todas las medidas no se vulneren este tipo de experiencias \u201cque\ntantos a\u00f1os nos ha llevado construir de manera articulada entre las\norganizaciones de mujeres ind\u00edgenas, las instituciones de gobierno y la\nsociedad civil organizada\u201d.<\/p>\n\n\n\n<p class=\"wp-block-paragraph\">Un recorte dram\u00e1tico\nrepresentar\u00eda que las regiones donde trabajan las CAMIS se queden sin el apoyo\nnecesario. Las CAMIS est\u00e1n en para contener y disminuir los impactos de la\nviolencia que enfrentan las mujeres ind\u00edgenas.&nbsp;\nY no corresponde a la situaci\u00f3n ya que en todo el pa\u00eds la violencia\ncontra las mujeres se ha incrementado y esto tambi\u00e9n est\u00e1 repercutiendo en las\nregiones ind\u00edgenas.<\/p>\n\n\n\n<p class=\"wp-block-paragraph\">Pero adem\u00e1s en las CAMIS es\ndonde laboran parteras tradicionales y promotoras de salud que dan un gran\nsoporte a las mujeres, inadmisible. La red nacional de CAMIS ha escrito una\ncarta a gobernaci\u00f3n, ojal\u00e1 reviertan este desprop\u00f3sito.<\/p>\n\n\n\n<p class=\"wp-block-paragraph\"><strong>Qu\u00e9\nson las CAMIS<\/strong><\/p>\n\n\n\n<p class=\"wp-block-paragraph\">Forman parte de un programa\nque busca fortalecer las capacidades de los pueblos y las comunidades ind\u00edgenas\ny afromexicanas en el ejercicio de sus derechos, as\u00ed como los distintos\nelementos que constituyen su patrimonio cultural que reconoce importante dar\napoyo a mujeres ind\u00edgenas para alcanzar la igualdad de g\u00e9nero, y para el acceso\na la Atenci\u00f3n M\u00e9dica de Tercer Nivel.<\/p>\n\n\n\n<p class=\"wp-block-paragraph\">Dan servicios de atenci\u00f3n al\nParto (parteras tradicionales); estudios de Papanicolaou; acompa\u00f1amiento;\nprocuran traducci\u00f3n en casos legales, apoyo psicol\u00f3gico, legal y m\u00e9dico, adem\u00e1s\nde tareas de prevenci\u00f3n de la violencia y la salud; talleres de g\u00e9nero;\naprendizaje para las radios ind\u00edgenas y promoci\u00f3n de derechos humanos.<\/p>\n\n\n\n<p class=\"wp-block-paragraph\">Al medir su impacto, tras 17\na\u00f1os de trabajo se hall\u00f3 un mayor empoderamiento de las mujeres ind\u00edgenas, desarrollo\nde capacidades de las coordinadoras, atenci\u00f3n integral: salud, emocional y\nlegal y sobre todo reconocimiento como el \u00fanico lugar para la atenci\u00f3n de la\nviolencia con perspectiva de g\u00e9nero, as\u00ed como la promoci\u00f3n de los derechos\nsexuales y reproductivos, desarrollo de acciones contra la violencia y como \u00fanica\nreferencia oportuna de urgencias obst\u00e9tricas.<\/p>\n\n\n\n<p class=\"wp-block-paragraph\">Se trata de espacios donde\nmujeres ind\u00edgenas y afro mexicanas brindan atenci\u00f3n a otras mujeres, con\npertinencia cultural, perspectiva de g\u00e9nero y derechos humanos, para el\nejercicio de sus derechos y la atenci\u00f3n y prevenci\u00f3n de las violencias de\ng\u00e9nero, con un enfoque que incorpora la perspectiva de derechos humanos y\npertinencia cultural.<\/p>\n\n\n\n<p class=\"wp-block-paragraph\">Las Casas son operadas por\ngrupos integrados en su totalidad por mujeres ind\u00edgenas y\/o afro mexicanas\norganizadas, lo que les permite generar las condiciones para desarrollar sus\nacciones y orientaciones para la mejor vida de las ind\u00edgenas.<\/p>\n\n\n\n<p class=\"wp-block-paragraph\">Fueron creadas, tras\nreconocer las necesidades espec\u00edficas de las mujeres ind\u00edgenas, y se\nestablecieron en&nbsp; &nbsp;lugares donde las mujeres no ten\u00edan acceso a\nlos servicios de salud ni a la protecci\u00f3n institucional contra la violencia.\nLas casas forman parte del Programa de Derechos Ind\u00edgenas que se opera en el\nINPI.<\/p>\n\n\n\n<p class=\"wp-block-paragraph\">Apenas hace dos d\u00edas fueron\ninformadas del recorte, sin considerar que los subsidios que a\u00f1o con a\u00f1o se\norientan para el ejercicio de los derechos de los pueblos ind\u00edgenas. Sospechan\nque el presupuesto asignado desaparezca.&nbsp;\nY tienen temor de que al no llegar los recursos con los que trabajan a\u00f1o\ncon a\u00f1o, se vean afectados miles de ind\u00edgenas, de las zonas m\u00e1s pobres y\nmarginadas de M\u00e9xico.<\/p>\n\n\n\n<p class=\"wp-block-paragraph\">Su trabajo, aseguran no lo\nhace ninguna otra instituci\u00f3n, en regiones apartadas, donde s\u00f3lo existen las\nCAMIS.&nbsp;&nbsp; Por ello demandan que los\najustes no signifiquen el recorte total del presupuesto, pues esto\nrepresentar\u00eda quedar\u00edan en el abandono no las casas, sino las mujeres m\u00e1s\npobres de M\u00e9xico.<\/p>\n\n\n\n<p class=\"wp-block-paragraph\">Le dicen a la Secretaria de\nGobernaci\u00f3n que ella sabe que en todo el pa\u00eds la violencia contra las mujeres\nse ha incrementado y esto tambi\u00e9n est\u00e1 repercutiendo en las regiones ind\u00edgenas.\nSon alarmantes los datos que d\u00eda con d\u00eda se publican sobre los feminicidios en\nlos que tambi\u00e9n lamentablemente hay mujeres ind\u00edgenas. Especialmente en el\nmomento de la crisis y el confinamiento, donde se incrementan situaciones de\ntodos los tipos de violencia familiar que ponen en riesgo la vida de las\nmujeres.<\/p>\n\n\n\n<p class=\"wp-block-paragraph\">Reiteran que urgen los\nrecursos econ\u00f3micos que se deben destinar a las CAMIS y que han sido\nautorizados en el Presupuesto de Egresos de la Federaci\u00f3n para el presente a\u00f1o;\nque&nbsp; no se recorten en su totalidad y se\npuedan aplicar de manera inmediata, entendiendo que puede haber ajustes en el\nmonto, pero es urgente que se garantice que este recurso se asigne para\ncontinuar las actividades urgentes para atenuar la violencia que enfrentan las\nmujeres ind\u00edgenas.<\/p>\n\n\n\n<p class=\"wp-block-paragraph\">Representantes de la Red\nNacional de Casas de las Mujeres Ind\u00edgenas y el apoyo manifiesto de\norganizaciones, activistas e instancias acad\u00e9micas aliadas que conocen,\nrespaldan y acompa\u00f1an nuestro trabajo a lo largo de 17 a\u00f1os. Firman las\ncoordinadoras de todas las casas.<\/p>\n\n\n\n<p class=\"wp-block-paragraph\">Casa de la mujer&nbsp; ind\u00edgena \u201cMaseualsiuatkali\u201d&nbsp; de Cuetzalan del&nbsp; Progreso en Puebla, Ikoods Monduy Moni\u00fa\nAndeow de San Mateo del Mar y Naaxwiin&nbsp;\nde Matias Romero en Oaxaca, , Tooj Oolal Puksi\u00edk\u00e1l de Sih\u00f3, Yuc,&nbsp;&nbsp; Yankuil Sitlalkalli de Huejutla, Hidalgo,\nJuchari kumanchikua de P\u00e0tzcuaro y&nbsp; Mazot\nde Zitu\u00e1cuaro en Michoac\u00e1n, Casa de la mujer ind\u00edgena Xanay Xtachiwin\nLakchajan\u201d de Ixtepec Puebla, Cami La Paloma&nbsp;\nJu Wo kkow\u201d San Ignacio Cohuirimpo, Navojoa, Sonora, Ichikahualistli de\nZongolica, Veracruz, la Casa del Cerro del Carrizo de Acatepec, Zihualchikahua\nde Chilapa, Nelly s Palomo de San Luis Acatl\u00e1n y Manos Unidas de Ometepec en\nGuerrero, CAMI Snail Vetometic de Chalchihuitan Chiapas, Zihuakali en Monterrey\nNuevo Le\u00f3n, Vee Na Xihi de San Quint\u00edn y Donaji en Tijuana en Baja California,\nCami Tolim\u00e1n en Quer\u00e9taro con nuestra diversidad de lenguas desde el N\u00e1huat,\nMayo, Tlapaneca, Purhepecha, Maya,&nbsp;\nTotonaco,&nbsp; Tsotzil, Otom\u00ed, Mixe,\nHuave, Mazahua, Mixteco. <\/p>\n\n\n\n<p class=\"wp-block-paragraph\"><strong>Firman\nNelsy Marisela Kuy, Coordinadora de la Red y Mar\u00eda Ang\u00e9lica Rodr\u00edguez,\nAdministradora de la RED CAMI.<\/strong><\/p>\n\n\n\n<p class=\"wp-block-paragraph\">Marcan copia a: Arturo\nHerrera Guti\u00e9rrez. Titular de la Secretar\u00eda de Hacienda y Cr\u00e9dito P\u00fablico.&nbsp; Dra. Nadine Gasman. Titular del del Instituto\nNacional de las Mujeres.;. Alejandro Encinas Rodr\u00edguez. Titular de la\nSubsecretaria de Derechos Humanos, Poblaci\u00f3n y Migraci\u00f3n de la Secretar\u00eda de\nGobernaci\u00f3n; Ma. Candelaria Ochoa \u00c1vila. Titular de la CONAVIM; Wendy Brise\u00f1o\nZuloaga. presidenta de la comisi\u00f3n de Igualdad de G\u00e9nero LXIV Legislatura de la\nc\u00e1mara de Diputados, Martha Luc\u00eda Micher Camarena, presidenta de la Comisi\u00f3n\npara la Igualdad del Senado de la Rep\u00fablica, Adelfo Regino Montes. Director\nGeneral de Instituto Nacional de los Pueblos Ind\u00edgenas e Irma Pineda Santiago,\nrepresentante de los Pueblos Ind\u00edgenas el Foro Permanente sobre cuestiones\nind\u00edgenas de la Organizaci\u00f3n de las Naciones Unidas (ONU).<\/p>\n\n\n\n<p class=\"wp-block-paragraph\"><strong>Relaci\u00f3n\nde personas, organizaciones e instancias acad\u00e9micas que respaldan esta\npetici\u00f3n:<\/strong><\/p>\n\n\n\n<p class=\"wp-block-paragraph\">Asamblea Nacional Pol\u00edtica\nde Mujeres Ind\u00edgenas, Ddeser Ikoots A.C.,<\/p>\n\n\n\n<p class=\"wp-block-paragraph\">Red Nacional de Int\u00e9rpretes\ny Traductores de Lenguas Ind\u00edgenas (RNITLI), Red Internacional de prevenci\u00f3n y\natenci\u00f3n de la violencia familiar y sexual en la regi\u00f3n del Istmo de\nTehuantepec, Red de Abogadas Ind\u00edgenas, Grupo de mujeres 8 de marzo A.C., Radio\ncultural StipaGunaa 89.6FM, Coordinaci\u00f3n Interregional Feminista Rural,\nComaletzin, A.C., \u00d1epi Beh\u00f1a AC\/Coraz\u00f3n Verde AC, Hueyi Tonal Gimtrap A.C., Red\nNacional de Mujeres Ind\u00edgenas: Tejiendo Derechos por la Madre Tierra y\nTerritorio (RENAMITT), Agrupaci\u00f3n de Derechos Humanos Xochitepetl AC<\/p>\n\n\n\n<p class=\"wp-block-paragraph\">Coordinadora Nacional de\nMujeres Ind\u00edgenas (CONAMI), Red por los derechos sexuales y reproductivos\n(DDeser), Equis Justicia para las mujeres A.C, Observatorio Ciudadano Nacional\nde Violencia A.C, Ciencia Social Alternativa A.C KOKAY, Apis Sureste Fundaci\u00f3n\npara la equidad A.C, Mexfam, Beatriz Ramo Reyes Belegui L\u00f3pez Blass, Red\nNacional de Promotoras y Asesoras Rurales (RedPAR)<\/p>\n\n\n\n<p class=\"wp-block-paragraph\">Susana V\u00e1zquez Vidal,\nColectivo de mujeres por los Derechos humanos Yolpakilis A.C, Susana Mej\u00eda\nFlores, Red de Formadoras Kualinemilis A.C, Anita Hern\u00e1ndez Morales, Leticia\nReyes Ju\u00e1rez, Mar\u00eda Martha Cruz&nbsp; Mercado\nGonz\u00e1lez, Jessica Morales Mina, Grupo de Educaci\u00f3n Popular con Mujeres A.C\n(GEM), TOCHAN Nuestra casa A.C, Agencia Timomachtikan A.C,Cecilia Oyorzabal\nG\u00f3mez, Martha Casta\u00f1eda P\u00e9rez, Red Ind\u00edgena de Turismo (RITA), Kinal Antzetik\nA.C., Creando Soluciones para el Desarrollo Social y Humano AC, Centro de\nAsesor\u00eda para el Desarrollo Ind\u00edgena A.C., Yoltli A.C. ,CONSEJO DE MUJERES\nIND\u00cdGENAS EN EQUIDAD, AC, Dora Mar\u00eda \u00c1vila Betancourt<\/p>\n\n\n\n<p class=\"wp-block-paragraph\"><strong>Instancias\nacad\u00e9micas<\/strong><\/p>\n\n\n\n<p class=\"wp-block-paragraph\">Dra. Martha Patricia\nCasta\u00f1eda. Centro de Investigaciones Interdisciplinarias en Ciencias y\nHumanidades (CEIICH-UNAM), Dra. Beatriz G\u00f3mez Barrenechea. UdeG., Programa de\nInvestigaci\u00f3n Feminista. CEIICH-UNAM, Consejo Directivo del Colegio de\nEtn\u00f3logos y Antrop\u00f3logos Sociales, Centro de Estudios Interdisciplinarios de\nG\u00e9nero-UACM, L\u00ednea de Investigaci\u00f3n Violencias, G\u00e9neros, Sexualidades y\nMigraciones. CIESAS, Dra. Cathia Huerta Arellano. Coordinadora de G\u00e9nero UAQ,\nMichelle Villanueva Moreno. UAQ, Comisi\u00f3n de Antropolog\u00eda Feminista y de\nG\u00e9nero, Colegio de Etn\u00f3logos y Antrop\u00f3logos Sociales, A.C., Coordinaci\u00f3n\nGeneral de la Red Ciencia, Tecnolog\u00eda y G\u00e9nero, A.C., C\u00e1tedra Internacional\nMarcela Lagarde y de los R\u00edos, Dra. Eva Moya \u2013 UTEP, Dra. Silvia Ch\u00e1vez \u2013 UTEP,\nDr. Alfredo Limas \u2013 UACJ, Mar\u00eda Gracia Castillo Ram\u00edrez, Asociaci\u00f3n de docentes\njubilados INAH, Natalia Acu\u00f1a D\u00e1vila. Sociolog\u00eda, UDG, Dra. Dolores Figueroa\n(CIESAS), DRA. Paola Sesia. CIESAS PAC\u00cdFICO SUR, Dra. Lina Rosa Berr\u00edo Palomo,\nCIESAS PAC\u00cdFICO SUR<\/p>\n\n\n\n<p class=\"wp-block-paragraph\">Dra. Graciela Freyermut.\nCIESAS SURESTE, Dra. A\u00edda Hern\u00e1ndez. CIESAS CDMX, Dra. Rachel Sieder. CIESAS\nCDMX, Laura Montesi. CONACYT-CIESAS PAC\u00cdFICO SUR, M\u00f3nica Carrasco,\nCONACYT-CIESAS SURESTE, Guadalupe Ram\u00edrez. CONACYT- CIESAS SURESTE, Dra. Teresa\nSierra. CIESAS CDMX. <\/p>\n\n\n\n<p class=\"wp-block-paragraph\">Dra. Natalia de Marinis,\nCIESAS GOLFO<\/p>\n\n\n\n<p class=\"wp-block-paragraph\">SEM\/sl<\/p>\n","protected":false},"excerpt":{"rendered":"<p>Ya aument\u00f3 la violencia familiar  y las parteras salvan vidas a mujeres de pueblos originarios<\/p>\n","protected":false},"author":3,"featured_media":20029,"comment_status":"open","ping_status":"open","sticky":false,"template":"","format":"standard","meta":{"_monsterinsights_skip_tracking":false,"footnotes":""},"categories":[691,54],"tags":[],"class_list":["post-20028","post","type-post","status-publish","format-standard","has-post-thumbnail","category-691","category-mujeres"],"_links":{"self":[{"href":"https:\/\/redsemlac.com\/semmexico\/wp-json\/wp\/v2\/posts\/20028","targetHints":{"allow":["GET"]}}],"collection":[{"href":"https:\/\/redsemlac.com\/semmexico\/wp-json\/wp\/v2\/posts"}],"about":[{"href":"https:\/\/redsemlac.com\/semmexico\/wp-json\/wp\/v2\/types\/post"}],"author":[{"embeddable":true,"href":"https:\/\/redsemlac.com\/semmexico\/wp-json\/wp\/v2\/users\/3"}],"replies":[{"embeddable":true,"href":"https:\/\/redsemlac.com\/semmexico\/wp-json\/wp\/v2\/comments?post=20028"}],"version-history":[{"count":0,"href":"https:\/\/redsemlac.com\/semmexico\/wp-json\/wp\/v2\/posts\/20028\/revisions"}],"wp:featuredmedia":[{"embeddable":true,"href":"https:\/\/redsemlac.com\/semmexico\/wp-json\/wp\/v2\/media\/20029"}],"wp:attachment":[{"href":"https:\/\/redsemlac.com\/semmexico\/wp-json\/wp\/v2\/media?parent=20028"}],"wp:term":[{"taxonomy":"category","embeddable":true,"href":"https:\/\/redsemlac.com\/semmexico\/wp-json\/wp\/v2\/categories?post=20028"},{"taxonomy":"post_tag","embeddable":true,"href":"https:\/\/redsemlac.com\/semmexico\/wp-json\/wp\/v2\/tags?post=20028"}],"curies":[{"name":"wp","href":"https:\/\/api.w.org\/{rel}","templated":true}]}}